{"id":941,"date":"2013-08-11T22:06:21","date_gmt":"2013-08-11T19:06:21","guid":{"rendered":"http:\/\/www.tomirinne.net\/?p=941"},"modified":"2013-08-11T22:06:21","modified_gmt":"2013-08-11T19:06:21","slug":"elossa","status":"publish","type":"post","link":"http:\/\/www.tomirinne.fi\/?p=941","title":{"rendered":"Elossa"},"content":{"rendered":"<p>T\u00e4m\u00e4 viikko meni v\u00e4h\u00e4n passaillessa, sill\u00e4 lauantaina oli nimitt\u00e4in tarkoitus ottaa osaa kotikunnan Elojuoksun puolimaratonille. Alkuviikosta k\u00e4vin viel\u00e4 tekem\u00e4ss\u00e4 TaRu:n kanssa rauhallisen kolmetoistakilsasen ja keskiviikkona juoksin aamusta t\u00f6ihin (poiskin t\u00f6ist\u00e4 piti juosta, mutta rankkasade\u00a0sammutti iltap\u00e4iv\u00e4n\u00a0juoksukipin\u00e4n). Torstai ja perjantai olivatkin sitten t\u00e4yslepoa (lukuunottamatta ty\u00f6matkapy\u00f6r\u00e4ily\u00e4).<\/p>\n<p>Lauantain kisas\u00e4\u00e4 oli l\u00e4hes t\u00e4ydellinen, sill\u00e4 l\u00e4mp\u00f6\u00e4 oli 19 astetta, taivas pilvess\u00e4 ja tuulta vain pari metri\u00e4 sekunnissa (se tosin oli puolet matkasta vastaista). Kaiken kaikkiaan l\u00e4ht\u00f6viivalle oli vaivautunut satakunta juoksijaa, jossa\u00a0oli mukana sek\u00e4\u00a0puolikkaan\u00a0ett\u00e4 11,8 km:n menij\u00e4t. Tuo m\u00e4\u00e4r\u00e4 oli huomattavasti v\u00e4hemm\u00e4n kuin edellisin\u00e4 vuosina, ja syyn\u00e4 tuohon varmaankin on heikko tiedottaminen, sill\u00e4 Elojuoksun viimevuotisilla sivuilla on viel\u00e4kin ilmoitus ett\u00e4: &#8220;uudet vuoden 2013 ohjeet tulossa l\u00e4hiaikana&#8221; sek\u00e4 &#8220;j\u00e4rjestet\u00e4\u00e4n elokuussa, <i>tapahtumalla on uudet sivut, uusi osoite<\/i><i>:\u00a0\u00a0 ilmoitetaan heti kun tiedossa !&#8221; <\/i>Muutenkin j\u00e4rjestelyt tuntuivat v\u00e4h\u00e4n vasemmalla k\u00e4dell\u00e4 tehdyilt\u00e4 (pahoittelen kaikki vasenk\u00e4tiset). Muuta kaikki kuitenkin sujui ihan mukavasti. Reitti my\u00f6skin on nopea, joten senkin puolesta harmi, ettei monikaan ole l\u00f6yt\u00e4nyt t\u00e4t\u00e4 kisaa, sill\u00e4 enn\u00e4tyksi\u00e4 pystyisi t\u00e4ll\u00e4 reitill\u00e4 tekem\u00e4\u00e4n.<\/p>\n<p>Itsell\u00e4ni ei ollut mit\u00e4\u00e4n sen kummempia tavoitteita kisassa, mutta sovimme ty\u00f6kaverin kanssa, ett\u00e4 l\u00e4htisimme kokeilemaan puolentoista tunnin alitusta, joka olisi h\u00e4nen enn\u00e4tyksens\u00e4. Kilsavauhdiksi sovittiin siis 4:15 ja se sopi minullekin ihan mainiosti. Edellisest\u00e4 puolikkaastani oli aikaa jo yli kaksi vuotta ja pitk\u00e4 juoksutauko toi hieman ep\u00e4varmuutta pystyisink\u00f6 min\u00e4 pit\u00e4m\u00e4\u00e4n koko matkan tuota vauhtia. Kympin kovat treenit kuitenkin antoivat luottoa, ett\u00e4 tuohon vauhtiin voisin pysty\u00e4. Toinen huolenaihe oli vasemman jalan s\u00e4\u00e4ress\u00e4 vaivaava penikkatauti, joka oli vaivannut melkoisesti viime viikkojen aikana.<\/p>\n<p>Itse kisasta ei ole kovinkaan paljon kerrottavaa. L\u00e4hdimme juoksemaan sovittua vauhtia ja sit\u00e4 pystyimmekin pit\u00e4m\u00e4\u00e4n todella hyvin. Kilometriajat eiv\u00e4t montaa sekuntia heitt\u00e4neet tuosta, joten loppuaika oli my\u00f6s tavoiteltu, hieman alle 90 minuuttia. Vaikka Peetun enn\u00e4tys olikin etusijalla, niin olen tyytyv\u00e4inen my\u00f6s omaan suoritukseeni, sill\u00e4 se tuli tehty\u00e4 rennolla juoksulla eik\u00e4 ihan kaikkea tarvinnut laittaa peliin.\u00a0Siit\u00e4 kertoo my\u00f6s 156:n\u00a0keskisyke ja\u00a0170:n maksimisyke. My\u00f6sk\u00e4\u00e4n penikka ei vaivannut juoksun aikana.<\/p>\n<div id=\"attachment_944\" style=\"width: 310px\" class=\"wp-caption alignnone\"><a href=\"http:\/\/www.tomirinne.net\/wp-content\/uploads\/2013\/08\/Blogiin_110813_resize.jpg\"><img loading=\"lazy\" decoding=\"async\" aria-describedby=\"caption-attachment-944\" class=\"size-medium wp-image-944\" alt=\"Viikon kuva by Tuuli\" src=\"http:\/\/www.tomirinne.net\/wp-content\/uploads\/2013\/08\/Blogiin_110813_resize-300x200.jpg\" width=\"300\" height=\"200\" srcset=\"http:\/\/www.tomirinne.fi\/wp-content\/uploads\/2013\/08\/Blogiin_110813_resize-300x200.jpg 300w, http:\/\/www.tomirinne.fi\/wp-content\/uploads\/2013\/08\/Blogiin_110813_resize-768x512.jpg 768w, http:\/\/www.tomirinne.fi\/wp-content\/uploads\/2013\/08\/Blogiin_110813_resize.jpg 1024w\" sizes=\"auto, (max-width: 300px) 100vw, 300px\" \/><\/a><p id=\"caption-attachment-944\" class=\"wp-caption-text\">Viikon kuva by Tuuli<\/p><\/div>\n<p>Koirauutisia wuh, wuh&#8230;<\/p>\n<p>Tai t\u00e4ll\u00e4 kertaa ei oikein mit\u00e4\u00e4n uutisia ole, mutta v\u00e4h\u00e4n koirajuttua kuitenkin. Nimitt\u00e4in koiran kanssa juttelemisesta. Ennen koiran omistanista olen pit\u00e4nyt sellaisia ihmisi\u00e4 v\u00e4h\u00e4n kajahtaneina, jotka menn\u00e4 teputtaa koiransa kanssa ja juttelee sille v\u00e4h\u00e4n v\u00e4li\u00e4. Nyt nimitt\u00e4in kuulun itsekin\u00a0noiden kajahtaneiden joukkoon. Pihaa menn\u00e4\u00e4n ymp\u00e4ri ja juttu kulkee, tosin hieman yksipuolisesti. Sitten kun p\u00e4\u00e4st\u00e4\u00e4n enemm\u00e4n ihmisten ilmoille, niin pit\u00e4\u00e4 olla tarkkana, ettei kovin kummoisia juttutuokioita tule pidetty\u00e4.<\/p>\n<p>Samaan kastiin kuuluu my\u00f6s\u00a0kysymykset, joita koiralle tehd\u00e4\u00e4n. Esimerkiksi\u00a0kun tulen &#8220;kusetusreissulta&#8221; sis\u00e4\u00e4n, niin Tuuli kysyy Sisulta, ett\u00e4: &#8220;Tuliko Sisu sinulta kakka?&#8221; Kyll\u00e4 se olen min\u00e4, joka joutuu sanomaan, ett\u00e4 kyll\u00e4 j\u00f6\u00f6ti\u00e4 tuli niin, ett\u00e4 koko m\u00e4ki haisee, ja Sisu tyytyy vain jyrsim\u00e4\u00e4n sein\u00e4n kulmaa. &#8220;Wuh&#8221; voi tulla joskus vastaukseksi, mutta yleens\u00e4 tuo tarkoittaa, ett\u00e4 nyt olisi parempi saada ruokaa tai ovi auki heti. Kovin henkev\u00e4\u00e4 keskustelua tuosta ei synny.<\/p>\n<p>&nbsp;<\/p>\n","protected":false},"excerpt":{"rendered":"<p>T\u00e4m\u00e4 viikko meni v\u00e4h\u00e4n passaillessa, sill\u00e4 lauantaina oli nimitt\u00e4in tarkoitus ottaa osaa kotikunnan Elojuoksun puolimaratonille. Alkuviikosta k\u00e4vin viel\u00e4 tekem\u00e4ss\u00e4 TaRu:n kanssa rauhallisen kolmetoistakilsasen ja keskiviikkona juoksin aamusta t\u00f6ihin (poiskin t\u00f6ist\u00e4 piti juosta, mutta rankkasade\u00a0sammutti iltap\u00e4iv\u00e4n\u00a0juoksukipin\u00e4n). Torstai ja perjantai olivatkin sitten &hellip; <a href=\"http:\/\/www.tomirinne.fi\/?p=941\">Continue reading <span class=\"meta-nav\">&rarr;<\/span><\/a><\/p>\n","protected":false},"author":1,"featured_media":0,"comment_status":"open","ping_status":"open","sticky":false,"template":"","format":"standard","meta":{"footnotes":""},"categories":[6],"tags":[],"class_list":["post-941","post","type-post","status-publish","format-standard","hentry","category-treeniraportti"],"_links":{"self":[{"href":"http:\/\/www.tomirinne.fi\/index.php?rest_route=\/wp\/v2\/posts\/941","targetHints":{"allow":["GET"]}}],"collection":[{"href":"http:\/\/www.tomirinne.fi\/index.php?rest_route=\/wp\/v2\/posts"}],"about":[{"href":"http:\/\/www.tomirinne.fi\/index.php?rest_route=\/wp\/v2\/types\/post"}],"author":[{"embeddable":true,"href":"http:\/\/www.tomirinne.fi\/index.php?rest_route=\/wp\/v2\/users\/1"}],"replies":[{"embeddable":true,"href":"http:\/\/www.tomirinne.fi\/index.php?rest_route=%2Fwp%2Fv2%2Fcomments&post=941"}],"version-history":[{"count":0,"href":"http:\/\/www.tomirinne.fi\/index.php?rest_route=\/wp\/v2\/posts\/941\/revisions"}],"wp:attachment":[{"href":"http:\/\/www.tomirinne.fi\/index.php?rest_route=%2Fwp%2Fv2%2Fmedia&parent=941"}],"wp:term":[{"taxonomy":"category","embeddable":true,"href":"http:\/\/www.tomirinne.fi\/index.php?rest_route=%2Fwp%2Fv2%2Fcategories&post=941"},{"taxonomy":"post_tag","embeddable":true,"href":"http:\/\/www.tomirinne.fi\/index.php?rest_route=%2Fwp%2Fv2%2Ftags&post=941"}],"curies":[{"name":"wp","href":"https:\/\/api.w.org\/{rel}","templated":true}]}}