{"id":895,"date":"2013-06-02T21:16:48","date_gmt":"2013-06-02T18:16:48","guid":{"rendered":"http:\/\/www.tomirinne.net\/?p=895"},"modified":"2013-06-02T21:16:48","modified_gmt":"2013-06-02T18:16:48","slug":"aamutreeneja","status":"publish","type":"post","link":"http:\/\/www.tomirinne.fi\/?p=895","title":{"rendered":"Aamutreenej\u00e4"},"content":{"rendered":"<p>Kuluneella viikolla j\u00e4i salitreenien m\u00e4\u00e4r\u00e4 vain kahteen. Syyn\u00e4 moiseen ei ollut, ett\u00e4 lihakset alkaisivat hipomaan jo t\u00e4ydellisyytt\u00e4, vaan upeat aamut ovat houkutelleet pihalle. Kahtena aamuuna venytin ty\u00f6matkan puolentoista tunnin mittaiseksi, kun tein kierron Siuron ja Pinsi\u00f6n kautta. My\u00f6s lauantaiaamuna tein v\u00e4h\u00e4n pidemm\u00e4n py\u00f6r\u00e4ilyn (tosin lenkiksi sit\u00e4 ei voi kutsua, paremminkin siksakiksi). Alkuper\u00e4inen tavoite oli kiert\u00e4\u00e4 S\u00e4ij\u00e4n lenkki, mutta vesisade yll\u00e4tti kymmenen kilometrin kohdalla, joten k\u00e4\u00e4nnyin takaisin. Sade kuitenkin lakkasi, siisp\u00e4\u00a0suuntasin reittini kohti Nokiaa. En kuitenkaan uskaltanut l\u00e4hte\u00e4 kovin pitk\u00e4lle, sill\u00e4 vett\u00e4 tihutteli v\u00e4h\u00e4n v\u00e4li\u00e4 eik\u00e4 huvittanut kastua ihan l\u00e4pi m\u00e4r\u00e4ksi, jos oikein kunnon sade alkaisi. Kiertelin siis pitkin Nokian, L\u00e4nsi-Tampereen ja Yl\u00f6j\u00e4rven katuja sen verran, ett\u00e4 matkaa keryi noin 65 km.<\/p>\n<p>Kantap\u00e4\u00e4kin on ollut hyv\u00e4ss\u00e4 kunnossa.\u00a0Joskaan ei ihan niin kivuton, kuin edellislauantaina, jolloin se ei oireillut laisinkaan. Mutta kuitenkin paljon parempi, kuin ennen edellisviikon keskiviikon kortisonipiikki\u00e4. Tiistaina tein TaRu:n kanssa reippaahkon kympin lenkin ja\u00a0perjantaina juoksin ty\u00f6matkan sek\u00e4 aamulla ett\u00e4 illalla. Lauantaina k\u00e4vin tekem\u00e4ss\u00e4 my\u00f6s kympin saunalenkin. L\u00e4htiess\u00e4 ei ollut mit\u00e4\u00e4n tarkoitusta juosta reipasta vauhtia, mutta parin kilsan j\u00e4lkeen aloin kiihdytt\u00e4m\u00e4\u00e4n vautia ja jossain vaiheessa sitten p\u00e4\u00e4tin kokeilla koko kympin reipasta vauhtia, etenkin, kun jalka tuntui hyv\u00e4lt\u00e4. Kymppi meni hieman alle 43 minuutin, joten jonkinmoinen vauhtikest\u00e4vyys n\u00e4ytt\u00e4isi olevan\u00a0viel\u00e4 tallella.<\/p>\n<p>Pari suunnistustakin viikkoon mahtui. Keskiviikkona k\u00e4vin Noki-Rasteilla juoksemassa vitosen lenkin. Se sujui ihan mukavasti. Tosin vitosen reitti on luokiteltu helpoksi, ja se olikin melkoista polkujuoksua. My\u00f6s sunnuntaina kansallisissa,\u00a0V\u00e4in\u00e4nper\u00e4n\u00a0keskimatkalla rastit l\u00f6ytyiv\u00e4t, suunnistaja huomioiden, vallan mainiosti. Yht\u00e4\u00e4n isompaa virhett\u00e4 ei tullut tehty\u00e4, vaikka maasto oli melko pienipiirteist\u00e4 avokalliota. Hitaasta etenemisest\u00e4 on se hy\u00f6ty, ettei p\u00e4\u00e4se kovin nopeasti eksym\u00e4\u00e4nk\u00e4\u00e4n. Mutta sain min\u00e4 kuusi henkil\u00f6\u00e4 taksenikin j\u00e4tetty\u00e4.<\/p>\n<p>Viikon illat ovat olleet melko helteisin ja sama n\u00e4ytt\u00e4isi jatkuvan ensi viikollakin. T\u00e4m\u00e4 taitaa tarkoittaa sit\u00e4, ett\u00e4 aamureenejen suosimist\u00e4 pit\u00e4\u00e4 jatkaa. Sunnuntaina olisi vuorossa Pirkan Py\u00f6r\u00e4ily, joten toivottavasti ainakin silloin olisi poutainen s\u00e4\u00e4, muuten kyll\u00e4 sade alkaisi kelpaamaan.<\/p>\n<div id=\"attachment_897\" style=\"width: 310px\" class=\"wp-caption alignnone\"><a href=\"http:\/\/www.tomirinne.net\/wp-content\/uploads\/2013\/06\/IMG_0529.jpg\"><img loading=\"lazy\" decoding=\"async\" aria-describedby=\"caption-attachment-897\" class=\"size-medium wp-image-897\" alt=\"Viikon kuva by Tuuli\" src=\"http:\/\/www.tomirinne.net\/wp-content\/uploads\/2013\/06\/IMG_0529-300x200.jpg\" width=\"300\" height=\"200\" srcset=\"http:\/\/www.tomirinne.fi\/wp-content\/uploads\/2013\/06\/IMG_0529-300x200.jpg 300w, http:\/\/www.tomirinne.fi\/wp-content\/uploads\/2013\/06\/IMG_0529-1024x683.jpg 1024w, http:\/\/www.tomirinne.fi\/wp-content\/uploads\/2013\/06\/IMG_0529-768x512.jpg 768w, http:\/\/www.tomirinne.fi\/wp-content\/uploads\/2013\/06\/IMG_0529-1536x1024.jpg 1536w, http:\/\/www.tomirinne.fi\/wp-content\/uploads\/2013\/06\/IMG_0529-2048x1365.jpg 2048w, http:\/\/www.tomirinne.fi\/wp-content\/uploads\/2013\/06\/IMG_0529-1568x1045.jpg 1568w\" sizes=\"auto, (max-width: 300px) 100vw, 300px\" \/><\/a><p id=\"caption-attachment-897\" class=\"wp-caption-text\">Viikon kuva by Tuuli<\/p><\/div>\n","protected":false},"excerpt":{"rendered":"<p>Kuluneella viikolla j\u00e4i salitreenien m\u00e4\u00e4r\u00e4 vain kahteen. Syyn\u00e4 moiseen ei ollut, ett\u00e4 lihakset alkaisivat hipomaan jo t\u00e4ydellisyytt\u00e4, vaan upeat aamut ovat houkutelleet pihalle. Kahtena aamuuna venytin ty\u00f6matkan puolentoista tunnin mittaiseksi, kun tein kierron Siuron ja Pinsi\u00f6n kautta. My\u00f6s lauantaiaamuna tein &hellip; <a href=\"http:\/\/www.tomirinne.fi\/?p=895\">Continue reading <span class=\"meta-nav\">&rarr;<\/span><\/a><\/p>\n","protected":false},"author":1,"featured_media":0,"comment_status":"open","ping_status":"open","sticky":false,"template":"","format":"standard","meta":{"footnotes":""},"categories":[6],"tags":[],"class_list":["post-895","post","type-post","status-publish","format-standard","hentry","category-treeniraportti"],"_links":{"self":[{"href":"http:\/\/www.tomirinne.fi\/index.php?rest_route=\/wp\/v2\/posts\/895","targetHints":{"allow":["GET"]}}],"collection":[{"href":"http:\/\/www.tomirinne.fi\/index.php?rest_route=\/wp\/v2\/posts"}],"about":[{"href":"http:\/\/www.tomirinne.fi\/index.php?rest_route=\/wp\/v2\/types\/post"}],"author":[{"embeddable":true,"href":"http:\/\/www.tomirinne.fi\/index.php?rest_route=\/wp\/v2\/users\/1"}],"replies":[{"embeddable":true,"href":"http:\/\/www.tomirinne.fi\/index.php?rest_route=%2Fwp%2Fv2%2Fcomments&post=895"}],"version-history":[{"count":0,"href":"http:\/\/www.tomirinne.fi\/index.php?rest_route=\/wp\/v2\/posts\/895\/revisions"}],"wp:attachment":[{"href":"http:\/\/www.tomirinne.fi\/index.php?rest_route=%2Fwp%2Fv2%2Fmedia&parent=895"}],"wp:term":[{"taxonomy":"category","embeddable":true,"href":"http:\/\/www.tomirinne.fi\/index.php?rest_route=%2Fwp%2Fv2%2Fcategories&post=895"},{"taxonomy":"post_tag","embeddable":true,"href":"http:\/\/www.tomirinne.fi\/index.php?rest_route=%2Fwp%2Fv2%2Ftags&post=895"}],"curies":[{"name":"wp","href":"https:\/\/api.w.org\/{rel}","templated":true}]}}