{"id":888,"date":"2013-05-26T08:10:57","date_gmt":"2013-05-26T05:10:57","guid":{"rendered":"http:\/\/www.tomirinne.net\/?p=888"},"modified":"2013-05-26T08:10:57","modified_gmt":"2013-05-26T05:10:57","slug":"piikki-ja-puremia","status":"publish","type":"post","link":"http:\/\/www.tomirinne.fi\/?p=888","title":{"rendered":"Piikki ja puremia"},"content":{"rendered":"<p>Onpas outo aika p\u00e4ivitt\u00e4\u00e4 blogia. Kello ei ole viel\u00e4 sunnuntaina\u00a0aamulla seitsem\u00e4\u00e4k\u00e4\u00e4n ja n\u00e4pp\u00e4imist\u00f6\u00e4 paukutetaan jo ihan tosissaan. Viime viikolla ei p\u00e4ivityst\u00e4 tullutkaan, sill\u00e4 kaikki ehtoot meni pihahommissa, kun ulkona oli niin komeat kelit. Nyt p\u00e4ivityksen voi tehd\u00e4 jo n\u00e4in aamusta, sill\u00e4 t\u00e4lle p\u00e4iv\u00e4lle ei treeni\u00e4 ehdi tullakaan,\u00a0nimitt\u00e4in p\u00e4iv\u00e4ll\u00e4 pit\u00e4isi k\u00e4yd\u00e4 Jyv\u00e4skyl\u00e4ss\u00e4 katsomassa nelj\u00e4viikkoista ja illalla tuossa l\u00e4hist\u00f6ll\u00e4 92 vuotiasta.<\/p>\n<p>Siin\u00e4 k\u00e4vi sitten niin kuin v\u00e4h\u00e4n pelk\u00e4sinkin. Ahneella on tunnettu loppunsa. Pari viikkoa sitten kaikki oli viel\u00e4 niin hienoa ja upeaa, kun p\u00e4\u00e4si k\u00e4ym\u00e4\u00e4n suunnistuskisoissa, ja juoksin jopa samana p\u00e4iv\u00e4n\u00e4 t\u00f6ihin ja t\u00f6ist\u00e4 kotiin. Kantap\u00e4\u00e4 oli jo kyll\u00e4 aiemminkin antanut v\u00e4h\u00e4n lis\u00e4\u00e4ntyneen kipuilun merkkej\u00e4, mutta nyt se alkoi sitten tuntumaan melkein koko lenkin ajan ja normaalissa k\u00e4velyss\u00e4kin. Sille tuli sittenkin liikaa rasitusta liian \u00e4kki\u00e4.<\/p>\n<p>P\u00e4\u00e4tin harventaa juoksukertoja ja lis\u00e4t\u00e4 py\u00f6r\u00e4ily\u00e4, kun kerran Pirkan Py\u00f6r\u00e4ilyynkin tuli taas ilmoittauduttua. M\u00f6kilt\u00e4 py\u00f6r\u00e4ilin viikko sitten kotiin ja pari kertaa olen\u00a0tullut t\u00f6ist\u00e4 Siuron kautan kotiin (josta\u00a0tulee matkaa\u00a0maratonin verran). Kantap\u00e4\u00e4n kipu alkoi kuitenkin tuntumaan jo py\u00f6r\u00e4ilykeng\u00e4ss\u00e4kin, joten aloin taas selailemaan Koskiklinikan l\u00e4\u00e4k\u00e4riluetteloa ja varauskirjaa.<\/p>\n<p>Viime keskiviikkona sitten k\u00e4vin tekem\u00e4ss\u00e4 sen, mink\u00e4 olin luvannut itselleni\u00a0j\u00e4tt\u00e4\u00e4 tekem\u00e4tt\u00e4 en\u00e4\u00e4 milloinkaan. Eli taas lyk\u00e4ttiin yksi ampulli kortisonia jalkaan. Seuraavana p\u00e4iv\u00e4n\u00e4 alkoi jo huomaamaan, ettei normaali k\u00e4vely en\u00e4\u00e4 tuntunut kantap\u00e4\u00e4ss\u00e4 kovinkaan pahalta.\u00a0Lauantaiaamuna, kun hypp\u00e4sin s\u00e4ngyst\u00e4 yl\u00f6s, niin ihmetys oli suuri, kun nilkka ei ollut j\u00e4ykk\u00e4 laisinkaan. Heti p\u00e4iv\u00e4n\u00a0ensiaskelista l\u00e4htien pystyi k\u00e4velem\u00e4\u00e4n normaalisti, ilman kipuja. Enp\u00e4\u00a0muista milloin tuollainen tilanne olisi viimeksi ollut.<\/p>\n<p>Lauantai-iltana piti p\u00e4\u00e4st\u00e4 sitten testaamaan jalan kestoa ihan juoksulenkill\u00e4. Vajaan 9 km:n lenkin tein ilman mink\u00e4\u00e4nlaisia tuntemuksia kantap\u00e4\u00e4ss\u00e4.\u00a0Noin kivutonta lenkki\u00e4 en ole tehnyt varmaan\u00a0ziljoonaan vuoteen. Jalan kunto seuraavana aamuna oli sitten seuraava\u00a0tarkkailun paikka. Mutta t\u00e4n\u00e4kin aamuna p\u00e4\u00e4si k\u00e4velem\u00e4\u00e4n ihan normaalisi heti s\u00e4ngyst\u00e4 noustuani. T\u00e4ss\u00e4h\u00e4n alkaa olla siis toivoa, ett\u00e4 tuo jalka voisi tulla joskus viel\u00e4 jopa\u00a0ihan kuntoon.<\/p>\n<p>Toinen alkuviikolla tuskia tuottava aihe oli edellisen viikonlopun itikat. M\u00f6kill\u00e4 tuli kaivettua yht\u00e4 kantoa maasta shortseissa ja crokseissa. Jotain pirun m\u00e4k\u00e4ri\u00e4 siin\u00e4 jaloissa koko ajan py\u00f6ri ja ne p\u00e4\u00e4si sy\u00f6m\u00e4\u00e4n jalat melkoisille paukuroille. Sunnuntai meni viel\u00e4 ihan ok, mutta seuraava y\u00f6 ja maanantain ty\u00f6p\u00e4iv\u00e4 olivatkin sitten melko tuskaa. Jalkoja kutisi niin, ett\u00e4 hulluksi meinasi tulla. T\u00f6iden j\u00e4lkeen sain onneksi apteekista helpotusta tuskiini, mutta viel\u00e4 tiistaina meinasi lenkki j\u00e4\u00e4d\u00e4 kesken, kun nilkkoja kutisi niin, ettei juoksusta meinannut tulla mit\u00e4\u00e4n. Kaikkea sit\u00e4 joutuukin t\u00e4ss\u00e4 maailmassa kest\u00e4m\u00e4\u00e4nkin.<\/p>\n<p>Ao. kuva on S\u00e4rk\u00e4nniemen Koiram\u00e4en puistosta. Lauantaina tuli poikettua siell\u00e4kin, kun olimme S\u00e4rk\u00e4nniemi-suunnistuksen talkoissa. On kyll\u00e4 saatu Koiram\u00e4ki tosi hienoksi. Suosittelen siell\u00e4 k\u00e4ynti\u00e4.<\/p>\n<div id=\"attachment_891\" style=\"width: 310px\" class=\"wp-caption alignnone\"><a href=\"http:\/\/www.tomirinne.net\/wp-content\/uploads\/2013\/05\/IMG_04461.jpg\"><img loading=\"lazy\" decoding=\"async\" aria-describedby=\"caption-attachment-891\" class=\"size-medium wp-image-891\" alt=\"Viikon kuva by Tuuli\" src=\"http:\/\/www.tomirinne.net\/wp-content\/uploads\/2013\/05\/IMG_04461-300x200.jpg\" width=\"300\" height=\"200\" srcset=\"http:\/\/www.tomirinne.fi\/wp-content\/uploads\/2013\/05\/IMG_04461-300x200.jpg 300w, http:\/\/www.tomirinne.fi\/wp-content\/uploads\/2013\/05\/IMG_04461-1024x683.jpg 1024w, http:\/\/www.tomirinne.fi\/wp-content\/uploads\/2013\/05\/IMG_04461-768x512.jpg 768w, http:\/\/www.tomirinne.fi\/wp-content\/uploads\/2013\/05\/IMG_04461-1536x1024.jpg 1536w, http:\/\/www.tomirinne.fi\/wp-content\/uploads\/2013\/05\/IMG_04461-2048x1365.jpg 2048w, http:\/\/www.tomirinne.fi\/wp-content\/uploads\/2013\/05\/IMG_04461-1568x1045.jpg 1568w\" sizes=\"auto, (max-width: 300px) 100vw, 300px\" \/><\/a><p id=\"caption-attachment-891\" class=\"wp-caption-text\">Viikon kuva by Tuuli<\/p><\/div>\n","protected":false},"excerpt":{"rendered":"<p>Onpas outo aika p\u00e4ivitt\u00e4\u00e4 blogia. Kello ei ole viel\u00e4 sunnuntaina\u00a0aamulla seitsem\u00e4\u00e4k\u00e4\u00e4n ja n\u00e4pp\u00e4imist\u00f6\u00e4 paukutetaan jo ihan tosissaan. Viime viikolla ei p\u00e4ivityst\u00e4 tullutkaan, sill\u00e4 kaikki ehtoot meni pihahommissa, kun ulkona oli niin komeat kelit. Nyt p\u00e4ivityksen voi tehd\u00e4 jo n\u00e4in aamusta, &hellip; <a href=\"http:\/\/www.tomirinne.fi\/?p=888\">Continue reading <span class=\"meta-nav\">&rarr;<\/span><\/a><\/p>\n","protected":false},"author":1,"featured_media":0,"comment_status":"open","ping_status":"open","sticky":false,"template":"","format":"standard","meta":{"footnotes":""},"categories":[6],"tags":[],"class_list":["post-888","post","type-post","status-publish","format-standard","hentry","category-treeniraportti"],"_links":{"self":[{"href":"http:\/\/www.tomirinne.fi\/index.php?rest_route=\/wp\/v2\/posts\/888","targetHints":{"allow":["GET"]}}],"collection":[{"href":"http:\/\/www.tomirinne.fi\/index.php?rest_route=\/wp\/v2\/posts"}],"about":[{"href":"http:\/\/www.tomirinne.fi\/index.php?rest_route=\/wp\/v2\/types\/post"}],"author":[{"embeddable":true,"href":"http:\/\/www.tomirinne.fi\/index.php?rest_route=\/wp\/v2\/users\/1"}],"replies":[{"embeddable":true,"href":"http:\/\/www.tomirinne.fi\/index.php?rest_route=%2Fwp%2Fv2%2Fcomments&post=888"}],"version-history":[{"count":0,"href":"http:\/\/www.tomirinne.fi\/index.php?rest_route=\/wp\/v2\/posts\/888\/revisions"}],"wp:attachment":[{"href":"http:\/\/www.tomirinne.fi\/index.php?rest_route=%2Fwp%2Fv2%2Fmedia&parent=888"}],"wp:term":[{"taxonomy":"category","embeddable":true,"href":"http:\/\/www.tomirinne.fi\/index.php?rest_route=%2Fwp%2Fv2%2Fcategories&post=888"},{"taxonomy":"post_tag","embeddable":true,"href":"http:\/\/www.tomirinne.fi\/index.php?rest_route=%2Fwp%2Fv2%2Ftags&post=888"}],"curies":[{"name":"wp","href":"https:\/\/api.w.org\/{rel}","templated":true}]}}