{"id":871,"date":"2013-05-06T21:03:46","date_gmt":"2013-05-06T18:03:46","guid":{"rendered":"http:\/\/www.tomirinne.net\/?p=871"},"modified":"2013-05-06T21:03:46","modified_gmt":"2013-05-06T18:03:46","slug":"kinder-viikko","status":"publish","type":"post","link":"http:\/\/www.tomirinne.fi\/?p=871","title":{"rendered":"Kinder-viikko"},"content":{"rendered":"<p>T\u00e4m\u00e4n vuoden vappuviikko oli yht\u00e4 kinderi\u00e4. Vapun vuoksi viikkoon mahtui kaksi perjantaita, kaksi lauantaita ja yksi sunnuntai, joten herkuttelut p\u00e4\u00e4siv\u00e4t v\u00e4h\u00e4n lipeem\u00e4\u00e4n lapasesta. Kinderiin kuuluu my\u00f6s yll\u00e4tys ja sellainenkin viikkoon mahtui, mutta siit\u00e4 my\u00f6hemmin\u00a0v\u00e4h\u00e4n enemm\u00e4n.<\/p>\n<p>Kuun vaihtumisen kunniaksi juoksulenkkien pituuksia venytettiin v\u00e4h\u00e4sen. Nelj\u00e4\u00a0juoksua tuli tehty\u00e4\u00a0ja yhteens\u00e4 kilsoja kertyi 44 kpl. Enemm\u00e4n juoksukilsoja viikon aikana on viimeksi tullut viime vuoden viikolla 11. My\u00f6s pisin lenkki, niin ajallisesti kuin matkallisestikin, yli kolmeentoista kuukauteen tuli tehty\u00e4 lauantaina, kun juoksin vajaan 14 km\u00a0\/ 1:06. Nyt pit\u00e4\u00e4kin kuunnella hieman tarkempaan, ett\u00e4 ottiko tuo kantap\u00e4\u00e4 normaalia enemm\u00e4n nokkiinsa tuollaisesta viikosta. Jos ei, niin sama tahti jatkukoot.<\/p>\n<p>Suunnistuskausikin tuli t\u00e4n\u00e4\u00e4n maanantaina avattua. Viimeiset 19 kuukautta onkin harjoitusp\u00e4iv\u00e4kirjan suunnistussarake\u00a0n\u00e4ytt\u00e4nyt nollaa. Tosin kyll\u00e4 min\u00e4 muistaakseni viime kes\u00e4n\u00e4 muutaman kerran olin kartta k\u00e4dess\u00e4 mets\u00e4ss\u00e4, mutta ne kerrat k\u00e4veltiin ja emitti oli j\u00e4tetty suosiolla kotiin. T\u00e4n\u00e4\u00e4n Kaupissa olleilla\u00a0iltarasteilla oli melkoinen meininki jo heti klo 17, kun saavuimme paikalle. Tuntia my\u00f6hemmin kun l\u00e4hdimme pois, oli\u00a0iltarastipaikalle johtava tie ihan tukossa, kun porukkaa tuli paikalle aina vaan enemm\u00e4n. Enp\u00e4 ole ennen n\u00e4hnyt moista osallistumisintoa iltarasteilla.\u00a0Mahtoivatko kartat loppua kesken?\u00a0Onneksi p\u00e4\u00e4simme pois alta ennen suurinta ryysist\u00e4. Syyn\u00e4 nastareiden jalkaan repimiseen oli, ett\u00e4 pit\u00e4\u00e4h\u00e4n sit\u00e4\u00a0kerran k\u00e4yd\u00e4 kokeilemassa kompassin toimivuutta\u00a0ennen ensi viikonlopun kisoja. Tampere Gamesien keskimatkalta onkin tiedossa varmaan mahtava suoritus.<\/p>\n<p>Sitten viikon yll\u00e4tykseen. Oikeastaan ei se ihan t\u00e4ydellinen yll\u00e4tys ollut, sill\u00e4 kerrankin p\u00e4k\u00f6p\u00e4isyydest\u00e4 oli hy\u00f6ty\u00e4 ja minulle jouduttiin kertomaan, miksi lauantaina ehdottomasti piti Alastarolle menn\u00e4. Toisaalta kyll\u00e4h\u00e4n sekin on tiedossa, ett\u00e4 Kinderist\u00e4 l\u00f6ytyy yll\u00e4tys, sis\u00e4lt\u00f6 vain ei ole\u00a0tiedossa.<\/p>\n<p>My\u00f6s toinen asia yll\u00e4tyksest\u00e4 oli sen j\u00e4lkeen selv\u00e4, kun tietoon tuli, ett\u00e4 j\u00e4rjest\u00e4jin\u00e4 oli rakkaat yst\u00e4v\u00e4ni. Nimitt\u00e4in se, ett\u00e4 tipaton vuosi tulee vihdoinkin p\u00e4\u00e4ttym\u00e4\u00e4n. Paikka, osanottajat ja ohjelma j\u00e4\u00e4k\u00f6\u00f6n kertomatta, jottei tule mit\u00e4\u00e4n tekij\u00e4noikeus, turvallisuus\u00a0tms. j\u00e4lkipeliselvityksi\u00e4. Mutta kivaa oli, ja juomaa, ruokaa ja ohjelmaa riitti. T\u00e4st\u00e4 suuri kiitos ja kumarrus jokaiselle j\u00e4rjestelyihin osallistuneelle henkil\u00f6lle sek\u00e4 muille paikallishallinnollisille yksik\u00f6ille.<\/p>\n<div id=\"attachment_876\" style=\"width: 310px\" class=\"wp-caption alignnone\"><a href=\"http:\/\/www.tomirinne.net\/wp-content\/uploads\/2013\/05\/IMG_0234.jpg\"><img loading=\"lazy\" decoding=\"async\" aria-describedby=\"caption-attachment-876\" class=\"size-medium wp-image-876\" alt=\"J\u00e4niskevennys vai -pelote\" src=\"http:\/\/www.tomirinne.net\/wp-content\/uploads\/2013\/05\/IMG_0234-300x200.jpg\" width=\"300\" height=\"200\" srcset=\"http:\/\/www.tomirinne.fi\/wp-content\/uploads\/2013\/05\/IMG_0234-300x200.jpg 300w, http:\/\/www.tomirinne.fi\/wp-content\/uploads\/2013\/05\/IMG_0234-1024x683.jpg 1024w, http:\/\/www.tomirinne.fi\/wp-content\/uploads\/2013\/05\/IMG_0234-768x512.jpg 768w, http:\/\/www.tomirinne.fi\/wp-content\/uploads\/2013\/05\/IMG_0234-1536x1024.jpg 1536w, http:\/\/www.tomirinne.fi\/wp-content\/uploads\/2013\/05\/IMG_0234-2048x1365.jpg 2048w, http:\/\/www.tomirinne.fi\/wp-content\/uploads\/2013\/05\/IMG_0234-1568x1045.jpg 1568w\" sizes=\"auto, (max-width: 300px) 100vw, 300px\" \/><\/a><p id=\"caption-attachment-876\" class=\"wp-caption-text\">J\u00e4niskevennys vai -pelote<\/p><\/div>\n","protected":false},"excerpt":{"rendered":"<p>T\u00e4m\u00e4n vuoden vappuviikko oli yht\u00e4 kinderi\u00e4. Vapun vuoksi viikkoon mahtui kaksi perjantaita, kaksi lauantaita ja yksi sunnuntai, joten herkuttelut p\u00e4\u00e4siv\u00e4t v\u00e4h\u00e4n lipeem\u00e4\u00e4n lapasesta. Kinderiin kuuluu my\u00f6s yll\u00e4tys ja sellainenkin viikkoon mahtui, mutta siit\u00e4 my\u00f6hemmin\u00a0v\u00e4h\u00e4n enemm\u00e4n. Kuun vaihtumisen kunniaksi juoksulenkkien pituuksia &hellip; <a href=\"http:\/\/www.tomirinne.fi\/?p=871\">Continue reading <span class=\"meta-nav\">&rarr;<\/span><\/a><\/p>\n","protected":false},"author":1,"featured_media":0,"comment_status":"open","ping_status":"open","sticky":false,"template":"","format":"standard","meta":{"footnotes":""},"categories":[6],"tags":[],"class_list":["post-871","post","type-post","status-publish","format-standard","hentry","category-treeniraportti"],"_links":{"self":[{"href":"http:\/\/www.tomirinne.fi\/index.php?rest_route=\/wp\/v2\/posts\/871","targetHints":{"allow":["GET"]}}],"collection":[{"href":"http:\/\/www.tomirinne.fi\/index.php?rest_route=\/wp\/v2\/posts"}],"about":[{"href":"http:\/\/www.tomirinne.fi\/index.php?rest_route=\/wp\/v2\/types\/post"}],"author":[{"embeddable":true,"href":"http:\/\/www.tomirinne.fi\/index.php?rest_route=\/wp\/v2\/users\/1"}],"replies":[{"embeddable":true,"href":"http:\/\/www.tomirinne.fi\/index.php?rest_route=%2Fwp%2Fv2%2Fcomments&post=871"}],"version-history":[{"count":0,"href":"http:\/\/www.tomirinne.fi\/index.php?rest_route=\/wp\/v2\/posts\/871\/revisions"}],"wp:attachment":[{"href":"http:\/\/www.tomirinne.fi\/index.php?rest_route=%2Fwp%2Fv2%2Fmedia&parent=871"}],"wp:term":[{"taxonomy":"category","embeddable":true,"href":"http:\/\/www.tomirinne.fi\/index.php?rest_route=%2Fwp%2Fv2%2Fcategories&post=871"},{"taxonomy":"post_tag","embeddable":true,"href":"http:\/\/www.tomirinne.fi\/index.php?rest_route=%2Fwp%2Fv2%2Ftags&post=871"}],"curies":[{"name":"wp","href":"https:\/\/api.w.org\/{rel}","templated":true}]}}