{"id":849,"date":"2013-04-21T20:48:14","date_gmt":"2013-04-21T17:48:14","guid":{"rendered":"http:\/\/www.tomirinne.net\/?p=849"},"modified":"2013-04-21T20:48:14","modified_gmt":"2013-04-21T17:48:14","slug":"face-lift","status":"publish","type":"post","link":"http:\/\/www.tomirinne.fi\/?p=849","title":{"rendered":"Face lift"},"content":{"rendered":"<p>Kev\u00e4\u00e4n kunniaksi tein pient\u00e4 ulkon\u00e4\u00f6n muokkausta. En siis itselleni vaan blogisivuilleni. Nyt on tarjolla uudet hienot sosiaaliset nappulatkin. Tosin LinkedIn:ss\u00e4 n\u00e4ytt\u00e4\u00e4 olevan viel\u00e4 vanha ty\u00f6paikka, eli se vaatii ainakin p\u00e4ivityst\u00e4. Twitteriss\u00e4 en juurikaan k\u00e4y ja Facebook-p\u00e4ivityksetkin ovat viimeaikoina v\u00e4hentyneet. Mutta nuo ovat nyt tarjolla, jos jotain sattuu kiinnostamaan. Toinen uutuus sivuilla on viikon kuva by Tuuli.<\/p>\n<p>V\u00e4ltty\u00e4ksemme suuremmilta v\u00e4\u00e4rink\u00e4sityksilt\u00e4, niin pit\u00e4\u00e4 hieman tarkentaa viime viikkoista oluen tuhoamistani. Ensinn\u00e4kin niit\u00e4 oli seitsem\u00e4n, ei kuusi. Minulle on muodostunut alkoholiongelma ja t\u00e4st\u00e4 syyt\u00e4 ajauduin alkoholin v\u00e4\u00e4rink\u00e4ytt\u00e4j\u00e4ksi. Toisin sanoen, olutta ei ole kulunut viime aikoina, joten seitsem\u00e4n pulloa jouduin kaatamaan vessanp\u00f6ntt\u00f6\u00f6n. T\u00e4t\u00e4 tarkoitin oluiden tuhoamisella. Tipaton 2013 jatkuu siis edelleen.<\/p>\n<p>Reenipuolella ei t\u00e4ll\u00e4 viikolla ole tapahtunut\u00a0mit\u00e4\u00e4n ihmeellist\u00e4. Tiistaina ja keskiviikkona oli ohjelmassa ty\u00f6matkajuoksut. Hieman takapakkia juoksenteluun kyll\u00e4 t\u00e4ll\u00e4 viikolla tuli, sill\u00e4 keskiviikon lenkin j\u00e4lkeen alkoi kantap\u00e4\u00e4 kipuilemaan taas hieman enemm\u00e4n, joten j\u00e4tin perjantain juoksulenkin v\u00e4liin. Lauantaina kantap\u00e4\u00e4 ei tuntunut yht\u00e4\u00e4n sen paremmalta, mutta p\u00e4\u00e4tin kuitenkin\u00a0k\u00e4yd\u00e4 ennen m\u00f6kkisaunaa kokeilemassa kantap\u00e4\u00e4n mielentilaa. Hieman yll\u00e4tt\u00e4v\u00e4\u00e4 oli, ettei se tuntunut juostessa laisinkaan kipe\u00e4lt\u00e4, joten teinkin sitten 9 km lenkin.<\/p>\n<p><a href=\"http:\/\/www.tomirinne.net\/wp-content\/uploads\/2013\/04\/IMG_0097.jpg\"><img loading=\"lazy\" decoding=\"async\" class=\"alignnone size-medium wp-image-852\" alt=\"M\u00f6kilt\u00e4 kotiin\" src=\"http:\/\/www.tomirinne.net\/wp-content\/uploads\/2013\/04\/IMG_0097-300x200.jpg\" width=\"300\" height=\"200\" srcset=\"http:\/\/www.tomirinne.fi\/wp-content\/uploads\/2013\/04\/IMG_0097-300x200.jpg 300w, http:\/\/www.tomirinne.fi\/wp-content\/uploads\/2013\/04\/IMG_0097-1024x683.jpg 1024w, http:\/\/www.tomirinne.fi\/wp-content\/uploads\/2013\/04\/IMG_0097-768x512.jpg 768w, http:\/\/www.tomirinne.fi\/wp-content\/uploads\/2013\/04\/IMG_0097-1536x1024.jpg 1536w, http:\/\/www.tomirinne.fi\/wp-content\/uploads\/2013\/04\/IMG_0097-2048x1365.jpg 2048w, http:\/\/www.tomirinne.fi\/wp-content\/uploads\/2013\/04\/IMG_0097-1568x1045.jpg 1568w\" sizes=\"auto, (max-width: 300px) 100vw, 300px\" \/><\/a><\/p>\n<p>Sunnuntaina py\u00f6r\u00e4ilin m\u00f6kilt\u00e4 kotiin. Tai en ihan m\u00f6kilt\u00e4, vaan vasta Koskioisista l\u00e4hdin polkemaan. Tulin ensimm\u00e4iset 8 km autokyydill\u00e4, sill\u00e4 teiden routavauriot olivat sit\u00e4 luokkaa, ettei maantiepy\u00f6r\u00e4ll\u00e4 huvittanut niit\u00e4 v\u00e4istell\u00e4. Onneksi sunnuntaina ei ollut en\u00e4\u00e4\u00a0samanlaista myrsky\u00e4 kuin lauantaina\u00a0oli, sill\u00e4 silloin olisi polkeminen j\u00e4\u00e4nyt v\u00e4liin. Nyt s\u00e4\u00e4 oli tosi upea, sill\u00e4 l\u00e4mp\u00f6\u00e4 oli v\u00e4h\u00e4n vajaat kymmenen astetta ja aurinko paistoi pilvett\u00f6m\u00e4lt\u00e4 taivaalta. Lemp\u00e4\u00e4l\u00e4\u00e4n asti tuulensuuntakin\u00a0oli melko suosiollinen, mutta sen j\u00e4lkeen saikin puskea vastatuuleen. 87 kilometri\u00e4 taittui vajaaseen kolmeen tuntiin, joten t\u00e4h\u00e4n kohtaan kautta\u00a0py\u00f6r\u00e4 liikahti ihan mukavasti.<\/p>\n<div id=\"attachment_853\" style=\"width: 310px\" class=\"wp-caption alignnone\"><a href=\"http:\/\/www.tomirinne.net\/wp-content\/uploads\/2013\/04\/Kettu2_18042013.jpg\"><img loading=\"lazy\" decoding=\"async\" aria-describedby=\"caption-attachment-853\" class=\"size-medium wp-image-853\" alt=\"Viikon kuva by Tuuli\" src=\"http:\/\/www.tomirinne.net\/wp-content\/uploads\/2013\/04\/Kettu2_18042013-300x200.jpg\" width=\"300\" height=\"200\" srcset=\"http:\/\/www.tomirinne.fi\/wp-content\/uploads\/2013\/04\/Kettu2_18042013-300x200.jpg 300w, http:\/\/www.tomirinne.fi\/wp-content\/uploads\/2013\/04\/Kettu2_18042013-1024x683.jpg 1024w, http:\/\/www.tomirinne.fi\/wp-content\/uploads\/2013\/04\/Kettu2_18042013-768x512.jpg 768w, http:\/\/www.tomirinne.fi\/wp-content\/uploads\/2013\/04\/Kettu2_18042013-1536x1024.jpg 1536w, http:\/\/www.tomirinne.fi\/wp-content\/uploads\/2013\/04\/Kettu2_18042013-2048x1365.jpg 2048w, http:\/\/www.tomirinne.fi\/wp-content\/uploads\/2013\/04\/Kettu2_18042013-1568x1045.jpg 1568w\" sizes=\"auto, (max-width: 300px) 100vw, 300px\" \/><\/a><p id=\"caption-attachment-853\" class=\"wp-caption-text\">Viikon kuva by Tuuli<\/p><\/div>\n","protected":false},"excerpt":{"rendered":"<p>Kev\u00e4\u00e4n kunniaksi tein pient\u00e4 ulkon\u00e4\u00f6n muokkausta. En siis itselleni vaan blogisivuilleni. Nyt on tarjolla uudet hienot sosiaaliset nappulatkin. Tosin LinkedIn:ss\u00e4 n\u00e4ytt\u00e4\u00e4 olevan viel\u00e4 vanha ty\u00f6paikka, eli se vaatii ainakin p\u00e4ivityst\u00e4. Twitteriss\u00e4 en juurikaan k\u00e4y ja Facebook-p\u00e4ivityksetkin ovat viimeaikoina v\u00e4hentyneet. Mutta &hellip; <a href=\"http:\/\/www.tomirinne.fi\/?p=849\">Continue reading <span class=\"meta-nav\">&rarr;<\/span><\/a><\/p>\n","protected":false},"author":1,"featured_media":0,"comment_status":"open","ping_status":"open","sticky":false,"template":"","format":"standard","meta":{"footnotes":""},"categories":[6],"tags":[],"class_list":["post-849","post","type-post","status-publish","format-standard","hentry","category-treeniraportti"],"_links":{"self":[{"href":"http:\/\/www.tomirinne.fi\/index.php?rest_route=\/wp\/v2\/posts\/849","targetHints":{"allow":["GET"]}}],"collection":[{"href":"http:\/\/www.tomirinne.fi\/index.php?rest_route=\/wp\/v2\/posts"}],"about":[{"href":"http:\/\/www.tomirinne.fi\/index.php?rest_route=\/wp\/v2\/types\/post"}],"author":[{"embeddable":true,"href":"http:\/\/www.tomirinne.fi\/index.php?rest_route=\/wp\/v2\/users\/1"}],"replies":[{"embeddable":true,"href":"http:\/\/www.tomirinne.fi\/index.php?rest_route=%2Fwp%2Fv2%2Fcomments&post=849"}],"version-history":[{"count":0,"href":"http:\/\/www.tomirinne.fi\/index.php?rest_route=\/wp\/v2\/posts\/849\/revisions"}],"wp:attachment":[{"href":"http:\/\/www.tomirinne.fi\/index.php?rest_route=%2Fwp%2Fv2%2Fmedia&parent=849"}],"wp:term":[{"taxonomy":"category","embeddable":true,"href":"http:\/\/www.tomirinne.fi\/index.php?rest_route=%2Fwp%2Fv2%2Fcategories&post=849"},{"taxonomy":"post_tag","embeddable":true,"href":"http:\/\/www.tomirinne.fi\/index.php?rest_route=%2Fwp%2Fv2%2Ftags&post=849"}],"curies":[{"name":"wp","href":"https:\/\/api.w.org\/{rel}","templated":true}]}}