{"id":822,"date":"2013-02-17T21:14:39","date_gmt":"2013-02-17T18:14:39","guid":{"rendered":"http:\/\/www.tomirinne.net\/?p=822"},"modified":"2013-02-17T21:14:39","modified_gmt":"2013-02-17T18:14:39","slug":"yllasta-kiertamassa","status":"publish","type":"post","link":"http:\/\/www.tomirinne.fi\/?p=822","title":{"rendered":"Yll\u00e4st\u00e4 kiert\u00e4m\u00e4ss\u00e4"},"content":{"rendered":"<p>Toinen lomaviikko meni sekin hiihdon merkeiss\u00e4. Onneksi sent\u00e4\u00e4n p\u00e4\u00e4osin eri maisemissa kuin yleens\u00e4. Kolistelimme nimitt\u00e4in tiistain ja keskiviikon v\u00e4lisen\u00e4 y\u00f6n\u00e4 y\u00f6junalla Kolariin ja sielt\u00e4 sitten Yll\u00e4ksen kupeeseen \u00c4k\u00e4slompoloon. Huonosti nukutun junay\u00f6n j\u00e4lkeen oli viel\u00e4 voimia l\u00e4hte\u00e4 hiiht\u00e4m\u00e4\u00e4n, ja pakko olikin, sill\u00e4 nelj\u00e4n p\u00e4iv\u00e4n pohjoisen pikavisiitist\u00e4 piti ottaa kaikki irti. Kolmenkymmenen asteen pakkaset olivat juuri v\u00e4istyneet\u00a0Lapista ja tilalle oli tullut mukavat kahdeksan pakkasastetta.\u00a0\u00a0Ladut olivat ensimm\u00e4isen\u00e4 p\u00e4iv\u00e4n\u00e4 mukavan liukkaat ja hiihtoa kertyi v\u00e4h\u00e4n vajaat 40 km, kun kiersimme Yll\u00e4ksen my\u00f6t\u00e4p\u00e4iv\u00e4\u00e4 Kes\u00e4ngin keitaan, Aurinkotuvan ja Velkonkodan kautta.<\/p>\n<p>Toisena Yll\u00e4sp\u00e4iv\u00e4n\u00e4 (torstai) s\u00e4\u00e4 oli edelleenkin lauhtunut ja pakkasta oli nelisen astetta. Taivas oli pilvess\u00e4, mutta lunta ei satanut, vaikka y\u00f6ll\u00e4 v\u00e4h\u00e4n oli ripsinytkin. L\u00e4hdimme hiihtelem\u00e4\u00e4n juuri ajettuja latuja pitkin kohti pohjoista ja Peurakaltiota. Luisto oli uuden, hiiht\u00e4m\u00e4tt\u00f6m\u00e4n ladun vuoksi heikohko, mutta mik\u00e4s kiire siin\u00e4 oli, kun aikaisin l\u00e4hti liikkeelle. Kymmenisen kilsaa p\u00e4\u00e4simme neitseellisi\u00e4 latuja hiiht\u00e4m\u00e4\u00e4n, mutta sitten reittimme poikkesi ladulle, jota ei oltu ihan v\u00e4h\u00e4\u00e4n aikaan koneella ajettu, joten jouduimme ladun aukaisuhommiin. Yksi ladulle katkennut m\u00e4ntykin jouduttiin kiert\u00e4m\u00e4\u00e4n umpihangen kautta ja onneksi se oli ainoa, sill\u00e4 umpihankihiihto ei oikein tavallisilla suksilla helposti onnistu.<\/p>\n<p><a href=\"http:\/\/www.tomirinne.net\/wp-content\/uploads\/2013\/02\/DSCF0983.jpg\"><img loading=\"lazy\" decoding=\"async\" class=\"alignnone size-medium wp-image-823\" title=\"DSCF0983\" src=\"http:\/\/www.tomirinne.net\/wp-content\/uploads\/2013\/02\/DSCF0983-300x168.jpg\" alt=\"\" width=\"300\" height=\"168\" \/><\/a><\/p>\n<p>T\u00e4m\u00e4n j\u00e4lkeen suuntasimme Kotamajalle, ja t\u00e4m\u00e4kin v\u00e4li oli p\u00e4\u00e4osin ladun aukaisua, joten meno oli melko verkkaista. Seuraavat kolme kilometri\u00e4 Pyh\u00e4j\u00e4rvelle p\u00e4in olikin sitten taas mukavaa kovaa latupohjaa, mutta sitten latu muuttuikin taas pehme\u00e4ksi, vaikka koneella se\u00a0olikin juuri ajettu. Sauva upposi melkein joka ty\u00f6nn\u00f6ll\u00e4 pehmeeseen penkkaan ja ty\u00f6nn\u00f6ist\u00e4 katosi teho. Sama pehme\u00e4 latu jatkui seuraavat kuusi kilometri\u00e4, jonka j\u00e4lkeen reittimme k\u00e4\u00e4ntyi kohti Tammitupaa ja latu loppui kokonaan. Mottorikelkalla ajettua pohjaa pitkin oli kaksi henke\u00e4 hiiht\u00e4nyt ennen meit\u00e4 ja niit\u00e4 j\u00e4lki\u00e4 mekin menimme. T\u00e4ss\u00e4 vaihessa n\u00e4kyi ensimm\u00e4isen ja viimeisen kerran t\u00e4ll\u00e4 pohjoisen matkalla aurinko, noin puolen minuutin ajan. Tammituvalta jatkoimme matkaa kohti etel\u00e4\u00e4 samaa ladutonta uraa pitkin. Parin kilometrin Tammituvalta l\u00e4hd\u00f6n j\u00e4lkeen vastaan tuli latukone kovalla rymin\u00e4ll\u00e4 ja teki meille hienon, mutta pehme\u00e4n ja luistamattoman ladun. Siit\u00e4 matka jatkui Latvamajan ja Kes\u00e4ngin keitaan kautta takaisin majoitukseen.<\/p>\n<p>P\u00e4iv\u00e4n saldo oli 56 km, josta valtaosa oli joko ajamatonta tai sitten pehme\u00e4t\u00e4\u00a0juuri ajettua latua. N\u00e4lk\u00e4 oli siis sen\u00a0mukainen, kun istahdimme Julli&#8217;s -ravintolan p\u00f6yt\u00e4\u00e4n. Poronk\u00e4ristysannos upposi siihen tahtiin, ett\u00e4 se loppui ihan k\u00e4siin. Kesken sy\u00f6nnin k\u00e4vin jo tilaamassa mukaan yhden pitsan, sill\u00e4 k\u00e4ristysannos ei tuntunut riitt\u00e4v\u00e4n mihink\u00e4\u00e4n. Onneksi mainitsimme kovasta n\u00e4l\u00e4st\u00e4mme tarjoilijalle, ja h\u00e4n kiikuttikin meille samaan rahaan viel\u00e4 santsiannoksen k\u00e4ristyst\u00e4 muuseineen, puolukoineen ja suolakurkkuineen. Pitsaan ei sitten tarvinnutkaan ihan heti koskea. Julli&#8217;s on hyv\u00e4.<\/p>\n<p>Kolmantena p\u00e4iv\u00e4n\u00e4 l\u00e4hdimme hiihtelem\u00e4\u00e4n Yll\u00e4ksen etel\u00e4puolelle. J\u00e4lleen p\u00e4\u00e4simme (tai jouduimme) hiiht\u00e4m\u00e4\u00e4n aivan tuoreita latuja, joten luisto oli sen mukainen. Ensin saavuimme Velhon kodalle ja siel\u00e4 suuntasimme Luosuun ja Aurinkotuvalle. T\u00e4m\u00e4n j\u00e4lkeen kohti Kahvikeitaan laavua ja sielt\u00e4 Kellostapulikurun valkoisia maisemia ihailemaan. Loppukilometrit olivatkin sitten vain laskettelua majapaikkaan. Illalla k\u00e4vimme tekem\u00e4ss\u00e4 viel\u00e4 makkaranpaistohiihdon Tunturij\u00e4rven laavulle. P\u00e4iv\u00e4n km-m\u00e4\u00e4r\u00e4ksi tuli 38 + 15 = 53 km.<\/p>\n<p><a href=\"http:\/\/www.tomirinne.net\/wp-content\/uploads\/2013\/02\/DSCF0994.jpg\"><img loading=\"lazy\" decoding=\"async\" class=\"alignnone size-medium wp-image-824\" title=\"DSCF0994\" src=\"http:\/\/www.tomirinne.net\/wp-content\/uploads\/2013\/02\/DSCF0994-300x168.jpg\" alt=\"\" width=\"300\" height=\"168\" \/><\/a><\/p>\n<p>Viimeisen p\u00e4iv\u00e4n aamuna pakkasimme kamat kasaan ja suuntasimme kohti Levi\u00e4. Siell\u00e4 hiihdimme K\u00f6ng\u00e4ksen koululla ja takaisin, josta kertyi matkaa 26 km. T\u00e4m\u00e4n p\u00e4\u00e4lle teimme viel\u00e4 8 kilometrin Isoporo-lenkin, joten p\u00e4iv\u00e4lle tuli hiihtokilsoja vain 34. Hiihdon p\u00e4\u00e4lle k\u00e4vimme viel\u00e4 Levin kylpyl\u00e4ss\u00e4 polsimassa, ennen kuin suuntasimme kohti Kolaria ja seuraavaa huonosti nukuttua y\u00f6junamatkaa.<\/p>\n<p>Vaikka Yll\u00e4ksell\u00e4 olikin vallan mahtavat maisemat ja muut olosuhteet, niin viikon paras hiihtokeli oli kuitenkin sunnuntaina kotimaisemissa. Iltap\u00e4iv\u00e4ll\u00e4 oli nimitt\u00e4in t\u00e4ydellinen Zero-suksikeli. Luisto oli mahtava ja pito l\u00e4hes t\u00e4ydellinen. T\u00e4llainen keli pit\u00e4\u00e4 saada Pirkan-hiihtookin. Viikon hiihtom\u00e4\u00e4r\u00e4ksi tuli n.250 km ja koko loman n.470 km. T\u00e4n\u00e4\u00e4n meni my\u00f6s puolitoista tuhatta rikki, joten viime vuoden hiihtom\u00e4\u00e4r\u00e4 on rikottu jo t\u00e4ss\u00e4 vaiheessa talvea.<\/p>\n<p>P.S. RIP kummiset\u00e4<\/p>\n","protected":false},"excerpt":{"rendered":"<p>Toinen lomaviikko meni sekin hiihdon merkeiss\u00e4. Onneksi sent\u00e4\u00e4n p\u00e4\u00e4osin eri maisemissa kuin yleens\u00e4. Kolistelimme nimitt\u00e4in tiistain ja keskiviikon v\u00e4lisen\u00e4 y\u00f6n\u00e4 y\u00f6junalla Kolariin ja sielt\u00e4 sitten Yll\u00e4ksen kupeeseen \u00c4k\u00e4slompoloon. Huonosti nukutun junay\u00f6n j\u00e4lkeen oli viel\u00e4 voimia l\u00e4hte\u00e4 hiiht\u00e4m\u00e4\u00e4n, ja pakko olikin, &hellip; <a href=\"http:\/\/www.tomirinne.fi\/?p=822\">Continue reading <span class=\"meta-nav\">&rarr;<\/span><\/a><\/p>\n","protected":false},"author":1,"featured_media":0,"comment_status":"open","ping_status":"open","sticky":false,"template":"","format":"standard","meta":{"footnotes":""},"categories":[6],"tags":[],"class_list":["post-822","post","type-post","status-publish","format-standard","hentry","category-treeniraportti"],"_links":{"self":[{"href":"http:\/\/www.tomirinne.fi\/index.php?rest_route=\/wp\/v2\/posts\/822","targetHints":{"allow":["GET"]}}],"collection":[{"href":"http:\/\/www.tomirinne.fi\/index.php?rest_route=\/wp\/v2\/posts"}],"about":[{"href":"http:\/\/www.tomirinne.fi\/index.php?rest_route=\/wp\/v2\/types\/post"}],"author":[{"embeddable":true,"href":"http:\/\/www.tomirinne.fi\/index.php?rest_route=\/wp\/v2\/users\/1"}],"replies":[{"embeddable":true,"href":"http:\/\/www.tomirinne.fi\/index.php?rest_route=%2Fwp%2Fv2%2Fcomments&post=822"}],"version-history":[{"count":0,"href":"http:\/\/www.tomirinne.fi\/index.php?rest_route=\/wp\/v2\/posts\/822\/revisions"}],"wp:attachment":[{"href":"http:\/\/www.tomirinne.fi\/index.php?rest_route=%2Fwp%2Fv2%2Fmedia&parent=822"}],"wp:term":[{"taxonomy":"category","embeddable":true,"href":"http:\/\/www.tomirinne.fi\/index.php?rest_route=%2Fwp%2Fv2%2Fcategories&post=822"},{"taxonomy":"post_tag","embeddable":true,"href":"http:\/\/www.tomirinne.fi\/index.php?rest_route=%2Fwp%2Fv2%2Ftags&post=822"}],"curies":[{"name":"wp","href":"https:\/\/api.w.org\/{rel}","templated":true}]}}