{"id":815,"date":"2013-02-03T14:45:49","date_gmt":"2013-02-03T11:45:49","guid":{"rendered":"http:\/\/www.tomirinne.net\/?p=815"},"modified":"2013-02-03T14:45:49","modified_gmt":"2013-02-03T11:45:49","slug":"sekamonoilua","status":"publish","type":"post","link":"http:\/\/www.tomirinne.fi\/?p=815","title":{"rendered":"Sekamonoilua"},"content":{"rendered":"<p>Eilen meni t\u00e4m\u00e4n talven ensimm\u00e4inen hiihtotonni rikki (ja todenn\u00e4k\u00f6isesti my\u00f6s viimeinen). Hieman olen viime vuosien m\u00e4\u00e4ri\u00e4 edell\u00e4 ja syyn\u00e4 siihen on aikaisemmin alkanut hiihtokausi sek\u00e4 paria edellist\u00e4 talvea kevyempi koulukuorma. Nyt on my\u00f6s hyv\u00e4t mahdollisuudet kerrytt\u00e4\u00e4 parina seuraavanakin viikkona kilometrej\u00e4, sill\u00e4 perjantaina oli viimeinen ty\u00f6p\u00e4iv\u00e4 Metsolla ja uudessa paikassa aloitan vasta parin viikon p\u00e4\u00e4st\u00e4. Ty\u00f6stressi\u00e4 ei siis ole ainakaan kahteen seuraavaan viikkoon, mutta yo-kirjoitukset kyll\u00e4 painavat p\u00e4\u00e4lle tuonakin aikana.<\/p>\n<p>Pirkkaankin on nyt sitten ilmoittauduttu. Viime vuoden enn\u00e4tysaikaa on turha l\u00e4hte\u00e4 rikkomaan, mutta jos sijoituksen saisi sarjassaan\u00a0taas l\u00e4hemm\u00e4ksi viitt\u00e4kymmpi\u00e4, niin siin\u00e4 olisi tavoitetta riitt\u00e4v\u00e4sti. Nyt on ensimm\u00e4inen vuosi, kun p\u00e4\u00e4sen nelj\u00e4kymppisten sarjaan. Siin\u00e4 sarjassa on ollut viime vuosina jokunen kymmenen hiiht\u00e4j\u00e4\u00e4 v\u00e4hemm\u00e4n kuin yleisess\u00e4 sarjassa, joten senkin puolesta sijoituksen paranemiseen on mahdollisuuksia. Viime vuonna olisin ollut samalla ajalla nelj\u00e4kymppisiss\u00e4 toista kymment\u00e4 pyk\u00e4l\u00e4\u00e4 korkeammalla kuin yleisess\u00e4 sarjassa.<\/p>\n<p>Uusien pertsan monojen kanssa on ollut v\u00e4h\u00e4n hankaluuksia. Vasemman jalan mono painaa ik\u00e4v\u00e4sti kipe\u00e4t\u00e4 akillesj\u00e4nnett\u00e4ni, eik\u00e4 sill\u00e4 pysty hiiht\u00e4m\u00e4\u00e4n kivuitta juuri ollenkaan. Onneksi se oli oikean jalan vanha mono, joka hajosi, joten voin nyt hiiht\u00e4\u00e4 siten, ett\u00e4\u00a0vasemmassa jalassa on\u00a0vanha mono ja oikeassa uusi mono. Hyvin hiihto tuntuu sujuvan noinkin, eik\u00e4 ket\u00e4\u00e4n edes ole ladulla asiasta huomattanut. No, toinen mono on nyt suutarilla vetoketjun vaihdossa, joten kohta p\u00e4\u00e4sen taas hiihtelem\u00e4\u00e4n vanhat monot molemmissa jaloissa. Uudet monot saavat j\u00e4\u00e4d\u00e4 odottamaan aikaa parempaa.<\/p>\n","protected":false},"excerpt":{"rendered":"<p>Eilen meni t\u00e4m\u00e4n talven ensimm\u00e4inen hiihtotonni rikki (ja todenn\u00e4k\u00f6isesti my\u00f6s viimeinen). Hieman olen viime vuosien m\u00e4\u00e4ri\u00e4 edell\u00e4 ja syyn\u00e4 siihen on aikaisemmin alkanut hiihtokausi sek\u00e4 paria edellist\u00e4 talvea kevyempi koulukuorma. Nyt on my\u00f6s hyv\u00e4t mahdollisuudet kerrytt\u00e4\u00e4 parina seuraavanakin viikkona kilometrej\u00e4, &hellip; <a href=\"http:\/\/www.tomirinne.fi\/?p=815\">Continue reading <span class=\"meta-nav\">&rarr;<\/span><\/a><\/p>\n","protected":false},"author":1,"featured_media":0,"comment_status":"open","ping_status":"open","sticky":false,"template":"","format":"standard","meta":{"footnotes":""},"categories":[6],"tags":[],"class_list":["post-815","post","type-post","status-publish","format-standard","hentry","category-treeniraportti"],"_links":{"self":[{"href":"http:\/\/www.tomirinne.fi\/index.php?rest_route=\/wp\/v2\/posts\/815","targetHints":{"allow":["GET"]}}],"collection":[{"href":"http:\/\/www.tomirinne.fi\/index.php?rest_route=\/wp\/v2\/posts"}],"about":[{"href":"http:\/\/www.tomirinne.fi\/index.php?rest_route=\/wp\/v2\/types\/post"}],"author":[{"embeddable":true,"href":"http:\/\/www.tomirinne.fi\/index.php?rest_route=\/wp\/v2\/users\/1"}],"replies":[{"embeddable":true,"href":"http:\/\/www.tomirinne.fi\/index.php?rest_route=%2Fwp%2Fv2%2Fcomments&post=815"}],"version-history":[{"count":0,"href":"http:\/\/www.tomirinne.fi\/index.php?rest_route=\/wp\/v2\/posts\/815\/revisions"}],"wp:attachment":[{"href":"http:\/\/www.tomirinne.fi\/index.php?rest_route=%2Fwp%2Fv2%2Fmedia&parent=815"}],"wp:term":[{"taxonomy":"category","embeddable":true,"href":"http:\/\/www.tomirinne.fi\/index.php?rest_route=%2Fwp%2Fv2%2Fcategories&post=815"},{"taxonomy":"post_tag","embeddable":true,"href":"http:\/\/www.tomirinne.fi\/index.php?rest_route=%2Fwp%2Fv2%2Ftags&post=815"}],"curies":[{"name":"wp","href":"https:\/\/api.w.org\/{rel}","templated":true}]}}