{"id":793,"date":"2012-11-25T21:44:20","date_gmt":"2012-11-25T18:44:20","guid":{"rendered":"http:\/\/www.tomirinne.net\/?p=793"},"modified":"2012-11-25T21:44:20","modified_gmt":"2012-11-25T18:44:20","slug":"hiirijahtia","status":"publish","type":"post","link":"http:\/\/www.tomirinne.fi\/?p=793","title":{"rendered":"Hiirijahtia"},"content":{"rendered":"<p>Hitto. Mun piti ryhdist\u00e4yty\u00e4 ja p\u00e4ivitt\u00e4\u00e4 blogia v\u00e4hint\u00e4\u00e4n kahden viikon v\u00e4lein, mutta taas se kolmaskin viikko vaan vier\u00e4hti. Johonkin se aika vaan menee, vaikka mit\u00e4\u00e4n ei tunnu saavan aikaiseksi. Moottorisahan sent\u00e4\u00e4n sain k\u00e4yntiin ja jokusen puunkin kaadettua edellisviikonloppuna. Mutta muuten ulkohommat ovat j\u00e4\u00e4neet odottamaan aikaa parempaa.<\/p>\n<p>Sis\u00e4ll\u00e4 on jatkunut hiirijahti. Nelj\u00e4 on jo r\u00e4ps\u00e4\u00e4n j\u00e4\u00e4nyt, mutta yksi sinnik\u00e4s pit\u00e4\u00e4 meille viel\u00e4 \u00f6isin seuraa. Se varmaankin seuraa jostain verhon takaa, milloin me ollaan vaipumassa syvimp\u00e4\u00e4n uneen. Sitten se vet\u00e4\u00e4 puukeng\u00e4t jalkaan ja l\u00e4htee ravaamaan v\u00e4lipohjaa edestakaisin p\u00e4\u00e4mme yl\u00e4puolella. Nuku siin\u00e4 sitten. T\u00e4n\u00e4\u00e4n tuli sitten mitta t\u00e4yteen, ja kaivoin porakoneen ja rasiater\u00e4n esiin, ja tempaisin reij\u00e4n hiirulaisen juoksureitille. Nyt olisi\u00a0ansa viritettyn\u00e4 ihan emmentaalin kera, joten ensi y\u00f6n\u00e4 n\u00e4hd\u00e4\u00e4n\u00a0ket\u00e4 viimeksi nauraa.<\/p>\n<p>Reenipuolella ei ole\u00a0tapahtunut muutoksia &#8211; ty\u00f6matkapy\u00f6r\u00e4ily\u00e4 ja salia. Juoksua ei jalka viel\u00e4k\u00e4\u00e4n kest\u00e4, joten sit\u00e4 ei ole juurikaan liiemmin viitsinyt kiusata. Ensi viikolla onneksi n\u00e4ytt\u00e4isi s\u00e4\u00e4 k\u00e4\u00e4ntyv\u00e4n talvisempaan suuntaan, ja lunta n\u00e4ytt\u00e4isi olevan loppuviikosta tulossa (siis ei tule). Hiihtokelej\u00e4 siis odotellaan.<\/p>\n","protected":false},"excerpt":{"rendered":"<p>Hitto. Mun piti ryhdist\u00e4yty\u00e4 ja p\u00e4ivitt\u00e4\u00e4 blogia v\u00e4hint\u00e4\u00e4n kahden viikon v\u00e4lein, mutta taas se kolmaskin viikko vaan vier\u00e4hti. Johonkin se aika vaan menee, vaikka mit\u00e4\u00e4n ei tunnu saavan aikaiseksi. Moottorisahan sent\u00e4\u00e4n sain k\u00e4yntiin ja jokusen puunkin kaadettua edellisviikonloppuna. Mutta muuten &hellip; <a href=\"http:\/\/www.tomirinne.fi\/?p=793\">Continue reading <span class=\"meta-nav\">&rarr;<\/span><\/a><\/p>\n","protected":false},"author":1,"featured_media":0,"comment_status":"open","ping_status":"open","sticky":false,"template":"","format":"standard","meta":{"footnotes":""},"categories":[1],"tags":[],"class_list":["post-793","post","type-post","status-publish","format-standard","hentry","category-uncategorized"],"_links":{"self":[{"href":"http:\/\/www.tomirinne.fi\/index.php?rest_route=\/wp\/v2\/posts\/793","targetHints":{"allow":["GET"]}}],"collection":[{"href":"http:\/\/www.tomirinne.fi\/index.php?rest_route=\/wp\/v2\/posts"}],"about":[{"href":"http:\/\/www.tomirinne.fi\/index.php?rest_route=\/wp\/v2\/types\/post"}],"author":[{"embeddable":true,"href":"http:\/\/www.tomirinne.fi\/index.php?rest_route=\/wp\/v2\/users\/1"}],"replies":[{"embeddable":true,"href":"http:\/\/www.tomirinne.fi\/index.php?rest_route=%2Fwp%2Fv2%2Fcomments&post=793"}],"version-history":[{"count":0,"href":"http:\/\/www.tomirinne.fi\/index.php?rest_route=\/wp\/v2\/posts\/793\/revisions"}],"wp:attachment":[{"href":"http:\/\/www.tomirinne.fi\/index.php?rest_route=%2Fwp%2Fv2%2Fmedia&parent=793"}],"wp:term":[{"taxonomy":"category","embeddable":true,"href":"http:\/\/www.tomirinne.fi\/index.php?rest_route=%2Fwp%2Fv2%2Fcategories&post=793"},{"taxonomy":"post_tag","embeddable":true,"href":"http:\/\/www.tomirinne.fi\/index.php?rest_route=%2Fwp%2Fv2%2Ftags&post=793"}],"curies":[{"name":"wp","href":"https:\/\/api.w.org\/{rel}","templated":true}]}}