{"id":781,"date":"2012-09-02T19:21:59","date_gmt":"2012-09-02T16:21:59","guid":{"rendered":"http:\/\/www.tomirinne.net\/?p=781"},"modified":"2012-09-02T19:21:59","modified_gmt":"2012-09-02T16:21:59","slug":"syksyn-tuntua","status":"publish","type":"post","link":"http:\/\/www.tomirinne.fi\/?p=781","title":{"rendered":"Syksyn tuntua"},"content":{"rendered":"<p>Se on sitten syksy taas tulossa. Tai siis tulikin jo, ainakin syyskuu. Viikonlopun py\u00f6r\u00e4lenkin s\u00e4\u00e4kin enteili jo tulevaa. Tuulista ja viile\u00e4\u00e4 ja\u00a0keltaisia lehti\u00e4 ilmassa. Taitaa kohta olla aika ruveta kaivelemaan suksivoiteita esiin. Takkakin tuli t\u00e4n\u00e4\u00e4n koeponnistettua, ensimm\u00e4isen kerran sitten kev\u00e4\u00e4n. Ja pimeekin tulee jo aikaisin.<\/p>\n<p>Ty\u00f6tkin tuossa sitten alkoi kolme viikkoa sitten, enk\u00e4 ole tainnut p\u00e4ivitt\u00e4 sen j\u00e4lkeen sivujakaan. No eip\u00e4 t\u00e4ss\u00e4 mit\u00e4\u00e4n kummempaa kyll\u00e4 ole tapahtunutkaan. Py\u00f6r\u00e4ily\u00e4 on ollut ohjelmassa, jos ei nyt ihan samaan tahtiin kuin lomalla, mutta kuitenkin. Silloin t\u00e4ll\u00f6in t\u00f6iden j\u00e4lkeen S\u00e4ij\u00e4n lenkki\u00e4 ja viikonloppuisin v\u00e4h\u00e4n pidemp\u00e4\u00e4. Kulunut viikko oli kyll\u00e4kin melko heikko, kilsoja ei juuri ole kertynyt. Selk\u00e4 kyll\u00e4kin tykk\u00e4si t\u00e4st\u00e4 laiskasta viikosta, eik\u00e4 se viikonlopun lenkill\u00e4 alkanut en\u00e4\u00e4 kiukuttelemaan.<\/p>\n<p>Juoksuakin on pystynyt pikkuisen harrastamaan. Lenkin pituutta olen joka lenkill\u00e4 pyrkinyt hieman pident\u00e4m\u00e4\u00e4n, ja nyt menn\u00e4\u00e4n 10,5 km:ss\u00e4. Joka toisesta juoksup\u00e4iv\u00e4tahdista olen luopunut ja se on v\u00e4lill\u00e4 ollut joka kolmas p\u00e4iv\u00e4. Jalka nimitt\u00e4in ei ole viel\u00e4\u00a0ihan hyv\u00e4, ja v\u00e4lill\u00e4 se on sen verran kipe\u00e4, ettei juoksutossua tee mieli laittaa jalkaan. Juostessa kantap\u00e4\u00e4nseutu kipuilee parin kilometrin ajan, mutta sen j\u00e4lkeen se on melko hyv\u00e4. Seuraavana p\u00e4iv\u00e4n\u00e4 tosin on v\u00e4h\u00e4n kipuja, mutta\u00a0p\u00e4iv\u00e4ss\u00e4 suurimmat yleens\u00e4 menee ohi. Joten reenit jatkukoon samaa rataa.<\/p>\n<p>&nbsp;<\/p>\n","protected":false},"excerpt":{"rendered":"<p>Se on sitten syksy taas tulossa. Tai siis tulikin jo, ainakin syyskuu. Viikonlopun py\u00f6r\u00e4lenkin s\u00e4\u00e4kin enteili jo tulevaa. Tuulista ja viile\u00e4\u00e4 ja\u00a0keltaisia lehti\u00e4 ilmassa. Taitaa kohta olla aika ruveta kaivelemaan suksivoiteita esiin. Takkakin tuli t\u00e4n\u00e4\u00e4n koeponnistettua, ensimm\u00e4isen kerran sitten kev\u00e4\u00e4n. &hellip; <a href=\"http:\/\/www.tomirinne.fi\/?p=781\">Continue reading <span class=\"meta-nav\">&rarr;<\/span><\/a><\/p>\n","protected":false},"author":1,"featured_media":0,"comment_status":"open","ping_status":"open","sticky":false,"template":"","format":"standard","meta":{"footnotes":""},"categories":[6],"tags":[],"class_list":["post-781","post","type-post","status-publish","format-standard","hentry","category-treeniraportti"],"_links":{"self":[{"href":"http:\/\/www.tomirinne.fi\/index.php?rest_route=\/wp\/v2\/posts\/781","targetHints":{"allow":["GET"]}}],"collection":[{"href":"http:\/\/www.tomirinne.fi\/index.php?rest_route=\/wp\/v2\/posts"}],"about":[{"href":"http:\/\/www.tomirinne.fi\/index.php?rest_route=\/wp\/v2\/types\/post"}],"author":[{"embeddable":true,"href":"http:\/\/www.tomirinne.fi\/index.php?rest_route=\/wp\/v2\/users\/1"}],"replies":[{"embeddable":true,"href":"http:\/\/www.tomirinne.fi\/index.php?rest_route=%2Fwp%2Fv2%2Fcomments&post=781"}],"version-history":[{"count":0,"href":"http:\/\/www.tomirinne.fi\/index.php?rest_route=\/wp\/v2\/posts\/781\/revisions"}],"wp:attachment":[{"href":"http:\/\/www.tomirinne.fi\/index.php?rest_route=%2Fwp%2Fv2%2Fmedia&parent=781"}],"wp:term":[{"taxonomy":"category","embeddable":true,"href":"http:\/\/www.tomirinne.fi\/index.php?rest_route=%2Fwp%2Fv2%2Fcategories&post=781"},{"taxonomy":"post_tag","embeddable":true,"href":"http:\/\/www.tomirinne.fi\/index.php?rest_route=%2Fwp%2Fv2%2Ftags&post=781"}],"curies":[{"name":"wp","href":"https:\/\/api.w.org\/{rel}","templated":true}]}}