{"id":778,"date":"2012-08-12T19:46:52","date_gmt":"2012-08-12T16:46:52","guid":{"rendered":"http:\/\/www.tomirinne.net\/?p=778"},"modified":"2012-08-12T19:46:52","modified_gmt":"2012-08-12T16:46:52","slug":"loman-lopetus","status":"publish","type":"post","link":"http:\/\/www.tomirinne.fi\/?p=778","title":{"rendered":"Loman lopetus"},"content":{"rendered":"<p>Loman viimeiset lenkit on nyt tehty, ja taas pit\u00e4\u00e4 siirty\u00e4 normaaliin p\u00e4iv\u00e4j\u00e4rjestykseen. En\u00e4\u00e4 ei ehdi tekem\u00e4\u00e4n viikolla pitki\u00e4 py\u00f6r\u00e4lenkkej\u00e4, vaan ne j\u00e4\u00e4v\u00e4t nyt v\u00e4kisinkin vain viikonloppuhuviksi. Mutta eip\u00e4 ollut en\u00e4\u00e4 viimeisill\u00e4 py\u00f6r\u00e4lenkeill\u00e4 isku p\u00e4\u00e4ll\u00e4. Torstaina Siuron seitsem\u00e4nkymppinen meni viel\u00e4 ihan mukavaa kyyti\u00e4, mutta eilen lauantaina mentiin jo v\u00e4h\u00e4n leppoisampaa kyyti\u00e4. T\u00e4n\u00e4\u00e4n tein reilun satkun, kiert\u00e4en Siuron, Mahnalan, H\u00e4meenkyr\u00f6n, Viljakkalan, Karhen ja Mutalan kautta. Komeet maisematkaan eiv\u00e4t antaneet voimia, vaan meno oli heti ensimm\u00e4isist\u00e4 yl\u00e4m\u00e4ist\u00e4 asti v\u00e4synytt\u00e4 &#8211; ja m\u00e4ke\u00e4h\u00e4n tuolta reitilt\u00e4 l\u00f6ytyy.<\/p>\n<p>Edellinen viikonloppu tuli vietetty\u00e4 Yll\u00e4kesen maisemissa. Perjantai-iltana saavuimme perille, kun aamusta aikaisin l\u00e4hdimme ajamaan. Lauantaina ja sunnuntaina tein py\u00f6r\u00e4lenkin sill\u00e4 v\u00e4lin, kun Tuuli ja Mervi rasteilivat tunturissa. Lauantain lenkkini l\u00e4hti Yll\u00e4sj\u00e4rven puolelta. Ajoin ensin maisemantien ja sen j\u00e4lkeen k\u00e4\u00e4nnyin \u00c4k\u00e4slompolosta kohti pohjaista ja sotkin \u00c4k\u00e4slompolontiet\u00e4 aina 79-tielle asti. Siell\u00e4 k\u00e4nnyin kohti Levi\u00e4 ja Kittil\u00e4\u00e4, josta sitten k\u00e4\u00e4nnyin takaisin kohti Yll\u00e4sj\u00e4rve\u00e4. Matkaa reitille kertyi 136 km. \u00c4k\u00e4slompolontie oli melko kumpuilevaa tiet\u00e4. P\u00e4\u00e4llyste ei ollut siit\u00e4 parhaasta p\u00e4\u00e4st\u00e4 ja v\u00e4lill\u00e4 sai porojakin varoa, kun seisoivat keskell\u00e4 tiet\u00e4. Tosin porot olivat melko s\u00e4ikkyj\u00e4 py\u00f6r\u00e4\u00e4 kohtaan &#8211; autojakin tuntuivat pelk\u00e4\u00e4v\u00e4n v\u00e4hemm\u00e4n kuin polkupy\u00f6r\u00e4\u00e4. Onneksi tiell\u00e4 oli melko v\u00e4h\u00e4n liikennett\u00e4, joten kapealla baanalla ei tarvinnut kauheasti autoja t\u00e4hyill\u00e4. Muoniontiell\u00e4 olikin sitten jo parempaa ja rullaavampaa alustaa. Aluksi oli hieman kumpuilevaa, mutta sitten tien kaltevuus muuttui alasp\u00e4in suuntaavaksi ja loivaa alam\u00e4ke\u00e4 sai polkea pitki\u00e4 p\u00e4tki\u00e4. T\u00e4m\u00e4 paransi huomattavasti alkukymppien huolestuttavan hidasta keskituntinopeutta. Kittil\u00e4n ja Yll\u00e4sj\u00e4rven v\u00e4li oli sitten taas melko loivapiirteist\u00e4 tiet\u00e4. Pitki\u00e4 suoria ja mett\u00e4\u00e4, se oli t\u00e4m\u00e4n reissun teema.<\/p>\n<p>Sunnuntaina l\u00e4hdin Yll\u00e4sj\u00e4rvelt\u00e4 kohti Kittil\u00e4\u00e4.\u00a0Vajaan kolmenkympin kohdalla k\u00e4\u00e4nnyin\u00a0vasemmalle Aakenuksentielle. Se olikin sitten taas melko huonokuntoista, ainakin maatiepy\u00f6r\u00e4lle. Maisemia ei juuri tuolla 33 km:n tieosuudella ollut, vaan ainoastaan suota ja pusikkoa. Sen verran syrj\u00e4ist\u00e4 seutua tie oli, ett\u00e4 ensimm\u00e4isen parinkympin aikana n\u00e4kyi ainoastaan yksi auto. T\u00e4ll\u00e4 kertaa alkoi jo toivomaan, ett\u00e4 autoja n\u00e4kyisi v\u00e4h\u00e4n useammin. Aakenuksentielt\u00e4 k\u00e4\u00e4nnyin kohti etel\u00e4\u00e4 \u00c4k\u00e4slompolontielle. Ajoin \u00c4k\u00e4slompolon ohi aina Hannukaiseen asti. T\u00e4ll\u00e4 p\u00e4tk\u00e4ll\u00e4 p\u00e4\u00e4sin ajamaan poroa takaan, kun se l\u00e4hti edell\u00e4ni painelemaan pakoon pitkin tiet\u00e4. En ole ennen liven\u00e4 n\u00e4hnyt, ett\u00e4 poro juoksee noin kovin. Alasp\u00e4in viett\u00e4v\u00e4ll\u00e4 tiell\u00e4kin poro karkasi aina vain kauemmaksi, vaikka itsell\u00e4nikin oli vauhtia reilusti yli 30:n. Kerran se meinasi juosta autonkin keulaan, kun h\u00e4diss\u00e4\u00e4n pakeni, mutta onneksi auto tajusi pys\u00e4hty\u00e4. Hannukaisesta k\u00e4\u00e4nnyin Luosutielle. Tie muuttui taas hieman huonommaksi ja tiess\u00e4 olleet poikittaiset railot meinasi vied\u00e4 hermot. Yll\u00e4sj\u00e4rvelle taas p\u00e4\u00e4sty\u00e4ni matkaa oli kertynyt hieman reilut satku.<\/p>\n<p>Maanantai-iltana k\u00e4vin vuokraamassa vuorokaudeksi maastopy\u00f6r\u00e4n. Illalla k\u00e4ytiinkin tekem\u00e4ss\u00e4 jo pieni lenkki Tuulin kanssa. Tiistaiaamuinen py\u00f6r\u00e4ily ei my\u00f6sk\u00e4\u00e4n muodostunut kovin pitk\u00e4ksi ja py\u00f6r\u00e4 palautetiinkin takaisin jo ennen puoltap\u00e4iv\u00e4\u00e4. P\u00e4\u00e4timme l\u00e4hte\u00e4 k\u00f6r\u00f6ttelem\u00e4\u00e4n kohti kotia.<\/p>\n<p>Ensimm\u00e4iset juoksiharjoituksetkin tuli jo kirjattua harjoitusp\u00e4iv\u00e4kirjaan, kun yhten\u00e4isen lenkin mitta alkoi l\u00e4hentelem\u00e4\u00e4n viitt\u00e4 kilometri\u00e4. Joka toinen p\u00e4iv\u00e4 yritin tehd\u00e4 pienen lenkin, joka kerta mittaa v\u00e4h\u00e4n pident\u00e4en. Nyt on sitten takana jo pari hieman reilua 5 km:n yht\u00e4mittaista juoksua. Tosi vaikealta viel\u00e4 h\u00f6lkk\u00e4 tuntuu. Etenkin jalat ja selk\u00e4 on melko j\u00e4ykin\u00e4 py\u00f6r\u00e4ilyn vuoksi. Akilleskin jonkin verran kipuilee, muttei mitenk\u00e4\u00e4n ylitsep\u00e4\u00e4sem\u00e4tt\u00f6m\u00e4sti. Etenkin kun seuraavana p\u00e4iv\u00e4n\u00e4 jalka ei ole yht\u00e4\u00e4n huonompi, niin lenkkeily voi viel\u00e4 jatkua.<\/p>\n<p>Kokonaispy\u00f6r\u00e4ilym\u00e4\u00e4r\u00e4 loman aikana oli noin 1600 km. Yli satasen lenkkej\u00e4 kertyi 7 kappaletta. Vajaa nelj\u00e4nnes tuosta m\u00e4\u00e4r\u00e4st\u00e4 oli maastopy\u00f6r\u00e4ily\u00e4, joka tuli menty\u00e4 Tuulin kanssa.<\/p>\n","protected":false},"excerpt":{"rendered":"<p>Loman viimeiset lenkit on nyt tehty, ja taas pit\u00e4\u00e4 siirty\u00e4 normaaliin p\u00e4iv\u00e4j\u00e4rjestykseen. En\u00e4\u00e4 ei ehdi tekem\u00e4\u00e4n viikolla pitki\u00e4 py\u00f6r\u00e4lenkkej\u00e4, vaan ne j\u00e4\u00e4v\u00e4t nyt v\u00e4kisinkin vain viikonloppuhuviksi. Mutta eip\u00e4 ollut en\u00e4\u00e4 viimeisill\u00e4 py\u00f6r\u00e4lenkeill\u00e4 isku p\u00e4\u00e4ll\u00e4. Torstaina Siuron seitsem\u00e4nkymppinen meni viel\u00e4 ihan &hellip; <a href=\"http:\/\/www.tomirinne.fi\/?p=778\">Continue reading <span class=\"meta-nav\">&rarr;<\/span><\/a><\/p>\n","protected":false},"author":1,"featured_media":0,"comment_status":"open","ping_status":"open","sticky":false,"template":"","format":"standard","meta":{"footnotes":""},"categories":[6],"tags":[],"class_list":["post-778","post","type-post","status-publish","format-standard","hentry","category-treeniraportti"],"_links":{"self":[{"href":"http:\/\/www.tomirinne.fi\/index.php?rest_route=\/wp\/v2\/posts\/778","targetHints":{"allow":["GET"]}}],"collection":[{"href":"http:\/\/www.tomirinne.fi\/index.php?rest_route=\/wp\/v2\/posts"}],"about":[{"href":"http:\/\/www.tomirinne.fi\/index.php?rest_route=\/wp\/v2\/types\/post"}],"author":[{"embeddable":true,"href":"http:\/\/www.tomirinne.fi\/index.php?rest_route=\/wp\/v2\/users\/1"}],"replies":[{"embeddable":true,"href":"http:\/\/www.tomirinne.fi\/index.php?rest_route=%2Fwp%2Fv2%2Fcomments&post=778"}],"version-history":[{"count":0,"href":"http:\/\/www.tomirinne.fi\/index.php?rest_route=\/wp\/v2\/posts\/778\/revisions"}],"wp:attachment":[{"href":"http:\/\/www.tomirinne.fi\/index.php?rest_route=%2Fwp%2Fv2%2Fmedia&parent=778"}],"wp:term":[{"taxonomy":"category","embeddable":true,"href":"http:\/\/www.tomirinne.fi\/index.php?rest_route=%2Fwp%2Fv2%2Fcategories&post=778"},{"taxonomy":"post_tag","embeddable":true,"href":"http:\/\/www.tomirinne.fi\/index.php?rest_route=%2Fwp%2Fv2%2Ftags&post=778"}],"curies":[{"name":"wp","href":"https:\/\/api.w.org\/{rel}","templated":true}]}}