{"id":743,"date":"2012-05-27T19:48:03","date_gmt":"2012-05-27T16:48:03","guid":{"rendered":"http:\/\/www.tomirinne.net\/?p=743"},"modified":"2012-05-27T19:48:03","modified_gmt":"2012-05-27T16:48:03","slug":"743","status":"publish","type":"post","link":"http:\/\/www.tomirinne.fi\/?p=743","title":{"rendered":""},"content":{"rendered":"<p>Tiistaina tulee kahdeksan viikkoa t\u00e4yteen leikkauksesta. Tuon ajan j\u00e4lkeen pit\u00e4isi muka p\u00e4\u00e4st\u00e4 kokeilemaan v\u00e4h\u00e4n juoksuaskeleita. Turha toivo. Etenkin aamuisin jalka on niin kipe\u00e4, ettei k\u00e4velem\u00e4\u00e4n kunnolla viel\u00e4k\u00e4\u00e4n pysty. P\u00e4iv\u00e4n mittaan se kuitenkin vertyy sen verran, ett\u00e4 k\u00e4vely alkaa sujumaan p\u00e4\u00e4osin ilman kipua. Alkaa pessimismi pikku hiljaa puskemaan l\u00e4pi. Eip\u00e4 taida t\u00e4n\u00e4 kes\u00e4n\u00e4 tulla otettua juoksuaskeleita.<\/p>\n<p>Py\u00f6r\u00e4ily sent\u00e4\u00e4n sujuu kivutta. Viime viikon loppupuolella tein kolmena p\u00e4iv\u00e4n\u00e4 Siuron viidenkympin lenkin, eik\u00e4 tuntunut miss\u00e4\u00e4n. T\u00e4n\u00e4\u00e4n py\u00f6r\u00e4ilin m\u00f6kilt\u00e4, pienen lis\u00e4lenkin kera, kotiin ja siit\u00e4 kertyi satkun verran kilometrej\u00e4. Ja mik\u00e4s oli py\u00f6rr\u00e4illess\u00e4, kun aurinko paistoi t\u00e4ydelt\u00e4 ter\u00e4lt\u00e4, l\u00e4mp\u00f6\u00e4 pari kymppi\u00e4 ja tuulikaan ei ollut kovin paha. Sen verran kepi\u00e4sti kulki (kun rauhassa meni), ett\u00e4 voisi jopa harkita osallistumista\u00a0parin viikon p\u00e4\u00e4st\u00e4 j\u00e4rjestett\u00e4v\u00e4\u00e4n Pirkan py\u00f6r\u00e4ilyyn.<\/p>\n<p>Lakkorintamalla ei mit\u00e4\u00e4n uutta. Rikkuritoimintaa ei ole n\u00e4kynyt, vaikka lakkovahti alkaakin v\u00e4s\u00e4ht\u00e4m\u00e4\u00e4n. Viimeiset pari viikkoa on tosin ollut helpompaa n\u00e4it\u00e4 edelt\u00e4viin viikkoihin n\u00e4hden, sill\u00e4 mit\u00e4\u00e4n juhlia tai kyl\u00e4ilyj\u00e4 ei ole ollut ohjelmassa.<\/p>\n","protected":false},"excerpt":{"rendered":"<p>Tiistaina tulee kahdeksan viikkoa t\u00e4yteen leikkauksesta. Tuon ajan j\u00e4lkeen pit\u00e4isi muka p\u00e4\u00e4st\u00e4 kokeilemaan v\u00e4h\u00e4n juoksuaskeleita. Turha toivo. Etenkin aamuisin jalka on niin kipe\u00e4, ettei k\u00e4velem\u00e4\u00e4n kunnolla viel\u00e4k\u00e4\u00e4n pysty. P\u00e4iv\u00e4n mittaan se kuitenkin vertyy sen verran, ett\u00e4 k\u00e4vely alkaa sujumaan p\u00e4\u00e4osin &hellip; <a href=\"http:\/\/www.tomirinne.fi\/?p=743\">Continue reading <span class=\"meta-nav\">&rarr;<\/span><\/a><\/p>\n","protected":false},"author":1,"featured_media":0,"comment_status":"open","ping_status":"open","sticky":false,"template":"","format":"standard","meta":{"footnotes":""},"categories":[6],"tags":[],"class_list":["post-743","post","type-post","status-publish","format-standard","hentry","category-treeniraportti"],"_links":{"self":[{"href":"http:\/\/www.tomirinne.fi\/index.php?rest_route=\/wp\/v2\/posts\/743","targetHints":{"allow":["GET"]}}],"collection":[{"href":"http:\/\/www.tomirinne.fi\/index.php?rest_route=\/wp\/v2\/posts"}],"about":[{"href":"http:\/\/www.tomirinne.fi\/index.php?rest_route=\/wp\/v2\/types\/post"}],"author":[{"embeddable":true,"href":"http:\/\/www.tomirinne.fi\/index.php?rest_route=\/wp\/v2\/users\/1"}],"replies":[{"embeddable":true,"href":"http:\/\/www.tomirinne.fi\/index.php?rest_route=%2Fwp%2Fv2%2Fcomments&post=743"}],"version-history":[{"count":0,"href":"http:\/\/www.tomirinne.fi\/index.php?rest_route=\/wp\/v2\/posts\/743\/revisions"}],"wp:attachment":[{"href":"http:\/\/www.tomirinne.fi\/index.php?rest_route=%2Fwp%2Fv2%2Fmedia&parent=743"}],"wp:term":[{"taxonomy":"category","embeddable":true,"href":"http:\/\/www.tomirinne.fi\/index.php?rest_route=%2Fwp%2Fv2%2Fcategories&post=743"},{"taxonomy":"post_tag","embeddable":true,"href":"http:\/\/www.tomirinne.fi\/index.php?rest_route=%2Fwp%2Fv2%2Ftags&post=743"}],"curies":[{"name":"wp","href":"https:\/\/api.w.org\/{rel}","templated":true}]}}