{"id":734,"date":"2012-04-22T16:07:30","date_gmt":"2012-04-22T13:07:30","guid":{"rendered":"http:\/\/www.tomirinne.net\/?p=734"},"modified":"2012-04-22T16:07:30","modified_gmt":"2012-04-22T13:07:30","slug":"polkkyjalka","status":"publish","type":"post","link":"http:\/\/www.tomirinne.fi\/?p=734","title":{"rendered":"P\u00f6lkkyjalka"},"content":{"rendered":"<p>Kolmas viikkokin tuli sitten kuitenkin pidetty\u00e4 saikkua. Maanantain tikkien poiston j\u00e4lkeen alkoi k\u00e4velyhajoitukset, tavoitteena nilkutuksesta eroon p\u00e4\u00e4seminen. Nilkka oli kuitenkin edelleenkin niin turvoksissa ja p\u00e4ki\u00e4n k\u00e4ytt\u00e4minen k\u00e4velyss\u00e4\u00a0tuotti kipuja kantap\u00e4\u00e4nseudulle sen verran, ettei kunnon k\u00e4vely viel\u00e4 alkuviikosta tullut mit\u00e4\u00e4n. Viikonloppuna k\u00e4vely alkoi\u00a0ajoittain jo tuntumaan ihan normaalilta, eik\u00e4 pieni k\u00e4velylenkkik\u00e4\u00e4n tuottanut ongelmia. Mutta v\u00e4lill\u00e4 pit\u00e4\u00e4 keskitty\u00e4 huolella k\u00e4velemiseen ettei tulisi nilkutettua.<\/p>\n<p>Paino on vaan alkanut nousemaan huolestuttavast. Ei ole ahkera salilla k\u00e4yntik\u00e4\u00e4n auttanut. Nyt pit\u00e4\u00e4 aloittaa totaalinen makeansy\u00f6ntilakko. Se pit\u00e4\u00e4 ilmoitta n\u00e4in julkisesti, jos se vaikka silloin pit\u00e4isi. Eli kes\u00e4loman alkuun asti (alkaa se nyt sitten koska tahansa) kaikki makeat leivonnaiset, karamellit, mehut yms. on pannassa. Poikkeamista raportoidaan n\u00e4ill\u00e4 sivuilla ja jokainen sellainen p\u00e4iv\u00e4 jona tulee t\u00e4lt\u00e4 tielt\u00e4 livetty\u00e4, pident\u00e4\u00e4 lakkoa viikolla. Aamen.<\/p>\n","protected":false},"excerpt":{"rendered":"<p>Kolmas viikkokin tuli sitten kuitenkin pidetty\u00e4 saikkua. Maanantain tikkien poiston j\u00e4lkeen alkoi k\u00e4velyhajoitukset, tavoitteena nilkutuksesta eroon p\u00e4\u00e4seminen. Nilkka oli kuitenkin edelleenkin niin turvoksissa ja p\u00e4ki\u00e4n k\u00e4ytt\u00e4minen k\u00e4velyss\u00e4\u00a0tuotti kipuja kantap\u00e4\u00e4nseudulle sen verran, ettei kunnon k\u00e4vely viel\u00e4 alkuviikosta tullut mit\u00e4\u00e4n. Viikonloppuna k\u00e4vely &hellip; <a href=\"http:\/\/www.tomirinne.fi\/?p=734\">Continue reading <span class=\"meta-nav\">&rarr;<\/span><\/a><\/p>\n","protected":false},"author":1,"featured_media":0,"comment_status":"open","ping_status":"open","sticky":false,"template":"","format":"standard","meta":{"footnotes":""},"categories":[4],"tags":[],"class_list":["post-734","post","type-post","status-publish","format-standard","hentry","category-muuta"],"_links":{"self":[{"href":"http:\/\/www.tomirinne.fi\/index.php?rest_route=\/wp\/v2\/posts\/734","targetHints":{"allow":["GET"]}}],"collection":[{"href":"http:\/\/www.tomirinne.fi\/index.php?rest_route=\/wp\/v2\/posts"}],"about":[{"href":"http:\/\/www.tomirinne.fi\/index.php?rest_route=\/wp\/v2\/types\/post"}],"author":[{"embeddable":true,"href":"http:\/\/www.tomirinne.fi\/index.php?rest_route=\/wp\/v2\/users\/1"}],"replies":[{"embeddable":true,"href":"http:\/\/www.tomirinne.fi\/index.php?rest_route=%2Fwp%2Fv2%2Fcomments&post=734"}],"version-history":[{"count":0,"href":"http:\/\/www.tomirinne.fi\/index.php?rest_route=\/wp\/v2\/posts\/734\/revisions"}],"wp:attachment":[{"href":"http:\/\/www.tomirinne.fi\/index.php?rest_route=%2Fwp%2Fv2%2Fmedia&parent=734"}],"wp:term":[{"taxonomy":"category","embeddable":true,"href":"http:\/\/www.tomirinne.fi\/index.php?rest_route=%2Fwp%2Fv2%2Fcategories&post=734"},{"taxonomy":"post_tag","embeddable":true,"href":"http:\/\/www.tomirinne.fi\/index.php?rest_route=%2Fwp%2Fv2%2Ftags&post=734"}],"curies":[{"name":"wp","href":"https:\/\/api.w.org\/{rel}","templated":true}]}}