{"id":705,"date":"2012-03-25T19:47:22","date_gmt":"2012-03-25T16:47:22","guid":{"rendered":"http:\/\/www.tomirinne.net\/?p=705"},"modified":"2012-03-25T19:47:22","modified_gmt":"2012-03-25T16:47:22","slug":"kevaalle-takapakkia","status":"publish","type":"post","link":"http:\/\/www.tomirinne.fi\/?p=705","title":{"rendered":"Kev\u00e4\u00e4lle takapakkia"},"content":{"rendered":"<p>Kev\u00e4\u00e4n tulo sai t\u00e4ll\u00e4 viikolla pariinkin otteeseen\u00a0takapakkia. Maanantain lumisade muutti tiistain suunnitelmia sen verran, ett\u00e4 kev\u00e4\u00e4n ensimm\u00e4inen t\u00f6ihin juoksu j\u00e4i v\u00e4liin, ja siirtyi mattotreeniksi salille. Tiistain aikana maanantaina tulleet lumet olivat kuitenkin jo sulaneet py\u00f6r\u00e4teilt\u00e4, ja keskiviikkona p\u00e4\u00e4sin sitten aamusta h\u00f6lk\u00f6ttelem\u00e4\u00e4n t\u00f6ihinp\u00e4in. Muuten oli ihan mukava taas juosta ulkosalla, mutta akilleksen kanssa oli taas ongelmia alku- ja loppumatkasta.<\/p>\n<p>Perjantai-illan lenkki olikin sitten jo v\u00e4h\u00e4n vaikeampi, sill\u00e4 juoksu ei oikein kulkenut laisinkaan ja sek\u00e4 akilles ett\u00e4 polvi eiv\u00e4t tyk\u00e4nneet ollenkaan reilun kympin lenkist\u00e4. Olikohan syyn\u00e4 kiukutteluun aamulle tehty salitreeni ja ty\u00f6matkapy\u00f6r\u00e4ily, sill\u00e4 lauantai-iltana 13 km:n juoksulenkki meni taas ihan mallikkaasti ja\u00a0kivutkin olivat tiess\u00e4\u00e4n suurimman osan matkasta.<\/p>\n<p>Lauantaina tuli laitettua jo viimeisetkin sukset kes\u00e4teloille, mutta kun sunnuntain vastainen y\u00f6 toi taas reippaasti lunta ja kun Aamulehden hakumatkalla n\u00e4htiin latukoneen ajavan latuja, niin otin\u00a0kuitenkin viel\u00e4 sukset\u00a0esiin ja l\u00e4hdin hiihtelem\u00e4\u00e4n. Nolla-asteinen keli ja sopivasti rouhitut ladut olivat pitopohjille juuri oikeanlainen keli. Pito oli luokkaa sein\u00e4 ja luistokin ihan ok, mik\u00e4li ei\u00a0ihan\u00a0uudella lumella tarvinnut menn\u00e4. 1300 km meni rikki t\u00e4lt\u00e4 talvelta ja siihen se taitaa j\u00e4\u00e4d\u00e4kin &#8211; mik\u00e4li katsoo s\u00e4\u00e4ennustetta. Mutta eih\u00e4n sit\u00e4 koskaan tied\u00e4, vaikka viel\u00e4 tulisi yksi takapakkip\u00e4iv\u00e4 kev\u00e4\u00e4lle.<\/p>\n","protected":false},"excerpt":{"rendered":"<p>Kev\u00e4\u00e4n tulo sai t\u00e4ll\u00e4 viikolla pariinkin otteeseen\u00a0takapakkia. Maanantain lumisade muutti tiistain suunnitelmia sen verran, ett\u00e4 kev\u00e4\u00e4n ensimm\u00e4inen t\u00f6ihin juoksu j\u00e4i v\u00e4liin, ja siirtyi mattotreeniksi salille. Tiistain aikana maanantaina tulleet lumet olivat kuitenkin jo sulaneet py\u00f6r\u00e4teilt\u00e4, ja keskiviikkona p\u00e4\u00e4sin sitten aamusta &hellip; <a href=\"http:\/\/www.tomirinne.fi\/?p=705\">Continue reading <span class=\"meta-nav\">&rarr;<\/span><\/a><\/p>\n","protected":false},"author":1,"featured_media":0,"comment_status":"open","ping_status":"open","sticky":false,"template":"","format":"standard","meta":{"footnotes":""},"categories":[6],"tags":[],"class_list":["post-705","post","type-post","status-publish","format-standard","hentry","category-treeniraportti"],"_links":{"self":[{"href":"http:\/\/www.tomirinne.fi\/index.php?rest_route=\/wp\/v2\/posts\/705","targetHints":{"allow":["GET"]}}],"collection":[{"href":"http:\/\/www.tomirinne.fi\/index.php?rest_route=\/wp\/v2\/posts"}],"about":[{"href":"http:\/\/www.tomirinne.fi\/index.php?rest_route=\/wp\/v2\/types\/post"}],"author":[{"embeddable":true,"href":"http:\/\/www.tomirinne.fi\/index.php?rest_route=\/wp\/v2\/users\/1"}],"replies":[{"embeddable":true,"href":"http:\/\/www.tomirinne.fi\/index.php?rest_route=%2Fwp%2Fv2%2Fcomments&post=705"}],"version-history":[{"count":0,"href":"http:\/\/www.tomirinne.fi\/index.php?rest_route=\/wp\/v2\/posts\/705\/revisions"}],"wp:attachment":[{"href":"http:\/\/www.tomirinne.fi\/index.php?rest_route=%2Fwp%2Fv2%2Fmedia&parent=705"}],"wp:term":[{"taxonomy":"category","embeddable":true,"href":"http:\/\/www.tomirinne.fi\/index.php?rest_route=%2Fwp%2Fv2%2Fcategories&post=705"},{"taxonomy":"post_tag","embeddable":true,"href":"http:\/\/www.tomirinne.fi\/index.php?rest_route=%2Fwp%2Fv2%2Ftags&post=705"}],"curies":[{"name":"wp","href":"https:\/\/api.w.org\/{rel}","templated":true}]}}