{"id":668,"date":"2011-12-12T20:35:00","date_gmt":"2011-12-12T17:35:00","guid":{"rendered":"http:\/\/www.tomirinne.net\/?p=668"},"modified":"2011-12-12T20:35:00","modified_gmt":"2011-12-12T17:35:00","slug":"mattokausi-avattu","status":"publish","type":"post","link":"http:\/\/www.tomirinne.fi\/?p=668","title":{"rendered":"Mattokausi avattu"},"content":{"rendered":"<p>Saapui se ensilumi vihdoin ja viimein t\u00e4nnekin p\u00e4in Suomea.\u00a0Itsen\u00e4isyysp\u00e4iv\u00e4n\u00e4 tuo ihme sitten tapahtui.\u00a0Harvinaisen pitk\u00e4\u00e4n sit\u00e4 saikin t\u00e4n\u00e4 vuonna odotella. Viikon mittaan sit\u00e4 sitten tuli taivaalta harva se p\u00e4iv\u00e4, tosin p\u00e4\u00e4osin melko vetisess\u00e4 muodossa, joten sohjoa on t\u00e4ss\u00e4\u00a0saanut py\u00f6r\u00e4ll\u00e4 kynt\u00e4\u00e4. Tuuli sent\u00e4\u00e4n aloitti sunnuntaina hiihtokauden, mutta min\u00e4 en viel\u00e4 vaivautunut rasvaamaan perinteisen suksen pohjia. Ihan niin kova into minulla ladulle ei ole.<\/p>\n<p>Mukavuudenhaluisena siirryin, keskiviikon ulkolipsuttelun j\u00e4lkeen, kuntosalin puolelle juoksumatolle teputtamaan. Harvinaisen tyls\u00e4lt\u00e4 se taas tuntuikin. Oikein ihmetytt\u00e4\u00e4, ett\u00e4 miten sit\u00e4 jaksoikin koko viime talven sis\u00e4tiloissa juosta. No, lauantaina kuitenkin tuli tunti rauhallista h\u00f6lkk\u00e4\u00e4 ja sunnuntaina puolimaratonin verran viel\u00e4 rauhallisempaa laahustusta. Viikon juoksusaldoksi tuli\u00a055 km, eli ihan mukava m\u00e4\u00e4r\u00e4 t\u00e4h\u00e4n kohtaan kuntoa.<\/p>\n<p>Keskiviikkona tuli lopulta saatua langanp\u00e4\u00e4h\u00e4n Neo-sairaalan leikkaussalikoordinaattori. Eik\u00e4 h\u00e4n yht\u00e4\u00e4n yskinyt, vaikka ehdotinkin, vain kuusi p\u00e4iv\u00e4\u00e4 ennen leikkausta, ett\u00e4 voisiko leikkausaikaa v\u00e4h\u00e4sen siirt\u00e4\u00e4 eteenp\u00e4in, kun jalka ei nyt olekaan pipi. Sovittiin uudeksi leikkausajaksi 24.1.2012, joten t\u00e4ss\u00e4 tuli\u00a0akillesj\u00e4nteelle\u00a0kuusi viikkoa lis\u00e4\u00e4 testiaikaa. Toivottavasti ei tarvitse menn\u00e4 puukolle tuolloinkaan.<\/p>\n","protected":false},"excerpt":{"rendered":"<p>Saapui se ensilumi vihdoin ja viimein t\u00e4nnekin p\u00e4in Suomea.\u00a0Itsen\u00e4isyysp\u00e4iv\u00e4n\u00e4 tuo ihme sitten tapahtui.\u00a0Harvinaisen pitk\u00e4\u00e4n sit\u00e4 saikin t\u00e4n\u00e4 vuonna odotella. Viikon mittaan sit\u00e4 sitten tuli taivaalta harva se p\u00e4iv\u00e4, tosin p\u00e4\u00e4osin melko vetisess\u00e4 muodossa, joten sohjoa on t\u00e4ss\u00e4\u00a0saanut py\u00f6r\u00e4ll\u00e4 kynt\u00e4\u00e4. Tuuli &hellip; <a href=\"http:\/\/www.tomirinne.fi\/?p=668\">Continue reading <span class=\"meta-nav\">&rarr;<\/span><\/a><\/p>\n","protected":false},"author":1,"featured_media":0,"comment_status":"open","ping_status":"open","sticky":false,"template":"","format":"standard","meta":{"footnotes":""},"categories":[6],"tags":[],"class_list":["post-668","post","type-post","status-publish","format-standard","hentry","category-treeniraportti"],"_links":{"self":[{"href":"http:\/\/www.tomirinne.fi\/index.php?rest_route=\/wp\/v2\/posts\/668","targetHints":{"allow":["GET"]}}],"collection":[{"href":"http:\/\/www.tomirinne.fi\/index.php?rest_route=\/wp\/v2\/posts"}],"about":[{"href":"http:\/\/www.tomirinne.fi\/index.php?rest_route=\/wp\/v2\/types\/post"}],"author":[{"embeddable":true,"href":"http:\/\/www.tomirinne.fi\/index.php?rest_route=\/wp\/v2\/users\/1"}],"replies":[{"embeddable":true,"href":"http:\/\/www.tomirinne.fi\/index.php?rest_route=%2Fwp%2Fv2%2Fcomments&post=668"}],"version-history":[{"count":0,"href":"http:\/\/www.tomirinne.fi\/index.php?rest_route=\/wp\/v2\/posts\/668\/revisions"}],"wp:attachment":[{"href":"http:\/\/www.tomirinne.fi\/index.php?rest_route=%2Fwp%2Fv2%2Fmedia&parent=668"}],"wp:term":[{"taxonomy":"category","embeddable":true,"href":"http:\/\/www.tomirinne.fi\/index.php?rest_route=%2Fwp%2Fv2%2Fcategories&post=668"},{"taxonomy":"post_tag","embeddable":true,"href":"http:\/\/www.tomirinne.fi\/index.php?rest_route=%2Fwp%2Fv2%2Ftags&post=668"}],"curies":[{"name":"wp","href":"https:\/\/api.w.org\/{rel}","templated":true}]}}