{"id":664,"date":"2011-11-20T20:52:01","date_gmt":"2011-11-20T17:52:01","guid":{"rendered":"http:\/\/www.tomirinne.net\/?p=664"},"modified":"2011-11-20T20:52:01","modified_gmt":"2011-11-20T17:52:01","slug":"testing-testing-2","status":"publish","type":"post","link":"http:\/\/www.tomirinne.fi\/?p=664","title":{"rendered":"Testing, testing"},"content":{"rendered":"<p>T\u00e4ll\u00e4 viikolla tuli kolmisen viikkoa t\u00e4yteen siit\u00e4, kun viimeksi\u00a0olin yritt\u00e4nyt ottaa juoksuaskeleita (tai no,\u00a0sauvalenkeill\u00e4 on toki tullut h\u00f6lkk\u00e4ilty\u00e4 alam\u00e4et). P\u00e4\u00e4tin siis keskiviikkona kokeilla mit\u00e4 kintut tykk\u00e4\u00e4v\u00e4t nelj\u00e4n kilometrin h\u00f6lk\u00e4st\u00e4. Testitulos oli positiivinen, eli h\u00f6lk\u00e4n aikana eik\u00e4 sen j\u00e4lkeenk\u00e4\u00e4n tullut mink\u00e4\u00e4nn\u00e4k\u00f6isi\u00e4 akillej\u00e4nnekipuja. P\u00e4iv\u00e4 taukoa ja perjantaina kilsa lis\u00e4\u00e4 ja\u00a0uusi yritys\u00a0. Tulos j\u00e4lleen toiveita her\u00e4tt\u00e4v\u00e4 &#8211;\u00a0ei kipuja\u00a0J\u00e4lleen p\u00e4iv\u00e4 taukoa ja sunnuntaina taas h\u00f6lkk\u00e4lenkki kilsan lis\u00e4matkalla. Eik\u00e4 viel\u00e4k\u00e4\u00e4n oireita akillesj\u00e4nteess\u00e4.<\/p>\n<p>Olisikohan t\u00e4ss\u00e4 viel\u00e4 kuitenkin toivoa, ett\u00e4 leikkauksen voisi v\u00e4ltt\u00e4\u00e4. Tiistaina pit\u00e4\u00e4 tehd\u00e4 seuraava kokeilu taas\u00a0v\u00e4h\u00e4n matkaa pident\u00e4en. Jos viikonloppuun asti p\u00e4\u00e4see yht\u00e4 positiivisissa merkeill\u00e4, niin silloin pit\u00e4\u00e4 jo ehk\u00e4\u00a0kokeilla\u00a0juoksulenkkej\u00e4 per\u00e4kk\u00e4isin\u00e4 p\u00e4ivin\u00e4. Sihen tosin on viel\u00e4 pitk\u00e4\u00a0matka ja kivut voivat tulla takaisin mill\u00e4 askeleella hyv\u00e4ns\u00e4.<\/p>\n","protected":false},"excerpt":{"rendered":"<p>T\u00e4ll\u00e4 viikolla tuli kolmisen viikkoa t\u00e4yteen siit\u00e4, kun viimeksi\u00a0olin yritt\u00e4nyt ottaa juoksuaskeleita (tai no,\u00a0sauvalenkeill\u00e4 on toki tullut h\u00f6lkk\u00e4ilty\u00e4 alam\u00e4et). P\u00e4\u00e4tin siis keskiviikkona kokeilla mit\u00e4 kintut tykk\u00e4\u00e4v\u00e4t nelj\u00e4n kilometrin h\u00f6lk\u00e4st\u00e4. Testitulos oli positiivinen, eli h\u00f6lk\u00e4n aikana eik\u00e4 sen j\u00e4lkeenk\u00e4\u00e4n tullut mink\u00e4\u00e4nn\u00e4k\u00f6isi\u00e4 &hellip; <a href=\"http:\/\/www.tomirinne.fi\/?p=664\">Continue reading <span class=\"meta-nav\">&rarr;<\/span><\/a><\/p>\n","protected":false},"author":1,"featured_media":0,"comment_status":"open","ping_status":"open","sticky":false,"template":"","format":"standard","meta":{"footnotes":""},"categories":[6],"tags":[],"class_list":["post-664","post","type-post","status-publish","format-standard","hentry","category-treeniraportti"],"_links":{"self":[{"href":"http:\/\/www.tomirinne.fi\/index.php?rest_route=\/wp\/v2\/posts\/664","targetHints":{"allow":["GET"]}}],"collection":[{"href":"http:\/\/www.tomirinne.fi\/index.php?rest_route=\/wp\/v2\/posts"}],"about":[{"href":"http:\/\/www.tomirinne.fi\/index.php?rest_route=\/wp\/v2\/types\/post"}],"author":[{"embeddable":true,"href":"http:\/\/www.tomirinne.fi\/index.php?rest_route=\/wp\/v2\/users\/1"}],"replies":[{"embeddable":true,"href":"http:\/\/www.tomirinne.fi\/index.php?rest_route=%2Fwp%2Fv2%2Fcomments&post=664"}],"version-history":[{"count":0,"href":"http:\/\/www.tomirinne.fi\/index.php?rest_route=\/wp\/v2\/posts\/664\/revisions"}],"wp:attachment":[{"href":"http:\/\/www.tomirinne.fi\/index.php?rest_route=%2Fwp%2Fv2%2Fmedia&parent=664"}],"wp:term":[{"taxonomy":"category","embeddable":true,"href":"http:\/\/www.tomirinne.fi\/index.php?rest_route=%2Fwp%2Fv2%2Fcategories&post=664"},{"taxonomy":"post_tag","embeddable":true,"href":"http:\/\/www.tomirinne.fi\/index.php?rest_route=%2Fwp%2Fv2%2Ftags&post=664"}],"curies":[{"name":"wp","href":"https:\/\/api.w.org\/{rel}","templated":true}]}}