{"id":661,"date":"2011-11-06T22:56:09","date_gmt":"2011-11-06T19:56:09","guid":{"rendered":"http:\/\/www.tomirinne.net\/?p=661"},"modified":"2011-11-06T22:56:09","modified_gmt":"2011-11-06T19:56:09","slug":"laikkoilua","status":"publish","type":"post","link":"http:\/\/www.tomirinne.fi\/?p=661","title":{"rendered":"Lakkoilua"},"content":{"rendered":"<p>T\u00e4ll\u00e4 viikolla on\u00a0nyt\u00a0sitten tullut pidetty\u00e4 el\u00e4m\u00e4ni ensimm\u00e4iset lakkop\u00e4iv\u00e4nikin, kun isot j\u00e4rjest\u00f6pomot eiv\u00e4t ole pystyneet p\u00e4\u00e4tt\u00e4m\u00e4\u00e4n, ett\u00e4 mill\u00e4 ehdoilla sit\u00e4 t\u00f6it\u00e4 pit\u00e4isi oikein tehd\u00e4. Siell\u00e4 sit\u00e4 herrat miettiv\u00e4t, ett\u00e4\u00a0pit\u00e4isik\u00f6 sit\u00e4 Rinteen pojalle maksaa euro vai kaksi enemm\u00e4n palkkaa\u00a0kuukaudessa. Ei sill\u00e4, etteik\u00f6 noiden eurojen vuoksi kannata lakkoilla, mutta se on tullut t\u00e4ss\u00e4\u00a0 maksamaan\u00a0samalle\u00a0Rinteen pojalle jo\u00a0jokusen sataa euroa. Joten kyll\u00e4 sit\u00e4 saa taas muutaman\u00a0n\u00e4pp\u00e4yksen n\u00e4pp\u00e4imist\u00f6\u00e4 n\u00e4pytell\u00e4, ennen kuin tuo summa tulee\u00a0ansaittua takaisin.\u00a0Joten koittakaapan nyt hyv\u00e4t herrat pikku hiljaa saada se sopimus k\u00e4telty\u00e4. Mutta saapa n\u00e4hd\u00e4 jatkuuko sapeleiden kalistelu viel\u00e4 ensi viikollakin.<\/p>\n<p>Aamuher\u00e4\u00e4miset eiv\u00e4t lakon vuoksi muuttuneet, vaan normaaliin aikaan\u00a0klo 5:30 sit\u00e4 on tullut k\u00f6mmitty\u00e4 yl\u00f6s\u00a0koko viikko, ja aamupuuron j\u00e4lkeen on tullut l\u00e4hdetty\u00e4\u00a0py\u00f6r\u00e4ll\u00e4 punttisalille. Tosin en ole jaksanut polkea Pirkkalaan asti rautaa kiskomaan, vaan olen k\u00e4ynyt tuossa l\u00e4hem\u00e4n\u00e4 Lielahdessa, kun kerran samalla j\u00e4senyydell\u00e4 p\u00e4\u00e4see siell\u00e4kin k\u00e4ym\u00e4\u00e4n.<\/p>\n<p>Turkulaisten ennakkoluuloisuuden vuoksi Pirkanmaalaisia kohtaan,\u00a0jouduin viett\u00e4m\u00e4\u00e4n jokusen tovin tiistaina ja keskiviikkona Yl\u00f6j\u00e4rven terveyskeskuksessa. Aj -leikkauksen vuoksi piti nimitt\u00e4in k\u00e4yd\u00e4 otattamassa MRSA-testit &#8211;\u00a0 ja viel\u00e4 kahtena p\u00e4iv\u00e4n\u00e4 per\u00e4kk\u00e4in. Ensin piti 75 minuuttia odotella, ett\u00e4 oma vuoronumero ilmestyy taululle, ja sen j\u00e4lkeen menee viel\u00e4 kolme varttia, ett\u00e4 n\u00e4ytteet saa otettua. T\u00e4m\u00e4 johtui siit\u00e4, ett\u00e4 aikaisemmin ei kuulemma vastaavia testej\u00e4 ole heid\u00e4n tarvinnut ottaaa. Toisena p\u00e4iv\u00e4n\u00e4 jonotusaika ei ollut yht\u00e4\u00e4n lyhyempi, mutta n\u00e4ytteiden ottoon ei en\u00e4\u00e4 mennyt kuin kymmenisen minuuttia.\u00a0 Eli nyt l\u00f6ytyy Yl\u00f6j\u00e4rvenkin terveyskeskuksesta yksi ammattilainen MRSA-testien ottamiseen. Minun k\u00e4yntini vuoksi taisi v\u00e4h\u00e4n muiden jonotusajat veny\u00e4 entisest\u00e4\u00e4n.\u00a0My\u00f6s yhden hoitajan y\u00f6unet taisi\u00a0menn\u00e4, kun h\u00e4n joutui j\u00e4nnitt\u00e4m\u00e4\u00e4n, ett\u00e4 joutuuko h\u00e4n toisenakin p\u00e4iv\u00e4n\u00e4 ottamaan\u00a0n\u00e4ytteen mm. perineumista &#8211; ja samalle hoitajallehan toinenkin k\u00e4yntivuoroni osui. Hienosti kaikki kuitenkin j\u00e4rjestyi.<\/p>\n<p>Loppuviikosta olikin sitten aikaa tehd\u00e4 sauvak\u00f6p\u00f6ttelylenkkej\u00e4. Torstaina tuli tehty\u00e4 vajaan kahden ja puolen tunnin savoittelulenkki, ja siin\u00e4 sain nivuseni niin kipe\u00e4ksi, ett\u00e4 perjantaiaamun salik\u00e4ynnill\u00e4 j\u00e4i jopa muutama jalkaliike tekem\u00e4tt\u00e4. Kaikesta huolimatta p\u00e4\u00e4tin kuitenkin\u00a0perjantaina l\u00e4hte\u00e4 polkemaan py\u00f6r\u00e4ll\u00e4 m\u00f6kille (92 km), jonka seurauksena sain sitten polveni kipe\u00e4ksi. Lauantaina olikin sitten sellainen tilanne, ett\u00e4 toisen jalan aj. ja nivunen ja toisen jalan polvi olivat kipe\u00e4n\u00e4. Joten hyvin menee. Lauantaip\u00e4iv\u00e4ll\u00e4 Tuulin kanssa tehty 50 km py\u00f6r\u00e4lenkki ja illalla tehty 80 min sauvak\u00e4velylenkki eiv\u00e4t tilannetta ainakaan helpottaneet. Mutta kohta on aikaa parannella kaikki paikat kuntoon.<\/p>\n","protected":false},"excerpt":{"rendered":"<p>T\u00e4ll\u00e4 viikolla on\u00a0nyt\u00a0sitten tullut pidetty\u00e4 el\u00e4m\u00e4ni ensimm\u00e4iset lakkop\u00e4iv\u00e4nikin, kun isot j\u00e4rjest\u00f6pomot eiv\u00e4t ole pystyneet p\u00e4\u00e4tt\u00e4m\u00e4\u00e4n, ett\u00e4 mill\u00e4 ehdoilla sit\u00e4 t\u00f6it\u00e4 pit\u00e4isi oikein tehd\u00e4. Siell\u00e4 sit\u00e4 herrat miettiv\u00e4t, ett\u00e4\u00a0pit\u00e4isik\u00f6 sit\u00e4 Rinteen pojalle maksaa euro vai kaksi enemm\u00e4n palkkaa\u00a0kuukaudessa. Ei sill\u00e4, etteik\u00f6 &hellip; <a href=\"http:\/\/www.tomirinne.fi\/?p=661\">Continue reading <span class=\"meta-nav\">&rarr;<\/span><\/a><\/p>\n","protected":false},"author":1,"featured_media":0,"comment_status":"open","ping_status":"open","sticky":false,"template":"","format":"standard","meta":{"footnotes":""},"categories":[6],"tags":[],"class_list":["post-661","post","type-post","status-publish","format-standard","hentry","category-treeniraportti"],"_links":{"self":[{"href":"http:\/\/www.tomirinne.fi\/index.php?rest_route=\/wp\/v2\/posts\/661","targetHints":{"allow":["GET"]}}],"collection":[{"href":"http:\/\/www.tomirinne.fi\/index.php?rest_route=\/wp\/v2\/posts"}],"about":[{"href":"http:\/\/www.tomirinne.fi\/index.php?rest_route=\/wp\/v2\/types\/post"}],"author":[{"embeddable":true,"href":"http:\/\/www.tomirinne.fi\/index.php?rest_route=\/wp\/v2\/users\/1"}],"replies":[{"embeddable":true,"href":"http:\/\/www.tomirinne.fi\/index.php?rest_route=%2Fwp%2Fv2%2Fcomments&post=661"}],"version-history":[{"count":0,"href":"http:\/\/www.tomirinne.fi\/index.php?rest_route=\/wp\/v2\/posts\/661\/revisions"}],"wp:attachment":[{"href":"http:\/\/www.tomirinne.fi\/index.php?rest_route=%2Fwp%2Fv2%2Fmedia&parent=661"}],"wp:term":[{"taxonomy":"category","embeddable":true,"href":"http:\/\/www.tomirinne.fi\/index.php?rest_route=%2Fwp%2Fv2%2Fcategories&post=661"},{"taxonomy":"post_tag","embeddable":true,"href":"http:\/\/www.tomirinne.fi\/index.php?rest_route=%2Fwp%2Fv2%2Ftags&post=661"}],"curies":[{"name":"wp","href":"https:\/\/api.w.org\/{rel}","templated":true}]}}