{"id":657,"date":"2011-10-23T20:16:36","date_gmt":"2011-10-23T17:16:36","guid":{"rendered":"http:\/\/www.tomirinne.net\/?p=657"},"modified":"2011-10-23T20:16:36","modified_gmt":"2011-10-23T17:16:36","slug":"oravalta-tuomio","status":"publish","type":"post","link":"http:\/\/www.tomirinne.fi\/?p=657","title":{"rendered":"Oravalta tuomio"},"content":{"rendered":"<p>Nyt on sitten k\u00e4yty Oravallakin n\u00e4ytt\u00e4m\u00e4ss\u00e4 kipe\u00e4\u00e4 koipea. Pikaisen kliiniset tutkimuksen perusteella tuomio oli selv\u00e4:\u00a0akillesj\u00e4nteen pitk\u00e4aikaisen kroonisen tulehdustilan\u00a0vuoksi j\u00e4nteeseen on\u00a0muodostunut kyhmyj\u00e4, joiden vuoksi\u00a0j\u00e4nne ei p\u00e4\u00e4se liikumaa kunnolla ja aiheuttaa n\u00e4in kipua ja narinaa (ei sit\u00e4 varmaan ihan noilla sanoilla minulle kerrottu, mutta noin min\u00e4 sen ymm\u00e4rsin). \u00a0Korjaavan toimenpiteen\u00e4 on\u00a0 akillesj\u00e4nteen puhdistusleikkauksen. Pitk\u00e4 lepo voisi my\u00f6s auttaa, mutta v\u00e4ltt\u00e4m\u00e4tt\u00e4 ei. Toisaalta eip\u00e4 leikkauskaan aina varmista, ett\u00e4 vamma korjaantuu. Jos l\u00e4\u00e4k\u00e4rin\u00e4 olisi ollut joku muu kuin Sakari Orava,\u00a0harkitsisin eritt\u00e4in paljon tarkemmin leikkaukseen menoa, sill\u00e4\u00a0vastaanotolla tehtyjen tukimusten perusteella annettu leikkausesitys tuntui tulevan melko v\u00e4h\u00e4isell\u00e4 tutkimisell\u00e4. Mutta kyseiseen l\u00e4\u00e4k\u00e4riin on sen verran kova luotto, ett\u00e4 kyll\u00e4 sinne pit\u00e4\u00e4 varmaankin menn\u00e4 &#8211; ellei mit\u00e4\u00e4n ihmeparantumista nyt seuraavien viikkojen aikana tule.<\/p>\n<p>Yht\u00e4 ihmeparantamiskeinoa kyll\u00e4 kokeilin loppuviikosta, sill\u00e4 k\u00e4vin ottamassa akupunktiota pohkeeseen ja tulineulan akillesj\u00e4nteen seutuville. Eli sellaisella 400 asteisella volframineulalla t\u00f6rk\u00e4ttiin akillesj\u00e4neteen viereen useamman kerran. T\u00e4m\u00e4n pit\u00e4isi olla kiinalainen versio kortisonipiikille. Nyt j\u00e4nteen ymp\u00e4rill\u00e4 on sitten kymmenkunta pistem\u00e4ist\u00e4 palovammaa. V\u00e4lit\u00f6nt\u00e4 apua ei tuntunut neuloista olevan, sill\u00e4 lauantaina pystyin kolme kilometri\u00e4 juoksemaan ja sitten piti laittaa taas k\u00e4velyksi. Eli leikkausaikka t\u00e4ss\u00e4 sitten odotellaan. Toivottavasti p\u00e4\u00e4sisi marraskuun aikana.<\/p>\n","protected":false},"excerpt":{"rendered":"<p>Nyt on sitten k\u00e4yty Oravallakin n\u00e4ytt\u00e4m\u00e4ss\u00e4 kipe\u00e4\u00e4 koipea. Pikaisen kliiniset tutkimuksen perusteella tuomio oli selv\u00e4:\u00a0akillesj\u00e4nteen pitk\u00e4aikaisen kroonisen tulehdustilan\u00a0vuoksi j\u00e4nteeseen on\u00a0muodostunut kyhmyj\u00e4, joiden vuoksi\u00a0j\u00e4nne ei p\u00e4\u00e4se liikumaa kunnolla ja aiheuttaa n\u00e4in kipua ja narinaa (ei sit\u00e4 varmaan ihan noilla sanoilla minulle &hellip; <a href=\"http:\/\/www.tomirinne.fi\/?p=657\">Continue reading <span class=\"meta-nav\">&rarr;<\/span><\/a><\/p>\n","protected":false},"author":1,"featured_media":0,"comment_status":"open","ping_status":"open","sticky":false,"template":"","format":"standard","meta":{"footnotes":""},"categories":[4],"tags":[],"class_list":["post-657","post","type-post","status-publish","format-standard","hentry","category-muuta"],"_links":{"self":[{"href":"http:\/\/www.tomirinne.fi\/index.php?rest_route=\/wp\/v2\/posts\/657","targetHints":{"allow":["GET"]}}],"collection":[{"href":"http:\/\/www.tomirinne.fi\/index.php?rest_route=\/wp\/v2\/posts"}],"about":[{"href":"http:\/\/www.tomirinne.fi\/index.php?rest_route=\/wp\/v2\/types\/post"}],"author":[{"embeddable":true,"href":"http:\/\/www.tomirinne.fi\/index.php?rest_route=\/wp\/v2\/users\/1"}],"replies":[{"embeddable":true,"href":"http:\/\/www.tomirinne.fi\/index.php?rest_route=%2Fwp%2Fv2%2Fcomments&post=657"}],"version-history":[{"count":0,"href":"http:\/\/www.tomirinne.fi\/index.php?rest_route=\/wp\/v2\/posts\/657\/revisions"}],"wp:attachment":[{"href":"http:\/\/www.tomirinne.fi\/index.php?rest_route=%2Fwp%2Fv2%2Fmedia&parent=657"}],"wp:term":[{"taxonomy":"category","embeddable":true,"href":"http:\/\/www.tomirinne.fi\/index.php?rest_route=%2Fwp%2Fv2%2Fcategories&post=657"},{"taxonomy":"post_tag","embeddable":true,"href":"http:\/\/www.tomirinne.fi\/index.php?rest_route=%2Fwp%2Fv2%2Ftags&post=657"}],"curies":[{"name":"wp","href":"https:\/\/api.w.org\/{rel}","templated":true}]}}