{"id":654,"date":"2011-10-16T08:25:01","date_gmt":"2011-10-16T05:25:01","guid":{"rendered":"http:\/\/www.tomirinne.net\/?p=654"},"modified":"2011-10-16T08:25:01","modified_gmt":"2011-10-16T05:25:01","slug":"tutkimukset-jatkuvat","status":"publish","type":"post","link":"http:\/\/www.tomirinne.fi\/?p=654","title":{"rendered":"Tutkimukset jatkuvat"},"content":{"rendered":"<p>Oho, onko\u00a0kulunut jo kolme viikkoa edellisest\u00e4 kirjoituksesta. No, eip\u00e4 t\u00e4ss\u00e4 ole mit\u00e4\u00e4n kyll\u00e4 tapahtunutkaan. Kolmena edellisen\u00e4 lauantaina olen tehnyt nelj\u00e4n kilometrin lenkin, ja siin\u00e4 on kaikki juoksut t\u00e4lt\u00e4 ajalta. Seurauksena on ollut aina\u00a0kolme seuraavaa p\u00e4iv\u00e4\u00e4 nariseva ja kipe\u00e4 akillesj\u00e4nne. Salilla k\u00e4ynti ja ty\u00f6matkapy\u00f6rily on sent\u00e4\u00e4n jatkunut vanhaan tapaan, joten ei sent\u00e4\u00e4n ihan aloillaan ole tarvinnut olla.<\/p>\n<p>Tutkimuksia on sen verran tehty, ett\u00e4 kunnallisessa terveyskeskuksessa k\u00e4vin j\u00e4nnett\u00e4 n\u00e4ytt\u00e4m\u00e4ss\u00e4, ja r\u00f6ntgen- sek\u00e4 ultra\u00e4\u00e4nikuvat siit\u00e4 otettiin.\u00a0Mit\u00e4\u00e4n repe\u00e4m\u00e4\u00e4 ei l\u00f6ytynyt. Vasemmasta j\u00e4nteest\u00e4 ja sen ymp\u00e4rilt\u00e4 l\u00f6ytyi tulehdusta ja kiinnityskohdasta l\u00f6ytyi paksuuntumaa. Eli ei mit\u00e4\u00e4n mullistavaa uutta tietoa. Ensi viikolla laitetaan sitten kovat piippuun ja l\u00e4hdet\u00e4\u00e4n Turkuun Sakari &#8220;Beckhamin parantaja&#8221; Oravan pakeille kysym\u00e4\u00e4n h\u00e4nenkin mielipidett\u00e4 asiaan. Sen verran ep\u00e4toivoinen asian suhteen olen ollut, ett\u00e4 varsin ajan jopa perinteisen Kiinalaisen l\u00e4\u00e4ketieteen edustajallekin. Torstaina menen kokeilemaan olisiko tulineulasta apua.<\/p>\n","protected":false},"excerpt":{"rendered":"<p>Oho, onko\u00a0kulunut jo kolme viikkoa edellisest\u00e4 kirjoituksesta. No, eip\u00e4 t\u00e4ss\u00e4 ole mit\u00e4\u00e4n kyll\u00e4 tapahtunutkaan. Kolmena edellisen\u00e4 lauantaina olen tehnyt nelj\u00e4n kilometrin lenkin, ja siin\u00e4 on kaikki juoksut t\u00e4lt\u00e4 ajalta. Seurauksena on ollut aina\u00a0kolme seuraavaa p\u00e4iv\u00e4\u00e4 nariseva ja kipe\u00e4 akillesj\u00e4nne. Salilla &hellip; <a href=\"http:\/\/www.tomirinne.fi\/?p=654\">Continue reading <span class=\"meta-nav\">&rarr;<\/span><\/a><\/p>\n","protected":false},"author":1,"featured_media":0,"comment_status":"open","ping_status":"open","sticky":false,"template":"","format":"standard","meta":{"footnotes":""},"categories":[4],"tags":[],"class_list":["post-654","post","type-post","status-publish","format-standard","hentry","category-muuta"],"_links":{"self":[{"href":"http:\/\/www.tomirinne.fi\/index.php?rest_route=\/wp\/v2\/posts\/654","targetHints":{"allow":["GET"]}}],"collection":[{"href":"http:\/\/www.tomirinne.fi\/index.php?rest_route=\/wp\/v2\/posts"}],"about":[{"href":"http:\/\/www.tomirinne.fi\/index.php?rest_route=\/wp\/v2\/types\/post"}],"author":[{"embeddable":true,"href":"http:\/\/www.tomirinne.fi\/index.php?rest_route=\/wp\/v2\/users\/1"}],"replies":[{"embeddable":true,"href":"http:\/\/www.tomirinne.fi\/index.php?rest_route=%2Fwp%2Fv2%2Fcomments&post=654"}],"version-history":[{"count":0,"href":"http:\/\/www.tomirinne.fi\/index.php?rest_route=\/wp\/v2\/posts\/654\/revisions"}],"wp:attachment":[{"href":"http:\/\/www.tomirinne.fi\/index.php?rest_route=%2Fwp%2Fv2%2Fmedia&parent=654"}],"wp:term":[{"taxonomy":"category","embeddable":true,"href":"http:\/\/www.tomirinne.fi\/index.php?rest_route=%2Fwp%2Fv2%2Fcategories&post=654"},{"taxonomy":"post_tag","embeddable":true,"href":"http:\/\/www.tomirinne.fi\/index.php?rest_route=%2Fwp%2Fv2%2Ftags&post=654"}],"curies":[{"name":"wp","href":"https:\/\/api.w.org\/{rel}","templated":true}]}}