{"id":652,"date":"2011-09-25T19:12:02","date_gmt":"2011-09-25T16:12:02","guid":{"rendered":"http:\/\/www.tomirinne.net\/?p=652"},"modified":"2011-09-25T19:12:02","modified_gmt":"2011-09-25T16:12:02","slug":"juu-ei","status":"publish","type":"post","link":"http:\/\/www.tomirinne.fi\/?p=652","title":{"rendered":"Juu ei."},"content":{"rendered":"<p>Viime viikko n\u00e4ytti jo juoksun osalta lupaavalta. Nelj\u00e4 l\u00e4hes kivutonta kympin lenkki\u00e4 pystyin tekem\u00e4\u00e4n, ja sunnuntaina RiLe:n kanssa jopa reilu 13 km. Saman viikon tiistaina ollut l\u00e4\u00e4k\u00e4riaikakin tuntuikin jo v\u00e4h\u00e4n turhalta, mutta k\u00e4vin kuitenkin n\u00e4ytt\u00e4m\u00e4ss\u00e4 akillesj\u00e4nnett\u00e4ni ja\u00a0kertomassa kurjasta kohtalostani. R\u00f6ntgenkuviin p\u00e4\u00e4sin samantien ja ultra\u00e4\u00e4nikuviin sain ajan my\u00f6hemmin.<\/p>\n<p>T\u00e4ll\u00e4 viikolla sitten palattiin takaisin maanpinnalle. Keskiviikkona lenkki loppui kipuun\u00a0kahden kilometrin j\u00e4lkeen ja kotiin teputeltiin kiltisti k\u00e4vellen. Lauantaina tein seuraavan kokeilun, ja se olikin taas melko mukava kokeilu, sill\u00e4 reilu 11 km sujui suht kivuitta. Sunnuntaina sama lenkki p\u00e4\u00e4ttyi reilun 4 km:n j\u00e4lkeen ja loppumatka tultiinkin sitten taas k\u00e4vellen. Ett\u00e4 sellaista.<\/p>\n<p>Salik\u00e4ynniss\u00e4 on sent\u00e4\u00e4n hyv\u00e4 putki p\u00e4\u00e4ll\u00e4, sill\u00e4 viimeiset 23 arkiaamua on tullut salia kulutettua. Ja n\u00e4ytt\u00e4\u00e4 silt\u00e4, ett\u00e4 sama tahti jatkuu, sill\u00e4 juoksuun ei ole luottamista. Tiistaina pit\u00e4isi sitten menn\u00e4 ultra\u00e4\u00e4nikuviin. Saa n\u00e4hd\u00e4 mit\u00e4 sielt\u00e4 sitten l\u00f6ytyy, toivottavasti edes jotain, sill\u00e4 ei terve jalka voi noin kipuilla.<\/p>\n","protected":false},"excerpt":{"rendered":"<p>Viime viikko n\u00e4ytti jo juoksun osalta lupaavalta. Nelj\u00e4 l\u00e4hes kivutonta kympin lenkki\u00e4 pystyin tekem\u00e4\u00e4n, ja sunnuntaina RiLe:n kanssa jopa reilu 13 km. Saman viikon tiistaina ollut l\u00e4\u00e4k\u00e4riaikakin tuntuikin jo v\u00e4h\u00e4n turhalta, mutta k\u00e4vin kuitenkin n\u00e4ytt\u00e4m\u00e4ss\u00e4 akillesj\u00e4nnett\u00e4ni ja\u00a0kertomassa kurjasta kohtalostani. R\u00f6ntgenkuviin &hellip; <a href=\"http:\/\/www.tomirinne.fi\/?p=652\">Continue reading <span class=\"meta-nav\">&rarr;<\/span><\/a><\/p>\n","protected":false},"author":1,"featured_media":0,"comment_status":"open","ping_status":"open","sticky":false,"template":"","format":"standard","meta":{"footnotes":""},"categories":[6],"tags":[],"class_list":["post-652","post","type-post","status-publish","format-standard","hentry","category-treeniraportti"],"_links":{"self":[{"href":"http:\/\/www.tomirinne.fi\/index.php?rest_route=\/wp\/v2\/posts\/652","targetHints":{"allow":["GET"]}}],"collection":[{"href":"http:\/\/www.tomirinne.fi\/index.php?rest_route=\/wp\/v2\/posts"}],"about":[{"href":"http:\/\/www.tomirinne.fi\/index.php?rest_route=\/wp\/v2\/types\/post"}],"author":[{"embeddable":true,"href":"http:\/\/www.tomirinne.fi\/index.php?rest_route=\/wp\/v2\/users\/1"}],"replies":[{"embeddable":true,"href":"http:\/\/www.tomirinne.fi\/index.php?rest_route=%2Fwp%2Fv2%2Fcomments&post=652"}],"version-history":[{"count":0,"href":"http:\/\/www.tomirinne.fi\/index.php?rest_route=\/wp\/v2\/posts\/652\/revisions"}],"wp:attachment":[{"href":"http:\/\/www.tomirinne.fi\/index.php?rest_route=%2Fwp%2Fv2%2Fmedia&parent=652"}],"wp:term":[{"taxonomy":"category","embeddable":true,"href":"http:\/\/www.tomirinne.fi\/index.php?rest_route=%2Fwp%2Fv2%2Fcategories&post=652"},{"taxonomy":"post_tag","embeddable":true,"href":"http:\/\/www.tomirinne.fi\/index.php?rest_route=%2Fwp%2Fv2%2Ftags&post=652"}],"curies":[{"name":"wp","href":"https:\/\/api.w.org\/{rel}","templated":true}]}}