{"id":626,"date":"2011-08-18T21:56:35","date_gmt":"2011-08-18T18:56:35","guid":{"rendered":"http:\/\/www.tomirinne.net\/?p=626"},"modified":"2011-08-18T21:56:35","modified_gmt":"2011-08-18T18:56:35","slug":"scottish-6-days-2011","status":"publish","type":"post","link":"http:\/\/www.tomirinne.fi\/?p=626","title":{"rendered":"Scottish 6 days 2011"},"content":{"rendered":"<p>Skotlannin rastiviikko j\u00e4rjestettiin t\u00e4ll\u00e4 kertaa l\u00e4nsirannikolla Obanin ymp\u00e4rist\u00f6ss\u00e4. Kuusi kisap\u00e4iv\u00e4\u00e4 oli mahdutettu viikkoon, joten ohjelmaa oli tiedossa. Vuoden verran oli tullut lueskeltua j\u00e4rjest\u00e4jien FaceBook tiedotuksia, mutta 31.7. p\u00e4\u00e4si sitten itsekin\u00a0paikan p\u00e4\u00e4lle tutustumaan sik\u00e4l\u00e4isiin suunnistumaastoihin ja -j\u00e4rjestelyihin.<\/p>\n<p>J\u00e4restelyjen taso yll\u00e4tti positiivisesti\u00a0&#8211; kaikki toimi v\u00e4hint\u00e4\u00e4nkin yht\u00e4 hyvin kuin Suomenkin rastiviikoilla. Laatu n\u00e4kyi jo heti ennen kisaa saaduissa materiaaleissa. Kunkin p\u00e4iv\u00e4n opastukset ja j\u00e4rjestelyselostukset oli kerrottu perinpohjin, joten jos vain jaksoi ne lukea, niin mik\u00e4\u00e4n ei pit\u00e4nyt j\u00e4\u00e4d\u00e4 ep\u00e4selv\u00e4ksi. Jokaisena p\u00e4iv\u00e4n\u00e4 parkkipaikalle ajaessa jaettiin viel\u00e4 autoihin erillinen lappu jossa oli kaikki tiedot p\u00e4iv\u00e4n kisasta ja mahdolliset muutokset j\u00e4rjestelyist\u00e4. Parkkipaikan nuolenkantajat opastivat n\u00e4ytt\u00e4v\u00e4sti autot paikoilleen, ja kisakeskukset olivat muutenkin selke\u00e4t ja kompaktit. Vessoja oli riitt\u00e4v\u00e4sti, joten kovin pitki\u00e4 jonoja ei p\u00e4\u00e4ssyt syntym\u00e4\u00e4n ja paperiakin riitti.<\/p>\n<p>Ensimm\u00e4inen suunnistusp\u00e4iv\u00e4 oli\u00a0pilvinen ja harmaa, l\u00e4mp\u00f6\u00e4 oli kuutisentoista astetta ja l\u00e4ht\u00f6hetkell\u00e4 vett\u00e4 suhjutti pikkuisen taivaalta, ei kuitenkaan niin paljon, ett\u00e4 se\u00a0olisi kunnolla edes kastellut. Kisakeskus sijaitsi v\u00e4h\u00e4n Obanin keskustan pohjoispuolella ja reitti oli\u00a0Dunollie &amp; Dunstaffnage -kartalla.\u00a0Reitin pituus oli 4.9 km, jolle l\u00e4hdettiin\u00a0meren rannalta hiekka-beachelt\u00e4.\u00a0Rasteja oli 12 kpl.<\/p>\n<div id=\"attachment_634\" style=\"width: 310px\" class=\"wp-caption alignnone\"><a href=\"http:\/\/www.tomirinne.net\/wp-content\/uploads\/2011\/08\/DSC02175.jpg\"><img loading=\"lazy\" decoding=\"async\" aria-describedby=\"caption-attachment-634\" class=\"size-medium wp-image-634\" title=\"Ensimm\u00e4isen p\u00e4iv\u00e4n l\u00e4ht\u00f6\" src=\"http:\/\/www.tomirinne.net\/wp-content\/uploads\/2011\/08\/DSC02175-300x225.jpg\" alt=\"\" width=\"300\" height=\"225\" srcset=\"http:\/\/www.tomirinne.fi\/wp-content\/uploads\/2011\/08\/DSC02175-300x225.jpg 300w, http:\/\/www.tomirinne.fi\/wp-content\/uploads\/2011\/08\/DSC02175-1024x768.jpg 1024w, http:\/\/www.tomirinne.fi\/wp-content\/uploads\/2011\/08\/DSC02175-768x576.jpg 768w, http:\/\/www.tomirinne.fi\/wp-content\/uploads\/2011\/08\/DSC02175-1536x1152.jpg 1536w, http:\/\/www.tomirinne.fi\/wp-content\/uploads\/2011\/08\/DSC02175-2048x1536.jpg 2048w, http:\/\/www.tomirinne.fi\/wp-content\/uploads\/2011\/08\/DSC02175-1568x1176.jpg 1568w\" sizes=\"auto, (max-width: 300px) 100vw, 300px\" \/><\/a><p id=\"caption-attachment-634\" class=\"wp-caption-text\">Ensimm\u00e4isen p\u00e4iv\u00e4n l\u00e4ht\u00f6<\/p><\/div>\n<div id=\"attachment_633\" style=\"width: 310px\" class=\"wp-caption alignnone\"><a href=\"http:\/\/www.tomirinne.net\/wp-content\/uploads\/2011\/08\/DSC02164.jpg\"><img loading=\"lazy\" decoding=\"async\" aria-describedby=\"caption-attachment-633\" class=\"size-medium wp-image-633\" title=\"Ensimm\u00e4isen p\u00e4iv\u00e4n kisakeskus\" src=\"http:\/\/www.tomirinne.net\/wp-content\/uploads\/2011\/08\/DSC02164-300x225.jpg\" alt=\"\" width=\"300\" height=\"225\" srcset=\"http:\/\/www.tomirinne.fi\/wp-content\/uploads\/2011\/08\/DSC02164-300x225.jpg 300w, http:\/\/www.tomirinne.fi\/wp-content\/uploads\/2011\/08\/DSC02164-1024x768.jpg 1024w, http:\/\/www.tomirinne.fi\/wp-content\/uploads\/2011\/08\/DSC02164-768x576.jpg 768w, http:\/\/www.tomirinne.fi\/wp-content\/uploads\/2011\/08\/DSC02164-1536x1152.jpg 1536w, http:\/\/www.tomirinne.fi\/wp-content\/uploads\/2011\/08\/DSC02164-2048x1536.jpg 2048w, http:\/\/www.tomirinne.fi\/wp-content\/uploads\/2011\/08\/DSC02164-1568x1176.jpg 1568w\" sizes=\"auto, (max-width: 300px) 100vw, 300px\" \/><\/a><p id=\"caption-attachment-633\" class=\"wp-caption-text\">Ensimm\u00e4isen p\u00e4iv\u00e4n kisakeskus<\/p><\/div>\n<p>\u00a0Alkumatka meni kartan v\u00e4rityksen sopeutumiseen. Tummemma keltainen oli hyv\u00e4\u00e4 juostavaa niitty\u00e4, kun taas vaaleemman keltainen saattoi olla alustaltaan mit\u00e4 vaan, mutta yleens\u00e4 se oli hankalakulkuista m\u00e4tt\u00e4ist\u00e4 heinikkoa tai saniaista joka saattoi ulottua p\u00e4\u00e4n yl\u00e4puolelle. Tumman vihre\u00e4st\u00e4 ei kannattanut edes mietti\u00e4 menev\u00e4ns\u00e4 l\u00e4pi, sill\u00e4 se oli jotain tosi tiehe\u00e4\u00e4 koivikkoa tai sitten katajan tyyppist\u00e4 pensaikkoa josta ei olisi edes p\u00e4\u00e4ssyt l\u00e4pi. Kartalle mahtui my\u00f6s paljon aitoja. Joko kivisi\u00e4 tai piikkilankaisia.<\/p>\n<p>Pahimmat virheet kasaantui reitin alkurasteille, mutta mit\u00e4\u00e4n suurta eksymist\u00e4 ei p\u00e4\u00e4ssyt tulemaan. Yhdell\u00e4 rastilla tosin tuli juostua niitty\u00e4 ristiin rastiin yritt\u00e4en paikallistaa mink\u00e4 puskan juurella sit\u00e4 ollaan. Loppu menikin sitten jo paremmin eik\u00e4 mit\u00e4\u00e4n isompaa etsimist\u00e4 tullut eteen. Suurin murhe oli akillesj\u00e4nne, joka ei juurikaan antanut juosta, vaan eteneminen ole melkoista nilkutusta. P\u00e4iv\u00e4n sijoitus oli 9\/27.<\/p>\n<p>Toinen p\u00e4iv\u00e4 oli Ardenaskie:n kartalla. S\u00e4\u00e4 oli edellisp\u00e4iv\u00e4n kaltainen, l\u00e4mp\u00f6\u00e4 oli saman verran ja taivaalta tuli v\u00e4lill\u00e4 pient\u00e4 tihkusadetta. Reitin pituus pituus oli 5.1 km ja rasteja 16 kpl.<\/p>\n<div id=\"attachment_635\" style=\"width: 310px\" class=\"wp-caption alignnone\"><a href=\"http:\/\/www.tomirinne.net\/wp-content\/uploads\/2011\/08\/DSC02212.jpg\"><img loading=\"lazy\" decoding=\"async\" aria-describedby=\"caption-attachment-635\" class=\"size-medium wp-image-635\" title=\"Toisen p\u00e4iv\u00e4n kisakeskuksesta\" src=\"http:\/\/www.tomirinne.net\/wp-content\/uploads\/2011\/08\/DSC02212-300x225.jpg\" alt=\"\" width=\"300\" height=\"225\" srcset=\"http:\/\/www.tomirinne.fi\/wp-content\/uploads\/2011\/08\/DSC02212-300x225.jpg 300w, http:\/\/www.tomirinne.fi\/wp-content\/uploads\/2011\/08\/DSC02212-1024x768.jpg 1024w, http:\/\/www.tomirinne.fi\/wp-content\/uploads\/2011\/08\/DSC02212-768x576.jpg 768w, http:\/\/www.tomirinne.fi\/wp-content\/uploads\/2011\/08\/DSC02212-1536x1152.jpg 1536w, http:\/\/www.tomirinne.fi\/wp-content\/uploads\/2011\/08\/DSC02212-2048x1536.jpg 2048w, http:\/\/www.tomirinne.fi\/wp-content\/uploads\/2011\/08\/DSC02212-1568x1176.jpg 1568w\" sizes=\"auto, (max-width: 300px) 100vw, 300px\" \/><\/a><p id=\"caption-attachment-635\" class=\"wp-caption-text\">Toisen p\u00e4iv\u00e4n kisakeskuksesta<\/p><\/div>\n<p>Maasto oli ensimm\u00e4ist\u00e4 p\u00e4iv\u00e4\u00e4 hitaampikulkuisempaa, sill\u00e4 aluskasvillisuutta oli paljon ja sen korkeus oli taas paikoin miehenmittaista. Hyv\u00e4\u00e4 juostavaa ei reitin alkupuoliskolla ollut lainkaan ja loppuosallakin vain paikoin. P\u00e4iv\u00e4n reitill\u00e4 p\u00e4\u00e4stiin jo kunnon mets\u00e4nkin puolelle, kun lopussa reitti kulki muutaman sadan metrin matkan\u00a0tihe\u00e4n kuusikon l\u00e4pi.<\/p>\n<p>P\u00e4iv\u00e4n alku l\u00e4hti sujumaan heikosti ja jatkui viel\u00e4 surkeemmin. Ensimm\u00e4isen nelj\u00e4n rastin aikana pummia oli tullut jo melkein 20 minuuttia. T\u00e4m\u00e4n j\u00e4lkeen tuli muutama parempi rastiv\u00e4li, mutta sitten taas pari todella heikkoa. Viimeiset 7 rastia sitten sujuivat taas ihan hyvin, mutta alkumatkan katastrofeja ne eiv\u00e4t pystynyneet hyvitt\u00e4m\u00e4\u00e4n. P\u00e4iv\u00e4n sijoitus oli 18\/25.<\/p>\n<p>Kolmannen p\u00e4iv\u00e4n parkkipaikka oli samassa paikassa kuin toisenkin, mutta kisakeskus oli siirretty kilometrin verran toiseen paikkaan. T\u00e4ll\u00e4 kertaa ilma oli v\u00e4h\u00e4n selke\u00e4mpi, eik\u00e4 v\u00e4lit\u00f6nt\u00e4 sateen uhkaa ollut ilmassa. L\u00e4mp\u00f6\u00e4 oli 19 astetta. Kartta oli Creag Mhic Chailein, reitin pituus 5.6 km ja rasteja 13 kpl.<\/p>\n<div id=\"attachment_636\" style=\"width: 235px\" class=\"wp-caption alignnone\"><a href=\"http:\/\/www.tomirinne.net\/wp-content\/uploads\/2011\/08\/DSC02262-e1313692843795.jpg\"><img loading=\"lazy\" decoding=\"async\" aria-describedby=\"caption-attachment-636\" class=\"size-medium wp-image-636\" title=\"Matka kolmannen p\u00e4iv\u00e4n kisakeskukseen\" src=\"http:\/\/www.tomirinne.net\/wp-content\/uploads\/2011\/08\/DSC02262-e1313692843795-225x300.jpg\" alt=\"\" width=\"225\" height=\"300\" srcset=\"http:\/\/www.tomirinne.fi\/wp-content\/uploads\/2011\/08\/DSC02262-e1313692843795-225x300.jpg 225w, http:\/\/www.tomirinne.fi\/wp-content\/uploads\/2011\/08\/DSC02262-e1313692843795-768x1024.jpg 768w, http:\/\/www.tomirinne.fi\/wp-content\/uploads\/2011\/08\/DSC02262-e1313692843795-1152x1536.jpg 1152w, http:\/\/www.tomirinne.fi\/wp-content\/uploads\/2011\/08\/DSC02262-e1313692843795-1536x2048.jpg 1536w, http:\/\/www.tomirinne.fi\/wp-content\/uploads\/2011\/08\/DSC02262-e1313692843795-1568x2091.jpg 1568w, http:\/\/www.tomirinne.fi\/wp-content\/uploads\/2011\/08\/DSC02262-e1313692843795-scaled.jpg 1920w\" sizes=\"auto, (max-width: 225px) 100vw, 225px\" \/><\/a><p id=\"caption-attachment-636\" class=\"wp-caption-text\">Matka kolmannen p\u00e4iv\u00e4n kisakeskukseen<\/p><\/div>\n<div id=\"attachment_637\" style=\"width: 310px\" class=\"wp-caption alignnone\"><a href=\"http:\/\/www.tomirinne.net\/wp-content\/uploads\/2011\/08\/DSC02265.jpg\"><img loading=\"lazy\" decoding=\"async\" aria-describedby=\"caption-attachment-637\" class=\"size-medium wp-image-637\" title=\"Kolmannen p\u00e4iv\u00e4n kisakeskus\" src=\"http:\/\/www.tomirinne.net\/wp-content\/uploads\/2011\/08\/DSC02265-300x225.jpg\" alt=\"\" width=\"300\" height=\"225\" srcset=\"http:\/\/www.tomirinne.fi\/wp-content\/uploads\/2011\/08\/DSC02265-300x225.jpg 300w, http:\/\/www.tomirinne.fi\/wp-content\/uploads\/2011\/08\/DSC02265-1024x768.jpg 1024w, http:\/\/www.tomirinne.fi\/wp-content\/uploads\/2011\/08\/DSC02265-768x576.jpg 768w, http:\/\/www.tomirinne.fi\/wp-content\/uploads\/2011\/08\/DSC02265-1536x1152.jpg 1536w, http:\/\/www.tomirinne.fi\/wp-content\/uploads\/2011\/08\/DSC02265-2048x1536.jpg 2048w, http:\/\/www.tomirinne.fi\/wp-content\/uploads\/2011\/08\/DSC02265-1568x1176.jpg 1568w\" sizes=\"auto, (max-width: 300px) 100vw, 300px\" \/><\/a><p id=\"caption-attachment-637\" class=\"wp-caption-text\">Kolmannen p\u00e4iv\u00e4n kisakeskus<\/p><\/div>\n<p>P\u00e4iv\u00e4n maasto oli vaihtelemaa ja paikoin pitki\u00e4 p\u00e4tki\u00e4 hyv\u00e4\u00e4kin juostavaa. Paikoin oli paljon soita ja v\u00e4lill\u00e4 taas kunnon korkeuseroja. Reitin loppupuolella p\u00e4\u00e4stiin taas juoksemaan v\u00e4h\u00e4ksi aikaa komeaan kuusimetsikk\u00f6\u00f6n.<\/p>\n<p>T\u00e4ll\u00e4 kertaa suunnistus sujui mallikkaasti. Yksi pieni haku oli kolmanneksi viimeisell\u00e4 rastilla, muttei siin\u00e4k\u00e4\u00e4n tuhlautunut aikaa kuin reilun minuutin verran. N\u00e4in hyv\u00e4\u00e4 suunnistusta en muista tehneenik\u00e4\u00e4n pitk\u00e4\u00e4n aikaan. Eik\u00e4 nykyisell\u00e4 nilkutuskunnolla juuri nopeampaan suoritukseen olisi pystynytk\u00e4\u00e4n. Sijoitus oli 4\/28.<\/p>\n<div id=\"attachment_630\" style=\"width: 310px\" class=\"wp-caption alignnone\"><a href=\"http:\/\/www.tomirinne.net\/wp-content\/uploads\/2011\/08\/Tomi3pvRastilla1.jpg\"><img loading=\"lazy\" decoding=\"async\" aria-describedby=\"caption-attachment-630\" class=\"size-medium wp-image-630\" title=\"L\u00f6yt\u00e4misen iloa kolmantena p\u00e4iv\u00e4n\u00e4\" src=\"http:\/\/www.tomirinne.net\/wp-content\/uploads\/2011\/08\/Tomi3pvRastilla1-300x199.jpg\" alt=\"\" width=\"300\" height=\"199\" srcset=\"http:\/\/www.tomirinne.fi\/wp-content\/uploads\/2011\/08\/Tomi3pvRastilla1-300x199.jpg 300w, http:\/\/www.tomirinne.fi\/wp-content\/uploads\/2011\/08\/Tomi3pvRastilla1-768x510.jpg 768w, http:\/\/www.tomirinne.fi\/wp-content\/uploads\/2011\/08\/Tomi3pvRastilla1.jpg 1024w\" sizes=\"auto, (max-width: 300px) 100vw, 300px\" \/><\/a><p id=\"caption-attachment-630\" class=\"wp-caption-text\">L\u00f6yt\u00e4misen iloa kolmantena p\u00e4iv\u00e4n\u00e4<\/p><\/div>\n<p>Kolmen kisap\u00e4iv\u00e4n j\u00e4lkeen oli vuorossa vapaap\u00e4iv\u00e4. Se olikin mukavan l\u00e4mmin ja aurinkoinen. Mutta nelj\u00e4nnen kisap\u00e4iv\u00e4n aamuna tuli taivaalta \u00e4mmi\u00e4 \u00e4keet sel\u00e4ss\u00e4, ja suunnistus\u00e4\u00e4st\u00e4 n\u00e4ytti tulevan todella kostea. Onneksi l\u00e4ht\u00f6\u00f6n menness\u00e4 sade rauhottui ja v\u00e4h\u00e4n l\u00e4hd\u00f6n j\u00e4lkeen se lakkasi kokonaan. L\u00e4mp\u00f6\u00e4 oli 17 astetta, joten kylm\u00e4 ei p\u00e4\u00e4ssyt sateesta huolimatta tulemaan. Torinturk:n kartalla oli 18 rastia ja matkana oli 6.3 km.<\/p>\n<p>T\u00e4ll\u00e4k\u00e4\u00e4n kertaa ei p\u00e4\u00e4sty kunnon mets\u00e4\u00e4n, vaan reitti kulki p\u00e4\u00e4osin avonaisilla nummilla. Korkeuseroja oli paljon ja alusta oli raskaskulkuista ollen joko soista tai m\u00e4tt\u00e4ist\u00e4 heinikkoa. Vain paikoin p\u00e4\u00e4si juoksemaan syd\u00e4mmens\u00e4 kyllyydest\u00e4; tai paremminkin sen mit\u00e4 akillesj\u00e4nne antoi my\u00f6den.<\/p>\n<p>Nelj\u00e4skin p\u00e4iv\u00e4 sujui melko hyvin eik\u00e4 mit\u00e4\u00e4n suurta, toisen p\u00e4iv\u00e4n kaltaista, pummia tullut. Muutama parin minuutin haku tuli, ja pari heikompaa reitinvalintaa, mutta muuten suunnistus sujui ihan mukavasti. P\u00e4iv\u00e4n sijoitus oli 4\/27.<\/p>\n<p>Viides kisap\u00e4iv\u00e4 sijaitsi j\u00e4lleen l\u00e4hemp\u00e4n\u00e4 Obanin keskustaa er\u00e4\u00e4ss\u00e4 niemen k\u00e4rjess\u00e4. S\u00e4\u00e4 ei poikennut edellisist\u00e4 p\u00e4ivist\u00e4. Sadekuuroja tuli silloin t\u00e4ll\u00f6in ja l\u00e4mp\u00f6tila oli 18 asteen luokkaa. Loch Nell &amp; Shenavallie -kartalla oli 16 rastia ja reitill\u00e4 pituutta 5.5 km.<\/p>\n<p>Alusta oli kisaviikon m\u00e4rin ja mutaisin. M\u00e4rki\u00e4 soita ylitettiin ristiin rastiin ja ne kohdat joissa p\u00e4\u00e4si juoksemaan karja-aitauksessa, niin siell\u00e4 mutaa oli paikoin puoleen s\u00e4\u00e4reen asti. My\u00f6s muutama miehenkorkuinen saniaisviidakkokin tuli j\u00e4lleen l\u00e4p\u00e4isty\u00e4.<\/p>\n<p>Muutamaa pient\u00e4 koukkausta lukuunottamatta p\u00e4iv\u00e4 oli l\u00e4hes t\u00e4ydellinen. Viel\u00e4 jaksoi juosta ihan hyvin, vaikka alusta oli todella pehme\u00e4, m\u00e4rk\u00e4 ja mutainen. Sijoituskin oli t\u00e4h\u00e4nastisista paras 3\/25. Kokonaissijoitus, joka lasketaan nelj\u00e4st\u00e4 parhaasta tuloksesta, nousikin nyt nelj\u00e4nneksi. Tosin k\u00e4rkikolmikko oli jo sen verran karussa, ettei niit\u00e4 voinut en\u00e4\u00e4 saada kiinni.<\/p>\n<p>Kuudes p\u00e4iv\u00e4 poikkesi kaikin puolin edellisist\u00e4. Ensinn\u00e4kin s\u00e4\u00e4 oli poutainen ja taivas puolipilvessa. L\u00e4mp\u00f6\u00e4 oli l\u00e4hes 20 astetta, joten paras suunnistuss\u00e4\u00e4 koko viikkoon. L\u00e4ht\u00f6paikalle oli matkaa 2 km ja j\u00e4lkimm\u00e4isell\u00e4 kilometrill\u00e4 oli nousua l\u00e4hes 200 m, joten alkul\u00e4mm\u00f6t sai helposti p\u00e4\u00e4lle ilman juoksuakin. Kartta oli Ardchattan ja reitill\u00e4ni oli 11 rastia ja pituutta 5.7 km.<\/p>\n<div id=\"attachment_639\" style=\"width: 310px\" class=\"wp-caption alignnone\"><a href=\"http:\/\/www.tomirinne.net\/wp-content\/uploads\/2011\/08\/DSC02314.jpg\"><img loading=\"lazy\" decoding=\"async\" aria-describedby=\"caption-attachment-639\" class=\"size-medium wp-image-639\" title=\"Viimeisen p\u00e4iv\u00e4n kisakeskusmaisemia\" src=\"http:\/\/www.tomirinne.net\/wp-content\/uploads\/2011\/08\/DSC02314-300x225.jpg\" alt=\"\" width=\"300\" height=\"225\" srcset=\"http:\/\/www.tomirinne.fi\/wp-content\/uploads\/2011\/08\/DSC02314-300x225.jpg 300w, http:\/\/www.tomirinne.fi\/wp-content\/uploads\/2011\/08\/DSC02314-1024x768.jpg 1024w, http:\/\/www.tomirinne.fi\/wp-content\/uploads\/2011\/08\/DSC02314-768x576.jpg 768w, http:\/\/www.tomirinne.fi\/wp-content\/uploads\/2011\/08\/DSC02314-1536x1152.jpg 1536w, http:\/\/www.tomirinne.fi\/wp-content\/uploads\/2011\/08\/DSC02314-2048x1536.jpg 2048w, http:\/\/www.tomirinne.fi\/wp-content\/uploads\/2011\/08\/DSC02314-1568x1176.jpg 1568w\" sizes=\"auto, (max-width: 300px) 100vw, 300px\" \/><\/a><p id=\"caption-attachment-639\" class=\"wp-caption-text\">Viimeisen p\u00e4iv\u00e4n kisakeskusmaisemia<\/p><\/div>\n<p>My\u00f6s maasto poikkesi edellisist\u00e4 p\u00e4ivist\u00e4 t\u00e4ysin, sill\u00e4 kisa k\u00e4ytiin avonaisella vuorella jossa riitti niin korkeuseroja, notkoja, kumpareita ja puroja. Ainoastaan reitin loppuosasta l\u00f6ytyi v\u00e4h\u00e4n &#8220;saniaisvihreet\u00e4&#8221;, mutta muuten kartan v\u00e4ritys oli keltainen. Alusta oli t\u00e4ll\u00e4 kertaa\u00a0melko nopeakulkuinen (jos jaksoi vaan juosta).<\/p>\n<p>Alun kolme ensimm\u00e4ist\u00e4 rastia l\u00f6ytyi mallikkaasti, mutta nelj\u00e4nnelle menness\u00e4 kumpareet ja nen\u00e4t meniv\u00e4t sekaisin ja hakua tuli varmaankin viiden minuutin verran. Rastiv\u00e4li 5-6 oli pituudeltaan reilun puolitoista kilometri\u00e4 ja otin siin\u00e4 tietoisen riskin l\u00e4htem\u00e4ll\u00e4 juoksemaan pelk\u00e4ll\u00e4 kompassisuunnalla sen tarkemmin rastiv\u00e4lill\u00e4 olevia miljoonia koukeroita lukematta. Rastin takana oli stopparina lammasaita joten jos sinne asti p\u00e4\u00e4dyn, niin tied\u00e4n ainakin miss\u00e4 olen. V\u00e4h\u00e4isest\u00e4 karttaluvusta huolimatta pysyin melko hyvin kartalla, mutta aloin kuitenkin etsim\u00e4\u00e4n rastia liian aikaisin ja ylim\u00e4\u00e4r\u00e4ist\u00e4 py\u00f6rimist\u00e4 tuli j\u00e4lleen viiden minuutin verran ennenkuin rasti l\u00f6ytyi. My\u00f6s seuraavaa rastia tuli etsitty\u00e4 muutama ylim\u00e4\u00e4r\u00e4inen minuutti, mutta sitten\u00a0loppu sujui taas suht hyvin. P\u00e4iv\u00e4n sijoitus oli 7\/21.<\/p>\n<p>Kisan kokonaissijoitus, kun nelj\u00e4n parhaan p\u00e4iv\u00e4n sijoitukset lasekettin yhteen, oli 4\/32. Kolme ensimm\u00e4ist\u00e4 olivat suvereeneja, joten siihen joukkoon ei ollut mit\u00e4\u00e4n mahdollisuuksia. Hirve\u00e4n kova ja laaja taso ei tuntunut meid\u00e4n M35 lyhyt -sarjassa olevan, sill\u00e4 n\u00e4ill\u00e4 suunnistuksill\u00e4 ei Suomessa olisi p\u00e4\u00e4ssyt l\u00e4hellekk\u00e4\u00e4n k\u00e4rke\u00e4, vaikka suunnistus suht mukavasti sujuikin. Tyytyv\u00e4inen tulokseen kuitenkin olen, sill\u00e4 alkuun tuntui, ettei &#8220;mets\u00e4\u00e4n&#8221; v\u00e4ltt\u00e4m\u00e4tt\u00e4 p\u00e4\u00e4sisi ollenkaan kun jalkavaivat haittasi sen verran menoa.<\/p>\n","protected":false},"excerpt":{"rendered":"<p>Skotlannin rastiviikko j\u00e4rjestettiin t\u00e4ll\u00e4 kertaa l\u00e4nsirannikolla Obanin ymp\u00e4rist\u00f6ss\u00e4. Kuusi kisap\u00e4iv\u00e4\u00e4 oli mahdutettu viikkoon, joten ohjelmaa oli tiedossa. Vuoden verran oli tullut lueskeltua j\u00e4rjest\u00e4jien FaceBook tiedotuksia, mutta 31.7. p\u00e4\u00e4si sitten itsekin\u00a0paikan p\u00e4\u00e4lle tutustumaan sik\u00e4l\u00e4isiin suunnistumaastoihin ja -j\u00e4rjestelyihin. J\u00e4restelyjen taso yll\u00e4tti positiivisesti\u00a0&#8211; &hellip; <a href=\"http:\/\/www.tomirinne.fi\/?p=626\">Continue reading <span class=\"meta-nav\">&rarr;<\/span><\/a><\/p>\n","protected":false},"author":1,"featured_media":0,"comment_status":"open","ping_status":"open","sticky":false,"template":"","format":"standard","meta":{"footnotes":""},"categories":[5],"tags":[],"class_list":["post-626","post","type-post","status-publish","format-standard","hentry","category-suunnistus"],"_links":{"self":[{"href":"http:\/\/www.tomirinne.fi\/index.php?rest_route=\/wp\/v2\/posts\/626","targetHints":{"allow":["GET"]}}],"collection":[{"href":"http:\/\/www.tomirinne.fi\/index.php?rest_route=\/wp\/v2\/posts"}],"about":[{"href":"http:\/\/www.tomirinne.fi\/index.php?rest_route=\/wp\/v2\/types\/post"}],"author":[{"embeddable":true,"href":"http:\/\/www.tomirinne.fi\/index.php?rest_route=\/wp\/v2\/users\/1"}],"replies":[{"embeddable":true,"href":"http:\/\/www.tomirinne.fi\/index.php?rest_route=%2Fwp%2Fv2%2Fcomments&post=626"}],"version-history":[{"count":0,"href":"http:\/\/www.tomirinne.fi\/index.php?rest_route=\/wp\/v2\/posts\/626\/revisions"}],"wp:attachment":[{"href":"http:\/\/www.tomirinne.fi\/index.php?rest_route=%2Fwp%2Fv2%2Fmedia&parent=626"}],"wp:term":[{"taxonomy":"category","embeddable":true,"href":"http:\/\/www.tomirinne.fi\/index.php?rest_route=%2Fwp%2Fv2%2Fcategories&post=626"},{"taxonomy":"post_tag","embeddable":true,"href":"http:\/\/www.tomirinne.fi\/index.php?rest_route=%2Fwp%2Fv2%2Ftags&post=626"}],"curies":[{"name":"wp","href":"https:\/\/api.w.org\/{rel}","templated":true}]}}