{"id":611,"date":"2011-07-09T14:49:42","date_gmt":"2011-07-09T11:49:42","guid":{"rendered":"http:\/\/www.tomirinne.net\/?p=611"},"modified":"2011-07-09T14:49:42","modified_gmt":"2011-07-09T11:49:42","slug":"rinkan-ulkoiluttamista","status":"publish","type":"post","link":"http:\/\/www.tomirinne.fi\/?p=611","title":{"rendered":"Rinkan ulkoiluttamista"},"content":{"rendered":"<p>T\u00e4ll\u00e4 er\u00e4\u00e4 viimeiseen lomaviikkoon her\u00e4ttiin Norjan Altassa. Sunnuntaiehtoona ajettiin viel\u00e4 Haltin seikaulun j\u00e4lkeen 250 km pohjoiseen ja y\u00f6vyttiin pohjois-norjalaisella leirint\u00e4alueella. Kelit suosi telttamajoitusta eik\u00e4 itikoitakaan ollut h\u00e4iritsem\u00e4ss\u00e4.<\/p>\n<p>Maanantaip\u00e4iv\u00e4 menikin sitten autossa istuessa, kun ajoimme ensin Altasta Hammerfestiin ja sitten samaa tiet\u00e4 takaisin Altaan ja sielt\u00e4 sitten Kautakeinon kautta Enonteki\u00f6n Hettaan. Ajoa kertyi tuolle p\u00e4iv\u00e4lle reilu 500 km. \u00c4\u00e4nikirja eteni siis melkolailla. Minulle ei oikein auennut, ett\u00e4 miksi Hammerfestiss\u00e4 k\u00e4ynti\u00e4 aina hehkutetaan, sill\u00e4 ainakaan pikaisella katsomisella ei pit\u00e4j\u00e4ss\u00e4 mit\u00e4\u00e4n erikoista n\u00e4ht\u00e4v\u00e4\u00e4 ollut. No joo, kyll\u00e4h\u00e4n reitti sinne tarjosi komeita maisemia, ainakin jos oli tullut\u00a0suoraan Enontekij\u00f6st\u00e4 Norjan puolelle. Mutta kyll\u00e4 mielest\u00e4ni Tromsan ja Altan v\u00e4lill\u00e4 oli tosi paljon komeampia maisemia n\u00e4ht\u00e4v\u00e4n\u00e4.<\/p>\n<p>Hetan leirint\u00e4alueella sitten p\u00e4\u00e4stiinkin tutustumaan v\u00e4h\u00e4n paremmin paikalliseen r\u00e4kk\u00e4\u00e4n. Paikallisille s\u00e4\u00e4skim\u00e4\u00e4r\u00e4 ei varmaankaan ollut mitenk\u00e4\u00e4n poikkeuksellinen, mutta t\u00e4llainen &#8220;etel\u00e4n vetel\u00e4&#8221; laittoi kyll\u00e4 mielell\u00e4\u00e4n hyttyverkon p\u00e4\u00e4h\u00e4n, kun telttaa laittoi pystyyn. Etenkin m\u00e4k\u00e4r\u00e4t tuntuivat olevan erityisen kiinnostuneita turistin verest\u00e4. Hyttysi\u00e4 ei liiemmin n\u00e4kynyt.<\/p>\n<p>Tiistaiaamusta pakattiin rinkat ja k\u00e4ytiin hakemassa Hetan Aitasta puomiin avain,\u00a0jonka turvin p\u00e4\u00e4simme ajamaan autolla Pyh\u00e4keron p\u00e4iv\u00e4tuvan l\u00e4heisyyteen. N\u00e4in ei tarvinnut\u00a0menn\u00e4 veneell\u00e4 Ounasj\u00e4rven ylitse. T\u00e4m\u00e4 oli sek\u00e4 k\u00e4tev\u00e4mpi\u00a0ett\u00e4 halvempi ratkaisu yhden y\u00f6n vaelluksellemme.<\/p>\n<p><a href=\"http:\/\/www.tomirinne.net\/wp-content\/uploads\/2011\/07\/DSC019342.jpg\"><img loading=\"lazy\" decoding=\"async\" class=\"alignnone size-medium wp-image-614\" title=\"Pyh\u00e4keroon l\u00e4hd\u00f6ss\u00e4\" src=\"http:\/\/www.tomirinne.net\/wp-content\/uploads\/2011\/07\/DSC019342-300x225.jpg\" alt=\"\" width=\"300\" height=\"225\" srcset=\"http:\/\/www.tomirinne.fi\/wp-content\/uploads\/2011\/07\/DSC019342-300x225.jpg 300w, http:\/\/www.tomirinne.fi\/wp-content\/uploads\/2011\/07\/DSC019342-1024x768.jpg 1024w, http:\/\/www.tomirinne.fi\/wp-content\/uploads\/2011\/07\/DSC019342-768x576.jpg 768w, http:\/\/www.tomirinne.fi\/wp-content\/uploads\/2011\/07\/DSC019342-1536x1152.jpg 1536w, http:\/\/www.tomirinne.fi\/wp-content\/uploads\/2011\/07\/DSC019342-2048x1536.jpg 2048w, http:\/\/www.tomirinne.fi\/wp-content\/uploads\/2011\/07\/DSC019342-1568x1176.jpg 1568w\" sizes=\"auto, (max-width: 300px) 100vw, 300px\" \/><\/a>\u00a0<a href=\"http:\/\/www.tomirinne.net\/wp-content\/uploads\/2011\/07\/DSC01937.jpg\"><img loading=\"lazy\" decoding=\"async\" class=\"alignnone size-medium wp-image-615\" title=\"Nousu Pyh\u00e4kerolle\" src=\"http:\/\/www.tomirinne.net\/wp-content\/uploads\/2011\/07\/DSC01937-e1310211770785-225x300.jpg\" alt=\"\" width=\"225\" height=\"300\" srcset=\"http:\/\/www.tomirinne.fi\/wp-content\/uploads\/2011\/07\/DSC01937-e1310211770785-225x300.jpg 225w, http:\/\/www.tomirinne.fi\/wp-content\/uploads\/2011\/07\/DSC01937-e1310211770785-768x1024.jpg 768w, http:\/\/www.tomirinne.fi\/wp-content\/uploads\/2011\/07\/DSC01937-e1310211770785-1152x1536.jpg 1152w, http:\/\/www.tomirinne.fi\/wp-content\/uploads\/2011\/07\/DSC01937-e1310211770785-1536x2048.jpg 1536w, http:\/\/www.tomirinne.fi\/wp-content\/uploads\/2011\/07\/DSC01937-e1310211770785-1568x2091.jpg 1568w, http:\/\/www.tomirinne.fi\/wp-content\/uploads\/2011\/07\/DSC01937-e1310211770785-scaled.jpg 1920w\" sizes=\"auto, (max-width: 225px) 100vw, 225px\" \/><\/a><a href=\"http:\/\/www.tomirinne.net\/wp-content\/uploads\/2011\/07\/DSC01937.jpg\"><\/a><\/p>\n<p>Autolta vaelsimme ensin puolitoista kilometri\u00e4 Pyh\u00e4keron p\u00e4iv\u00e4tuvalle ja siit\u00e4 jatkoimme heti matkaamme Pyh\u00e4keron huipun kautta Sioskuruun. Kartan mukaan matkaa reitill\u00e4 oli 9,5 km ja kellon mukaan aikaa kului n.2,5 tuntia. Sioskurussa aterioimme ja pystytimme teltan, jonne j\u00e4timme my\u00f6s muut y\u00f6pymisvarusteet. Sitten l\u00e4hdimme ulkoiluttamaan kevennettyj\u00e4 rinkkojamme kohti Hannukurua, jonne oli matkaa 13 km. Reitti oli hyv\u00e4kulkuista ja olosuhteisiin n\u00e4hden melko tasaistakin, joten kyseinen matka taittuikin melko rivakasti &#8211;\u00a0kahteen ja puoleen tuntiin. Hannukurussa pidimme pienen paussin ja sitten teputimme saman 13 km takaisinp\u00e4in. Kelit suosi t\u00e4t\u00e4kin vaellusta, sill\u00e4 vett\u00e4 ei tullut kuin muutama tippa ja itikatkin pysyiv\u00e4t loitolla aukealla paljakalla.<\/p>\n<p>Takaisin Sioskuruun p\u00e4\u00e4sty\u00e4mme suoritimme pikaisen pesun tunturipuron raikkaassa vedess\u00e4. T\u00e4m\u00e4n j\u00e4lkeen vuorossa oli\u00a0ruokailua sek\u00e4 jutustelua muiden autiotuvalla y\u00f6pyvien kanssa. Illalla tuuli oli tyyntynyt sen verran, ett\u00e4 m\u00e4k\u00e4r\u00e4t alkoivat taas kiusaamaan ja piti turvautua hyttysverkkoon jotta\u00a0paikoillaan viihtyi paremmin. Illalla my\u00f6s sateli hieman, mutta se ei juuri leiriytymist\u00e4 haitannut.<\/p>\n<p><a href=\"http:\/\/www.tomirinne.net\/wp-content\/uploads\/2011\/07\/DSC01941.jpg\"><img loading=\"lazy\" decoding=\"async\" class=\"alignnone size-medium wp-image-618\" title=\"Sioskurussa\" src=\"http:\/\/www.tomirinne.net\/wp-content\/uploads\/2011\/07\/DSC01941-300x225.jpg\" alt=\"\" width=\"300\" height=\"225\" srcset=\"http:\/\/www.tomirinne.fi\/wp-content\/uploads\/2011\/07\/DSC01941-300x225.jpg 300w, http:\/\/www.tomirinne.fi\/wp-content\/uploads\/2011\/07\/DSC01941-1024x768.jpg 1024w, http:\/\/www.tomirinne.fi\/wp-content\/uploads\/2011\/07\/DSC01941-768x576.jpg 768w, http:\/\/www.tomirinne.fi\/wp-content\/uploads\/2011\/07\/DSC01941-1536x1152.jpg 1536w, http:\/\/www.tomirinne.fi\/wp-content\/uploads\/2011\/07\/DSC01941-2048x1536.jpg 2048w, http:\/\/www.tomirinne.fi\/wp-content\/uploads\/2011\/07\/DSC01941-1568x1176.jpg 1568w\" sizes=\"auto, (max-width: 300px) 100vw, 300px\" \/><\/a>\u00a0<a href=\"http:\/\/www.tomirinne.net\/wp-content\/uploads\/2011\/07\/DSC01944.jpg\"><img loading=\"lazy\" decoding=\"async\" class=\"alignnone size-medium wp-image-619\" title=\"Sioskurun autiotupa\" src=\"http:\/\/www.tomirinne.net\/wp-content\/uploads\/2011\/07\/DSC01944-300x225.jpg\" alt=\"\" width=\"300\" height=\"225\" srcset=\"http:\/\/www.tomirinne.fi\/wp-content\/uploads\/2011\/07\/DSC01944-300x225.jpg 300w, http:\/\/www.tomirinne.fi\/wp-content\/uploads\/2011\/07\/DSC01944-1024x768.jpg 1024w, http:\/\/www.tomirinne.fi\/wp-content\/uploads\/2011\/07\/DSC01944-768x576.jpg 768w, http:\/\/www.tomirinne.fi\/wp-content\/uploads\/2011\/07\/DSC01944-1536x1152.jpg 1536w, http:\/\/www.tomirinne.fi\/wp-content\/uploads\/2011\/07\/DSC01944-2048x1536.jpg 2048w, http:\/\/www.tomirinne.fi\/wp-content\/uploads\/2011\/07\/DSC01944-1568x1176.jpg 1568w\" sizes=\"auto, (max-width: 300px) 100vw, 300px\" \/><\/a><\/p>\n<p>Sateisen y\u00f6n j\u00e4lkeen aamu oli taas poutainen joten k\u00e4vely Sioskurusta Pyh\u00e4keron huipun\u00a0kautta taikaisin autolle sujui kuivin jaloin. Ihan mukava oli vaellella, vaikka miinuksena t\u00e4ytyykin pit\u00e4\u00e4, ett\u00e4 sama reitti jouduttiin menem\u00e4\u00e4n edestakaisin.\u00a0Toisaalta kyll\u00e4 ne maisemat v\u00e4h\u00e4n erilaiset ovat, kun niit\u00e4 katseleen v\u00e4h\u00e4n toisesta suunnasta. Mutta saatiin ainakin tuntumaa mit\u00e4 noiden rinkkojen raahaaminen todellisuudessa on, jos joskus tekisi vaikka v\u00e4h\u00e4n pidemm\u00e4nkin vaelluksen.<\/p>\n<p>Loppup\u00e4iv\u00e4 menikin sitten autossa istuessa, kun ajoimme melkein yht\u00e4 soittoa reilun 600 km Hyrynsalmelle.\u00a0Siell\u00e4 sitten\u00a0y\u00f6vyimme teltassa leirint\u00e4alueella. Ilta oli komean aurinkoinen ja l\u00e4mmin, ja ennen kaikkea itikoita ei ollut yht\u00e4\u00e4n.<\/p>\n<p><a href=\"http:\/\/www.tomirinne.net\/wp-content\/uploads\/2011\/07\/DSC01948.jpg\"><img loading=\"lazy\" decoding=\"async\" class=\"alignnone size-medium wp-image-616\" title=\"Hyrynsalmen leirint\u00e4alueella\" src=\"http:\/\/www.tomirinne.net\/wp-content\/uploads\/2011\/07\/DSC01948-300x225.jpg\" alt=\"\" width=\"300\" height=\"225\" srcset=\"http:\/\/www.tomirinne.fi\/wp-content\/uploads\/2011\/07\/DSC01948-300x225.jpg 300w, http:\/\/www.tomirinne.fi\/wp-content\/uploads\/2011\/07\/DSC01948-1024x768.jpg 1024w, http:\/\/www.tomirinne.fi\/wp-content\/uploads\/2011\/07\/DSC01948-768x576.jpg 768w, http:\/\/www.tomirinne.fi\/wp-content\/uploads\/2011\/07\/DSC01948-1536x1152.jpg 1536w, http:\/\/www.tomirinne.fi\/wp-content\/uploads\/2011\/07\/DSC01948-2048x1536.jpg 2048w, http:\/\/www.tomirinne.fi\/wp-content\/uploads\/2011\/07\/DSC01948-1568x1176.jpg 1568w\" sizes=\"auto, (max-width: 300px) 100vw, 300px\" \/><\/a>\u00a0<a href=\"http:\/\/www.tomirinne.net\/wp-content\/uploads\/2011\/07\/DSC01947.jpg\"><img loading=\"lazy\" decoding=\"async\" class=\"alignnone size-medium wp-image-617\" title=\"Iso Paha Susi vai Petteri Punakuono?\" src=\"http:\/\/www.tomirinne.net\/wp-content\/uploads\/2011\/07\/DSC01947-e1310211922660-225x300.jpg\" alt=\"\" width=\"225\" height=\"300\" srcset=\"http:\/\/www.tomirinne.fi\/wp-content\/uploads\/2011\/07\/DSC01947-e1310211922660-225x300.jpg 225w, http:\/\/www.tomirinne.fi\/wp-content\/uploads\/2011\/07\/DSC01947-e1310211922660-768x1024.jpg 768w, http:\/\/www.tomirinne.fi\/wp-content\/uploads\/2011\/07\/DSC01947-e1310211922660-1152x1536.jpg 1152w, http:\/\/www.tomirinne.fi\/wp-content\/uploads\/2011\/07\/DSC01947-e1310211922660-1536x2048.jpg 1536w, http:\/\/www.tomirinne.fi\/wp-content\/uploads\/2011\/07\/DSC01947-e1310211922660-1568x2091.jpg 1568w, http:\/\/www.tomirinne.fi\/wp-content\/uploads\/2011\/07\/DSC01947-e1310211922660-scaled.jpg 1920w\" sizes=\"auto, (max-width: 225px) 100vw, 225px\" \/><\/a><\/p>\n<p>Torstaiaamuna ajoimme Hyrynsalmelta Kuhmoon jossa k\u00e4vimme suunnistamassa Kainuun rastiviikoilla kuntosarjassa. Keli oli tukalan helteinen ja 7,4 km:n reitti oli melko hikist\u00e4 puurtamista. KRV:n onni oli, ett\u00e4 osallistuimme KRV:lle ensimm\u00e4isen kerran vuonna 2007 jolloin maastot olivat Sotkamon upeissa kangasmetsiss\u00e4. Noilla muistoilla sit\u00e4 voi aina l\u00e4hte\u00e4 toivomaan, ett\u00e4 muinakin vuosina ko. maastot olisivat mahdollisia. T\u00e4n\u00e4 vuonna ei ainakaan kuntosuunnistajien kolmannen ja nelj\u00e4nnen p\u00e4iv\u00e4n radat sellaista olleet. Samanlaista perkeleen ryteikk\u00f6\u00e4\u00a0se oli, jota t\u00e4\u00e4lt\u00e4 Pirkanmaaltakin l\u00f6ytyy, paarmoja vaan oli\u00a0enemm\u00e4n.<\/p>\n<p>Torstaina suunnistuksen j\u00e4lkeen oli olo muuttunut v\u00e4h\u00e4n huonovointisemmaksi, mutta kun aamulla pysyi tolpillaan, niin perjantainakin piti mets\u00e4\u00e4n l\u00e4hte\u00e4, kun n\u00e4in pitk\u00e4lle oli kerran\u00a0ajettu. Matkan tosin vaihdoin v\u00e4h\u00e4n lyhyemp\u00e4\u00e4n. T\u00e4ll\u00e4 kertaa suunnistuis ei oikein maistunut, eik\u00e4 jalkakaan oikein suostunut nousemaan. K\u00e4velyksi piti laittaa monesti tasaisellakin rastiv\u00e4lil\u00e4. Maaliin tulon j\u00e4lkeen olo alkoi muuttumaan edelleen heikommaksi &#8211; p\u00e4\u00e4t\u00e4 s\u00e4rki ja vatsaa kiersi. N\u00e4in ollen reilun 500 km kotimatka Yl\u00f6j\u00e4rvelle ei ollut mit\u00e4\u00e4n herkkua. Onneksi Tuuli oli pirte\u00e4ss\u00e4\u00a0ajokunnossa ja min\u00e4 sain v\u00e4\u00e4ntelehti\u00e4 pelk\u00e4\u00e4j\u00e4n paikalla. Illalla kuumemittari n\u00e4ytti 38 astetta joten syy huonovointisuuteen ja heikkoon suunnistusintoon l\u00f6ytyi elohopeatikun lukemista. Loppuviikko meneekin sitten huilaillessa ja maanantain t\u00f6ihin paluuta odotellessa.<\/p>\n","protected":false},"excerpt":{"rendered":"<p>T\u00e4ll\u00e4 er\u00e4\u00e4 viimeiseen lomaviikkoon her\u00e4ttiin Norjan Altassa. Sunnuntaiehtoona ajettiin viel\u00e4 Haltin seikaulun j\u00e4lkeen 250 km pohjoiseen ja y\u00f6vyttiin pohjois-norjalaisella leirint\u00e4alueella. Kelit suosi telttamajoitusta eik\u00e4 itikoitakaan ollut h\u00e4iritsem\u00e4ss\u00e4. Maanantaip\u00e4iv\u00e4 menikin sitten autossa istuessa, kun ajoimme ensin Altasta Hammerfestiin ja sitten samaa &hellip; <a href=\"http:\/\/www.tomirinne.fi\/?p=611\">Continue reading <span class=\"meta-nav\">&rarr;<\/span><\/a><\/p>\n","protected":false},"author":1,"featured_media":0,"comment_status":"open","ping_status":"open","sticky":false,"template":"","format":"standard","meta":{"footnotes":""},"categories":[4],"tags":[],"class_list":["post-611","post","type-post","status-publish","format-standard","hentry","category-muuta"],"_links":{"self":[{"href":"http:\/\/www.tomirinne.fi\/index.php?rest_route=\/wp\/v2\/posts\/611","targetHints":{"allow":["GET"]}}],"collection":[{"href":"http:\/\/www.tomirinne.fi\/index.php?rest_route=\/wp\/v2\/posts"}],"about":[{"href":"http:\/\/www.tomirinne.fi\/index.php?rest_route=\/wp\/v2\/types\/post"}],"author":[{"embeddable":true,"href":"http:\/\/www.tomirinne.fi\/index.php?rest_route=\/wp\/v2\/users\/1"}],"replies":[{"embeddable":true,"href":"http:\/\/www.tomirinne.fi\/index.php?rest_route=%2Fwp%2Fv2%2Fcomments&post=611"}],"version-history":[{"count":0,"href":"http:\/\/www.tomirinne.fi\/index.php?rest_route=\/wp\/v2\/posts\/611\/revisions"}],"wp:attachment":[{"href":"http:\/\/www.tomirinne.fi\/index.php?rest_route=%2Fwp%2Fv2%2Fmedia&parent=611"}],"wp:term":[{"taxonomy":"category","embeddable":true,"href":"http:\/\/www.tomirinne.fi\/index.php?rest_route=%2Fwp%2Fv2%2Fcategories&post=611"},{"taxonomy":"post_tag","embeddable":true,"href":"http:\/\/www.tomirinne.fi\/index.php?rest_route=%2Fwp%2Fv2%2Ftags&post=611"}],"curies":[{"name":"wp","href":"https:\/\/api.w.org\/{rel}","templated":true}]}}