{"id":596,"date":"2011-07-02T19:44:17","date_gmt":"2011-07-02T16:44:17","guid":{"rendered":"http:\/\/www.tomirinne.net\/?p=596"},"modified":"2011-07-02T19:44:17","modified_gmt":"2011-07-02T16:44:17","slug":"midnattsolgaloppen-2011","status":"publish","type":"post","link":"http:\/\/www.tomirinne.fi\/?p=596","title":{"rendered":"Midnattsolgaloppen 2011"},"content":{"rendered":"<p>Aurinkoiseen Malangen Bryggeriin saavuimme tiistaina suoraan Kilpisj\u00e4rvelt\u00e4. Majapaikkana meill\u00e4 oli Malangenin vuonon rannalla olevassa m\u00f6kkikyl\u00e4ss\u00e4, miss\u00e4 lumihuippuiset vuoret komistuttivat vuonon takaista maisemaa.<\/p>\n<p><a href=\"http:\/\/www.tomirinne.net\/wp-content\/uploads\/2011\/07\/M\u00f6kkikyl\u00e4.jpg\"><img loading=\"lazy\" decoding=\"async\" class=\"alignnone size-medium wp-image-597\" title=\"M\u00f6kkikyl\u00e4\" src=\"http:\/\/www.tomirinne.net\/wp-content\/uploads\/2011\/07\/M\u00f6kkikyl\u00e4-300x225.jpg\" alt=\"\" width=\"300\" height=\"225\" \/><\/a>\u00a0<a href=\"http:\/\/www.tomirinne.net\/wp-content\/uploads\/2011\/07\/Maisema.jpg\"><img loading=\"lazy\" decoding=\"async\" class=\"alignnone size-medium wp-image-598\" title=\"Maisema\" src=\"http:\/\/www.tomirinne.net\/wp-content\/uploads\/2011\/07\/Maisema-300x225.jpg\" alt=\"\" width=\"300\" height=\"225\" srcset=\"http:\/\/www.tomirinne.fi\/wp-content\/uploads\/2011\/07\/Maisema-300x225.jpg 300w, http:\/\/www.tomirinne.fi\/wp-content\/uploads\/2011\/07\/Maisema-1024x768.jpg 1024w, http:\/\/www.tomirinne.fi\/wp-content\/uploads\/2011\/07\/Maisema-768x576.jpg 768w, http:\/\/www.tomirinne.fi\/wp-content\/uploads\/2011\/07\/Maisema-1536x1152.jpg 1536w, http:\/\/www.tomirinne.fi\/wp-content\/uploads\/2011\/07\/Maisema-2048x1536.jpg 2048w, http:\/\/www.tomirinne.fi\/wp-content\/uploads\/2011\/07\/Maisema-1568x1176.jpg 1568w\" sizes=\"auto, (max-width: 300px) 100vw, 300px\" \/><\/a><\/p>\n<p>Ensimm\u00e4isen (kuten my\u00f6s 2.:n ja 4.:n) kisap\u00e4iv\u00e4n kilpailukeskus sijaitsi Kjerkevikiss\u00e4. Matkaa kisakeskukseen olisi ollut linnuntiet\u00e4 vain n. parin kilometrin verran, mutta v\u00e4liss\u00e4 ollut vuono esti suoran kulun ja vuonon kiertoon kului aikaa reilu puoli tuntia ja matkaa kertyi p\u00e4\u00e4lle 30 km.<\/p>\n<p>Ensimm\u00e4isen p\u00e4ivin l\u00e4ht\u00f6ni oli klo 18:25 ja p\u00e4iv\u00e4ll\u00e4 ollut hieno aurinkoinen keli oli muuttunut vesisateeksi. Onneksi sade rauhottui ja loppuikin tyystin l\u00e4ht\u00f6paikalle p\u00e4\u00e4syyn menness\u00e4. L\u00e4ht\u00f6paikalle p\u00e4\u00e4sy oli jo melkoinen ponnistus sin\u00e4ns\u00e4, sill\u00e4 nousumetrej\u00e4 kertyi siin\u00e4kin jo hulppea m\u00e4\u00e4r\u00e4, ja sateen viilent\u00e4m\u00e4 kroppa saikin hyv\u00e4n alkul\u00e4mm\u00f6n ennen starttia. Sen verran korkealle noustiin, ett\u00e4 l\u00e4ht\u00f6paikalta n\u00e4kyi vuonon toisella puolella sijaitseva majapaikkamme.<\/p>\n<p>L\u00e4ht\u00f6rutiinit Norjassa n\u00e4yttiv\u00e4t poikkeavan jonkin verran tutuista suomalaisista vastaavista. Kolmen minuutin karsinassa j\u00e4rjest\u00e4j\u00e4t tarkastivat onko oikea mies oikeassa paikassa. Kahden minuutin karsinassa oli tarjolla rastim\u00e4\u00e4ritteet. Minuutin karsina ei poikennut suomalaisesta, sill\u00e4 siin\u00e4 j\u00e4nnitys ei poikennut kotimaisesta t\u00e4rin\u00e4st\u00e4 laisinkaan. L\u00e4ht\u00f6piippauksen j\u00e4lkeen napattiin kartta korista ja nollattiin emitti.<\/p>\n<p>Ensimm\u00e4inen kisa oli ns. mets\u00e4osakilpailu ja matkaa sarjassani oli 7.7 km. Rasteja oli vain 9 kappaletta, joten pitki\u00e4 rastiv\u00e4lej\u00e4 oli tiedossa. Kisa ei l\u00e4htenyt liikkeelle kovin mallikkaasti, sill\u00e4 heti ensimm\u00e4iselle rastille tein varmaankin n.7 minuutin haun, eik\u00e4 maasto tuntunut muutenkaan kovin tutulta h\u00e4m\u00e4l\u00e4iselt\u00e4 ryteik\u00f6lt\u00e4. Alusta oli tosi hyv\u00e4 juosta (jos vain kovilta korkeuseroilta jaksoi) ja jopa min\u00e4 pystyin vauhdissa lukemaan karttaa, sill\u00e4 ei tarvinnut koko ajan pel\u00e4t\u00e4, ett\u00e4 jalka osuisi johonkin karahkaan ja olisin nen\u00e4ll\u00e4ni turpeessa.<\/p>\n<p>Toinen rasti l\u00f6ytyi jo v\u00e4h\u00e4n jouhevammin ja pikku hiljaa karttaan ja maastoon alkoi p\u00e4\u00e4sem\u00e4\u00e4n sinuiksi. Peukalo alkoi v\u00e4hitellen pysym\u00e4\u00e4n jatkuvasti eteen tulevien soiden ja kumpareiden ja nenien tahdissa.<\/p>\n<p>Lampaiden kellojen kilkatus kuului v\u00e4h\u00e4n v\u00e4li\u00e4 jossain et\u00e4\u00e4ll\u00e4, mutta kertaakaan en laumaan t\u00f6rm\u00e4nnyt, vaikka muutaman kerran aitaus pitikin ylitt\u00e4\u00e4. Maasto oli sateen j\u00e4lkeen m\u00e4rk\u00e4\u00e4 ja kun soita oli muutenkin paljon, niin melko uitettu olo v\u00e4lil\u00e4 oli. Onneksi tiheik\u00f6t puuttuivat l\u00e4hes kokonaan reitilt\u00e4 joten puista ei kauheasti vett\u00e4 niskaan tullut.<\/p>\n<p>Muutamalla loppup\u00e4\u00e4n rastilla oli hieman hakua ilmassa, mutta suhteellisen mukavasti lippu kuitenkin l\u00f6ytyi. Etenkin pisimm\u00e4st\u00e4, n.2.5 km rastiv\u00e4list\u00e4 olen eritt\u00e4in tyytyv\u00e4inen, sill\u00e4 tossu tuntui etenev\u00e4n ihan kiitett\u00e4v\u00e4sti ja rastillekin tulin kuin telkk\u00e4 p\u00f6ntt\u00f6\u00f6n (vai miten se sanonta nyt menik\u00e4\u00e4n). Meik\u00e4l\u00e4isen vauhti on tietenkin suhteellista, sill\u00e4 oma tuntuma ja tulosluettelo kertoma ihan omaa tarinaansa. No, enp\u00e4 ollut ainakaan viimeinen &#8211; t\u00e4n\u00e4\u00e4n.<\/p>\n<p><a href=\"http:\/\/www.tomirinne.net\/wp-content\/uploads\/2011\/07\/Kisakeskus.jpg\"><img loading=\"lazy\" decoding=\"async\" class=\"alignnone size-medium wp-image-599\" title=\"Kisakeskus\" src=\"http:\/\/www.tomirinne.net\/wp-content\/uploads\/2011\/07\/Kisakeskus-300x225.jpg\" alt=\"\" width=\"300\" height=\"225\" srcset=\"http:\/\/www.tomirinne.fi\/wp-content\/uploads\/2011\/07\/Kisakeskus-300x225.jpg 300w, http:\/\/www.tomirinne.fi\/wp-content\/uploads\/2011\/07\/Kisakeskus-1024x768.jpg 1024w, http:\/\/www.tomirinne.fi\/wp-content\/uploads\/2011\/07\/Kisakeskus-768x576.jpg 768w, http:\/\/www.tomirinne.fi\/wp-content\/uploads\/2011\/07\/Kisakeskus-1536x1152.jpg 1536w, http:\/\/www.tomirinne.fi\/wp-content\/uploads\/2011\/07\/Kisakeskus-2048x1536.jpg 2048w, http:\/\/www.tomirinne.fi\/wp-content\/uploads\/2011\/07\/Kisakeskus-1568x1176.jpg 1568w\" sizes=\"auto, (max-width: 300px) 100vw, 300px\" \/><\/a><\/p>\n<p>Toinen osakilpailu oli teemaltaa tunturi. L\u00e4ht\u00f6paikka oli sama kuin ensimm\u00e4isen\u00e4kin ja kelikin v\u00e4h\u00e4n vastasi edellist\u00e4 p\u00e4iv\u00e4\u00e4. Sadetta oli ollut juuri kisan alla ja l\u00e4mp\u00f6\u00e4 oli hieman p\u00e4\u00e4lle kymmenen astetta. T\u00e4m\u00e4 oli my\u00f6s ns. iltakisa, sill\u00e4 l\u00e4ht\u00f6aikani oli 20:17, ja kun matkaa oli edess\u00e4 9 km ja rasteja 16, niin ilta olisi jo melko pitk\u00e4ll\u00e4 kun maalileimaus tulisi tehty\u00e4. Onneksi pimeydest\u00e4 ei tarvinnut olla huolissaan n\u00e4ill\u00e4 leveysasteilla vaikka taivas olikin pilvess\u00e4.<\/p>\n<p>K-piste oli samassa paikassa kuin edellisen\u00e4kin p\u00e4iv\u00e4n\u00e4, mutta suunta ensimm\u00e4iselle rastille oli 90 astetta toiseen suuntaan &#8211; yl\u00f6sp\u00e4in. Ensimm\u00e4inen rasti oli t\u00e4ll\u00e4 kertaa suht. l\u00e4hell\u00e4, mutta kyll\u00e4 sillekin piti tehd\u00e4 perinteinen hermopummi. Tosin ei niin mahtavaa kuin edellisen\u00e4 p\u00e4iv\u00e4n\u00e4.<\/p>\n<p>Sitten suunnistus alkoi taas sujumaan paremmin, ja soiden lukeminen kartalta sujui ihan mukavasti. V\u00e4lil\u00e4 p\u00e4\u00e4si kiipe\u00e4m\u00e4\u00e4n rinteit\u00e4 yl\u00f6s nelivedolla ja v\u00e4lill\u00e4 olisi persuuksissakin pit\u00e4nyt olla nasta, kun tultiin niin jyrkki\u00e4 rinteit\u00e4 alas, ettei meinannut saada persliusun vauhti pys\u00e4htym\u00e4\u00e4n laisinkaan.<\/p>\n<p>Loppupuolen rasteilla tuli tupeksittua pari hyvin alkanutta rastiv\u00e4li\u00e4, kun itseluottamus petti ja aloin seurailemaan toisten menoa. Ja siit\u00e4h\u00e4n ei koskaan hyv\u00e4\u00e4 seuraa. Maaliin tultiin taas sijoilla jotain, mutta kyll\u00e4 jokunen sent\u00e4\u00e4n taas j\u00e4lkeenkin j\u00e4i.<\/p>\n<p>Kolmas kisap\u00e4iv\u00e4 olikin Tromsan saarella, kisakeskuksena Tromsa-halli. L\u00e4ht\u00f6aikani oli vasta 18:29, mutta l\u00e4hdimme jo aamup\u00e4iv\u00e4st\u00e4 ajelemaan ja py\u00f6rim\u00e4\u00e4n Tromsan keskustaan. Ilta tulikin sitten py\u00f6ritty\u00e4 Tromsan mettik\u00f6ss\u00e4. Kyseinen\u00a0 kisa oli teemalla kaupunkiosakilpailu, mutta kaupunkiosakilpailua siit\u00e4 ei tehnyt muu kuin kaupungin l\u00e4heisyys.<\/p>\n<p>Vihreit\u00e4 arvoja t\u00e4ss\u00e4 osakilpailussa oli painotettu huolella &#8211; ainakin kartan v\u00e4rityksess\u00e4. L\u00e4hes koko suunnistusalue oli joko vihre\u00e4\u00e4 tai tumman vihre\u00e4\u00e4. Ja kun 4.5 km radalle oli ahdettu 19 rastia, niin sen tiesi jo alussa mit\u00e4 tuleman piti. Sit\u00e4 alkoi kaipaan jo jopa Tampereen rytek\u00f6it\u00e4 tai Nokian kivikoita.<\/p>\n<p>En nyt osaa sanoa l\u00f6ysink\u00f6 yht\u00e4\u00e4n rastia heti ensi yritt\u00e4m\u00e4ll\u00e4, telkk\u00e4 sai t\u00e4ll\u00e4 kertaa etsi\u00e4 p\u00f6ntt\u00f6\u00e4\u00e4n oikein huolella. Viimeinen rasti taisi olla poikkeus. Mutta kun se oli loppuviitoituiksen alussa polkujen risteyksess\u00e4, niin en oikein tied\u00e4 voiko sen l\u00f6yt\u00e4mist\u00e4 pit\u00e4\u00e4 niin kovin suurena saavutuksena.<\/p>\n<p>En nyt osaa sanoa sit\u00e4k\u00e4\u00e4n, ett\u00e4 oliko tuo edes hauskaa. Hike\u00e4 ei tullut kuin tuskahien merkeiss\u00e4, sill\u00e4 kartaa piti pys\u00e4hty\u00e4 lukemaan kymmenen metrin v\u00e4lein eik\u00e4 sykett\u00e4 saanut p\u00e4\u00e4lle ollenkaan. Toisaalta vaikka mik\u00e4\u00e4n rasti ei ihan kunnolla l\u00f6ytynyt, niin eip\u00e4 mit\u00e4\u00e4n j\u00e4ttisuurta eksymist\u00e4k\u00e4\u00e4n p\u00e4\u00e4ssyt tulemaan. Yhdell\u00e4 rastiv\u00e4lill\u00e4 jouduin palaamaan polkuviidakossa takaisinp\u00e4in ja ottamaan uudelleen vauhtia, mutta muuten meno oli p\u00e4\u00e4asiassa eteenp\u00e4in &#8211; joskin hapuillen.<\/p>\n<p><a href=\"http:\/\/www.tomirinne.net\/wp-content\/uploads\/2011\/07\/2.pv-start.jpg\"><img loading=\"lazy\" decoding=\"async\" class=\"alignnone size-medium wp-image-600\" title=\"2.pv start\" src=\"http:\/\/www.tomirinne.net\/wp-content\/uploads\/2011\/07\/2.pv-start-300x225.jpg\" alt=\"\" width=\"300\" height=\"225\" srcset=\"http:\/\/www.tomirinne.fi\/wp-content\/uploads\/2011\/07\/2.pv-start-300x225.jpg 300w, http:\/\/www.tomirinne.fi\/wp-content\/uploads\/2011\/07\/2.pv-start-1024x768.jpg 1024w, http:\/\/www.tomirinne.fi\/wp-content\/uploads\/2011\/07\/2.pv-start-768x576.jpg 768w, http:\/\/www.tomirinne.fi\/wp-content\/uploads\/2011\/07\/2.pv-start-1536x1152.jpg 1536w, http:\/\/www.tomirinne.fi\/wp-content\/uploads\/2011\/07\/2.pv-start-2048x1536.jpg 2048w, http:\/\/www.tomirinne.fi\/wp-content\/uploads\/2011\/07\/2.pv-start-1568x1176.jpg 1568w\" sizes=\"auto, (max-width: 300px) 100vw, 300px\" \/><\/a>\u00a0<a href=\"http:\/\/www.tomirinne.net\/wp-content\/uploads\/2011\/07\/2.pv-maali.jpg\"><img loading=\"lazy\" decoding=\"async\" class=\"alignnone size-medium wp-image-601\" title=\"2.pv maali\" src=\"http:\/\/www.tomirinne.net\/wp-content\/uploads\/2011\/07\/2.pv-maali-300x225.jpg\" alt=\"\" width=\"300\" height=\"225\" srcset=\"http:\/\/www.tomirinne.fi\/wp-content\/uploads\/2011\/07\/2.pv-maali-300x225.jpg 300w, http:\/\/www.tomirinne.fi\/wp-content\/uploads\/2011\/07\/2.pv-maali-1024x768.jpg 1024w, http:\/\/www.tomirinne.fi\/wp-content\/uploads\/2011\/07\/2.pv-maali-768x576.jpg 768w, http:\/\/www.tomirinne.fi\/wp-content\/uploads\/2011\/07\/2.pv-maali-1536x1152.jpg 1536w, http:\/\/www.tomirinne.fi\/wp-content\/uploads\/2011\/07\/2.pv-maali-2048x1536.jpg 2048w, http:\/\/www.tomirinne.fi\/wp-content\/uploads\/2011\/07\/2.pv-maali-1568x1176.jpg 1568w\" sizes=\"auto, (max-width: 300px) 100vw, 300px\" \/><\/a>\u00a0<a href=\"http:\/\/www.tomirinne.net\/wp-content\/uploads\/2011\/07\/Tuuli-suolla.jpg\"><img loading=\"lazy\" decoding=\"async\" class=\"alignnone size-medium wp-image-602\" title=\"Tuuli suolla\" src=\"http:\/\/www.tomirinne.net\/wp-content\/uploads\/2011\/07\/Tuuli-suolla-225x300.jpg\" alt=\"\" width=\"225\" height=\"300\" srcset=\"http:\/\/www.tomirinne.fi\/wp-content\/uploads\/2011\/07\/Tuuli-suolla-225x300.jpg 225w, http:\/\/www.tomirinne.fi\/wp-content\/uploads\/2011\/07\/Tuuli-suolla-768x1024.jpg 768w, http:\/\/www.tomirinne.fi\/wp-content\/uploads\/2011\/07\/Tuuli-suolla-1152x1536.jpg 1152w, http:\/\/www.tomirinne.fi\/wp-content\/uploads\/2011\/07\/Tuuli-suolla-1536x2048.jpg 1536w, http:\/\/www.tomirinne.fi\/wp-content\/uploads\/2011\/07\/Tuuli-suolla-1568x2091.jpg 1568w, http:\/\/www.tomirinne.fi\/wp-content\/uploads\/2011\/07\/Tuuli-suolla-scaled.jpg 1920w\" sizes=\"auto, (max-width: 225px) 100vw, 225px\" \/><\/a><\/p>\n<p>Nelj\u00e4s ja viimeinen osakilpailu oli teemaltaan vuono. T\u00e4m\u00e4n kisan l\u00e4ht\u00f6 olikin jo p\u00e4iv\u00e4ll\u00e4 klo 15:10. Matkaa oli kartaan merkattu 7.4 km ja rasteja 17 kappaletta. T\u00e4lle p\u00e4iv\u00e4lle j\u00e4rjest\u00e4j\u00e4t olivat keksineet uuden l\u00e4ht\u00f6paikan, mutta s\u00e4\u00e4t\u00e4 he eiv\u00e4t olleet suostuneet vaihtamaan. Vaikka aamu oli ollut l\u00e4mpim\u00e4n aurinkoinen, niin l\u00e4ht\u00f6hetkell\u00e4 alkoi taivaalta taas tiputtelemaan vett\u00e4. Viimeisill\u00e4 rasteill\u00e4 vett\u00e4 satoi jo sen verran, ett\u00e4 kastunut olisi jos olisi ollut kuivaa yll\u00e4, mutta sit\u00e4 ei ollut.<\/p>\n<p>Ensimm\u00e4inen rasti n\u00e4ytti t\u00e4ll\u00e4 kertaa helpolta, mutta mit\u00e4p\u00e4 sit\u00e4 vanhoja tapoja vaihtamaan. Pummi alkuun pit\u00e4\u00e4 mielen kirkkaana loppumatkalla. Onneksi takaa l\u00e4htenyt kisakumppani huikkasi oma-aloittesesti rastille, joten kovin isoa koukkua ei t\u00e4st\u00e4 syntynyt. Kakkosella pystyin laittamaan hyv\u00e4n kiertoon, kun n\u00e4ytin yhdelle saksalaiselle vanhukselle sijainnin.<\/p>\n<p>Viidennelle rastille tuli sitten tehty\u00e4 p\u00e4iv\u00e4n pahin. Jo matkalla sinne ounastelin, ett\u00e4 nyt voi menn\u00e4 pieleen ja pahasti, sill\u00e4 tyhj\u00e4 takarinne pitk\u00e4n v\u00e4lin p\u00e4\u00e4tteeksi ei kuulu minun suurinpiin vahvuuksiini. Tuli sitten menty\u00e4 ohi ja yli oikein isolla jalalla, ja piti ottaa hattu k\u00e4teen ja kysy\u00e4 n\u00f6yr\u00e4sti sijaintia.<\/p>\n<p>Seuraavillakaan rasteilla ei tullut ihan telkk\u00e4m\u00e4inen olo, mutta puu sent\u00e4\u00e4n oli yleens\u00e4 oikea, vaikkei ihan p\u00f6ntt\u00f6\u00f6n suoraan kopsahtanutkaan. Sijoitus oli j\u00e4lleen per\u00e4st\u00e4p\u00e4in luettuna ihan kohtalainenvaikka en ihan k\u00e4rkikolmikkoon mahtunutkaan.<\/p>\n<p>Oli kyll\u00e4 ihan hieno nelj\u00e4n p\u00e4iv\u00e4n rupeama. Maisemat ja maastot olivat komeita (lukuunottamatta kolmatta p\u00e4iv\u00e4\u00e4) ja sopivan erilaisia h\u00e4meeseen verrattuna. Kelit olisivat saaneet olla suunnistuksen aikanakin paremmat, ett\u00e4 olisi edes kerran n\u00e4hnyt aurinkoa samalla kun pinkoi pitkin paljakkaa. Iltap\u00e4iv\u00e4sateet taitavat olla melko yleisi\u00e4 t\u00e4\u00e4ll\u00e4 p\u00e4in kalottia.<\/p>\n<p>Toinen positiivinen asia oli se, ett\u00e4 polvi ja akillesj\u00e4nne suostuivat jotenkin kest\u00e4m\u00e4\u00e4n t\u00e4llaisen rupeaman, vaikkei ne kovin tyytyv\u00e4isi\u00e4 maaliintulohetkell\u00e4 olleetkaan.<\/p>\n<p><a href=\"http:\/\/www.tomirinne.net\/wp-content\/uploads\/2011\/07\/Pukemista.jpg\"><img loading=\"lazy\" decoding=\"async\" class=\"alignnone size-medium wp-image-603\" title=\"Pukemista\" src=\"http:\/\/www.tomirinne.net\/wp-content\/uploads\/2011\/07\/Pukemista-225x300.jpg\" alt=\"\" width=\"225\" height=\"300\" srcset=\"http:\/\/www.tomirinne.fi\/wp-content\/uploads\/2011\/07\/Pukemista-225x300.jpg 225w, http:\/\/www.tomirinne.fi\/wp-content\/uploads\/2011\/07\/Pukemista-768x1024.jpg 768w, http:\/\/www.tomirinne.fi\/wp-content\/uploads\/2011\/07\/Pukemista-1152x1536.jpg 1152w, http:\/\/www.tomirinne.fi\/wp-content\/uploads\/2011\/07\/Pukemista-1536x2048.jpg 1536w, http:\/\/www.tomirinne.fi\/wp-content\/uploads\/2011\/07\/Pukemista-1568x2091.jpg 1568w, http:\/\/www.tomirinne.fi\/wp-content\/uploads\/2011\/07\/Pukemista-scaled.jpg 1920w\" sizes=\"auto, (max-width: 225px) 100vw, 225px\" \/><\/a><\/p>\n","protected":false},"excerpt":{"rendered":"<p>Aurinkoiseen Malangen Bryggeriin saavuimme tiistaina suoraan Kilpisj\u00e4rvelt\u00e4. Majapaikkana meill\u00e4 oli Malangenin vuonon rannalla olevassa m\u00f6kkikyl\u00e4ss\u00e4, miss\u00e4 lumihuippuiset vuoret komistuttivat vuonon takaista maisemaa. \u00a0 Ensimm\u00e4isen (kuten my\u00f6s 2.:n ja 4.:n) kisap\u00e4iv\u00e4n kilpailukeskus sijaitsi Kjerkevikiss\u00e4. Matkaa kisakeskukseen olisi ollut linnuntiet\u00e4 vain n. &hellip; <a href=\"http:\/\/www.tomirinne.fi\/?p=596\">Continue reading <span class=\"meta-nav\">&rarr;<\/span><\/a><\/p>\n","protected":false},"author":1,"featured_media":0,"comment_status":"open","ping_status":"open","sticky":false,"template":"","format":"standard","meta":{"footnotes":""},"categories":[5],"tags":[],"class_list":["post-596","post","type-post","status-publish","format-standard","hentry","category-suunnistus"],"_links":{"self":[{"href":"http:\/\/www.tomirinne.fi\/index.php?rest_route=\/wp\/v2\/posts\/596","targetHints":{"allow":["GET"]}}],"collection":[{"href":"http:\/\/www.tomirinne.fi\/index.php?rest_route=\/wp\/v2\/posts"}],"about":[{"href":"http:\/\/www.tomirinne.fi\/index.php?rest_route=\/wp\/v2\/types\/post"}],"author":[{"embeddable":true,"href":"http:\/\/www.tomirinne.fi\/index.php?rest_route=\/wp\/v2\/users\/1"}],"replies":[{"embeddable":true,"href":"http:\/\/www.tomirinne.fi\/index.php?rest_route=%2Fwp%2Fv2%2Fcomments&post=596"}],"version-history":[{"count":0,"href":"http:\/\/www.tomirinne.fi\/index.php?rest_route=\/wp\/v2\/posts\/596\/revisions"}],"wp:attachment":[{"href":"http:\/\/www.tomirinne.fi\/index.php?rest_route=%2Fwp%2Fv2%2Fmedia&parent=596"}],"wp:term":[{"taxonomy":"category","embeddable":true,"href":"http:\/\/www.tomirinne.fi\/index.php?rest_route=%2Fwp%2Fv2%2Fcategories&post=596"},{"taxonomy":"post_tag","embeddable":true,"href":"http:\/\/www.tomirinne.fi\/index.php?rest_route=%2Fwp%2Fv2%2Ftags&post=596"}],"curies":[{"name":"wp","href":"https:\/\/api.w.org\/{rel}","templated":true}]}}