{"id":589,"date":"2011-06-29T14:08:25","date_gmt":"2011-06-29T11:08:25","guid":{"rendered":"http:\/\/www.tomirinne.net\/?p=589"},"modified":"2011-06-29T14:08:25","modified_gmt":"2011-06-29T11:08:25","slug":"liikunnallinen-juhannus-kilpisjarvella","status":"publish","type":"post","link":"http:\/\/www.tomirinne.fi\/?p=589","title":{"rendered":"Liikunnallinen juhannus Kilpisj\u00e4rvell\u00e4"},"content":{"rendered":"<p>Juna oli pari kymment\u00e4 minuuttia my\u00f6h\u00e4ss\u00e4, kun se saapui juhannusaattoa edelt\u00e4v\u00e4n\u00e4 aamuna Rovaniemen asemalle. Se ei juuri haitannut, sill\u00e4 ensimm\u00e4inen kes\u00e4lomap\u00e4iv\u00e4 alkoi juuri k\u00e4ynnistynyt ja viel\u00e4 mukavassa s\u00e4\u00e4ss\u00e4. Autokin saatiin ilman suurempia odotteluja pois junasta, joten ajomatka kohti Kilpisj\u00e4rve\u00e4 p\u00e4\u00e4si alkamaan.<\/p>\n<p>Sinet\u00e4ss\u00e4, v\u00e4h\u00e4n Rovaniemen yl\u00e4puolella, pys\u00e4hdyimme aamupalalle, mutta sen j\u00e4lkeen seuraava pys\u00e4hdys olikin vasta Levill\u00e4, jossa pys\u00e4hdyimme sy\u00f6m\u00e4\u00e4n. Matka taittui maisemia katsellessa ja \u00e4\u00e4nikirjaa kuunnellessa. Muoniosta py\u00f6r\u00e4hdimme Ruotsin puolella, vain toteamassa ettei siell\u00e4 ainakaan paremmassa kunnosa tiet olleet. Muoniossa vaihtui my\u00f6s kuski ja reissun ensimm\u00e4inen j\u00e4\u00e4tel\u00f6 sy\u00f6ty\u00e4.<\/p>\n<p>Kuski vaihtui uudelleen v\u00e4h\u00e4n Kaaresuvannon yl\u00e4pyolella, kun pys\u00e4hdyimme saksalaisten Lapin Sodan loppuvaiheiden tekem\u00e4lle linnoitukselle. Saivaaran m\u00f6kille Saanan kupeeseen saavuimme hyviss\u00e4 ajoin iltap\u00e4iv\u00e4ll\u00e4, ja auton purun j\u00e4lkeen aikaa j\u00e4i viel\u00e4 tutustua l\u00e4hiymp\u00e4rist\u00f6n n\u00e4ht\u00e4vyyksiin.<\/p>\n<p><a href=\"http:\/\/www.tomirinne.net\/wp-content\/uploads\/2011\/06\/M\u00f6kki.jpg\"><img loading=\"lazy\" decoding=\"async\" class=\"alignnone size-medium wp-image-590\" title=\"M\u00f6kki\" src=\"http:\/\/www.tomirinne.net\/wp-content\/uploads\/2011\/06\/M\u00f6kki-300x225.jpg\" alt=\"\" width=\"300\" height=\"225\" \/><\/a><\/p>\n<p>Juhannusaattoaamu oli aurinkoinen ja leveysasteeseen n\u00e4hden l\u00e4mmin. Tuuli k\u00e4vi tekem\u00e4ss\u00e4 juoksulenkin, mutta min\u00e4 tyydyin s\u00e4\u00e4stelem\u00e4\u00e4n kipe\u00e4t\u00e4 polveani tuleviin haasteisiin ja py\u00f6r\u00e4ilin ja kuvailin n\u00e4ht\u00e4vyyksi\u00e4 Tuulin lenkin yhteydess\u00e4.<\/p>\n<p>Juhannushiihdot oli m\u00e4\u00e4r\u00e4 alkaa klo 17, mutta sinne pit\u00e4 l\u00e4hte\u00e4 vaeltamaan retkeilykeskukselta jo tuntia aikaisemmin, sill\u00e4 kisapaikka sijaitsi Saanaj\u00e4rven tuntumassa ja matkaa sinne kertyi nelisen kilometri\u00e4 ja aikaa kului kolmisen varttia. Lumet olivat Saanan pohjoispuolellakin p\u00e4\u00e4sseet hupenemaan alkukes\u00e4n aikana jo sen verran paljon, ettei hiihtoalue ollut j\u00e4rin suuri, ja hiihtomatkaa kertyikin vain alle 100 metri\u00e4. Meill\u00e4 oli mukanamme omat monot, mutta sukset ja sauvat lainasimme j\u00e4rjest\u00e4jilt\u00e4. Perinteisen monoon laitettu luistelusuksi ei oikein istunut j\u00e4m\u00e4k\u00e4sti paikalleen, mutta se ei juurikaan menoa haitannut. Kaltevassa rinteess\u00e4 hiihdetty p\u00e4tk\u00e4 oli omalta osaltani l\u00e4hinn\u00e4 tasaty\u00f6nn\u00f6n, luistelun, vaappumisen ja huojumisen sekoitusta ja aikaa kuluikin ko. p\u00e4tk\u00e4\u00e4n pari-kolme sekunttia alle kaksikymment\u00e4 sekunttia. Huipputekij\u00e4t painelivat saman matkan hieman alle kymmenen sekunnin. Suurin uroteko taisi kuitenkin olla, kun 88 v. pappa sivakoi matkan aikaan jotain, mutta se, ett\u00e4 h\u00e4n ylip\u00e4\u00e4t\u00e4\u00e4n p\u00e4\u00e4si kisapaikalle oli jo melkoinen saavutus, sill\u00e4 vaellus sinne ei ollut ihan helppo juttu.<\/p>\n<p><a href=\"http:\/\/www.tomirinne.net\/wp-content\/uploads\/2011\/06\/Hiihtopaikka.jpg\"><img loading=\"lazy\" decoding=\"async\" class=\"alignnone size-medium wp-image-591\" title=\"Hiihtopaikka\" src=\"http:\/\/www.tomirinne.net\/wp-content\/uploads\/2011\/06\/Hiihtopaikka-300x225.jpg\" alt=\"\" width=\"300\" height=\"225\" srcset=\"http:\/\/www.tomirinne.fi\/wp-content\/uploads\/2011\/06\/Hiihtopaikka-300x225.jpg 300w, http:\/\/www.tomirinne.fi\/wp-content\/uploads\/2011\/06\/Hiihtopaikka-1024x768.jpg 1024w, http:\/\/www.tomirinne.fi\/wp-content\/uploads\/2011\/06\/Hiihtopaikka-768x576.jpg 768w, http:\/\/www.tomirinne.fi\/wp-content\/uploads\/2011\/06\/Hiihtopaikka-1536x1152.jpg 1536w, http:\/\/www.tomirinne.fi\/wp-content\/uploads\/2011\/06\/Hiihtopaikka-2048x1536.jpg 2048w, http:\/\/www.tomirinne.fi\/wp-content\/uploads\/2011\/06\/Hiihtopaikka-1568x1176.jpg 1568w\" sizes=\"auto, (max-width: 300px) 100vw, 300px\" \/><\/a>\u00a0<a href=\"http:\/\/www.tomirinne.net\/wp-content\/uploads\/2011\/06\/Hiiht\u00e4j\u00e4.jpg\"><img loading=\"lazy\" decoding=\"async\" class=\"alignnone size-medium wp-image-592\" title=\"Hiiht\u00e4j\u00e4\" src=\"http:\/\/www.tomirinne.net\/wp-content\/uploads\/2011\/06\/Hiiht\u00e4j\u00e4-225x300.jpg\" alt=\"\" width=\"225\" height=\"300\" \/><\/a><\/p>\n<p>Juhannusp\u00e4iv\u00e4n\u00e4 oli vuorossa suunistuskisat. &#8220;Kisakeskus&#8221; oli onneksi aivan m\u00f6kkimme tuntumassa ja sinne p\u00e4\u00e4si n\u00e4pp\u00e4r\u00e4sti k\u00e4vellen. Varttia ennen yhteisl\u00e4ht\u00f6\u00e4 l\u00e4hdimme porukassa k\u00e4velem\u00e4\u00e4n kisakeskuksesta kohti l\u00e4ht\u00f6paikkaa. Osallistujia ei ollut kuin v\u00e4h\u00e4n toista kymment\u00e4, joten ryhm\u00e4n kokoaminen oli helppoa. Avaussanojen j\u00e4lkeen p\u00e4\u00e4stiin l\u00e4htem\u00e4\u00e4n Salmivaaran maastoon.<\/p>\n<p>T\u00e4m\u00e4 oli ensimm\u00e4inen suunnistuskisa jossa tuli k\u00e4ytetty\u00e4 perinteisi\u00e4 pihtileimasimia. Kartta n\u00e4ytti l\u00e4hinn\u00e4 k\u00e4yr\u00e4kartalta, sill\u00e4 k\u00e4yrin lis\u00e4ksi suunnistusalueelta ei l\u00f6ytynyt merkittyn\u00e4 kuin v\u00e4h\u00e4n paljakkaa ja pari kivikkoa ja suoaluetta. Hieman oli maasto erilaista kuin h\u00e4m\u00e4l\u00e4inen talousmets\u00e4. T\u00e4\u00e4ll\u00e4 ei ollut tihek\u00f6it\u00e4 eik\u00e4 ryteik\u00f6it\u00e4, mutta tunturikoivua, kivikoita ja korkeuseroja oli sit\u00e4kin enemm\u00e4n. Jos osallistujat olivat v\u00e4hiss\u00e4, niin palkintoja olisi sit\u00e4kin enemm\u00e4n. Palkintojenjakokierroksia piti tehd\u00e4 kaikkien osallistujien osalta kaksi eik\u00e4 sittenk\u00e4\u00e4n palkintop\u00f6yt\u00e4\u00e4 saatu puhtaaksi.<\/p>\n<p><a href=\"http:\/\/www.tomirinne.net\/wp-content\/uploads\/2011\/06\/Suunnistus.jpg\"><img loading=\"lazy\" decoding=\"async\" class=\"alignnone size-medium wp-image-593\" title=\"Suunnistus\" src=\"http:\/\/www.tomirinne.net\/wp-content\/uploads\/2011\/06\/Suunnistus-300x225.jpg\" alt=\"\" width=\"300\" height=\"225\" srcset=\"http:\/\/www.tomirinne.fi\/wp-content\/uploads\/2011\/06\/Suunnistus-300x225.jpg 300w, http:\/\/www.tomirinne.fi\/wp-content\/uploads\/2011\/06\/Suunnistus-1024x768.jpg 1024w, http:\/\/www.tomirinne.fi\/wp-content\/uploads\/2011\/06\/Suunnistus-768x576.jpg 768w, http:\/\/www.tomirinne.fi\/wp-content\/uploads\/2011\/06\/Suunnistus-1536x1152.jpg 1536w, http:\/\/www.tomirinne.fi\/wp-content\/uploads\/2011\/06\/Suunnistus-2048x1536.jpg 2048w, http:\/\/www.tomirinne.fi\/wp-content\/uploads\/2011\/06\/Suunnistus-1568x1176.jpg 1568w\" sizes=\"auto, (max-width: 300px) 100vw, 300px\" \/><\/a><\/p>\n<p>Illalla k\u00e4vimme viel\u00e4 kapuamassa Saanan huipuille ja tutustumaan seuraavan p\u00e4iv\u00e4n vuorijuoksun reittiin. Portaita ja kivikkoa n\u00e4ytt\u00e4isi olevan tarjolla.<\/p>\n<p>Sunnuntaina oli sitten vuorossa odotettu ja pel\u00e4tty Saanan vuorijuoksu. Matkaa nelisen kilometri\u00e4 ja nousua 500 m. Juoksuun keli oli mit\u00e4 parahin, sill\u00e4 l\u00e4mp\u00f6\u00e4 oli reilu kymmenen astetta, pilvist\u00e4, ja huipulla tuulta oli vain pari metri\u00e4 sekunnissa. Ensimm\u00e4inen kilometri oli suhteellisen loivaa nousua sis\u00e4lt\u00e4en v\u00e4h\u00e4n portaita, pitkospuuta kivikkomaastoa. T\u00e4m\u00e4n j\u00e4lkeen k\u00e4\u00e4nnyttiin jyrkemp\u00e4\u00e4n rinteeseen joka alkoi 747 portaalla. T\u00e4ll\u00e4 osuudella jalkoja alkoi jo sen verran kovasti hapottamaan, ett\u00e4 paikoin piti vaihtaa k\u00e4velyyn. Portaiden j\u00e4lkeen reitti jatkui kivikkoisella polulla joka paikoin nousu jyrk\u00e4stikin. Viimeisell\u00e4 polkuosuudella piti laittaa jo melko usein k\u00e4velyksi, sill\u00e4 jalkojen hapotus oli sen verran voimakasta, ett\u00e4 juoksusta ei tullut mit\u00e4\u00e4n. Loppuaikani 29:27 on varmaankin kohtalaista keskitasoa, sill\u00e4 reittienn\u00e4tys on 24:24. T\u00e4m\u00e4n vuoden voittaja j\u00e4i tuosta ajasta vain 6 sekunttia.<\/p>\n<p><a href=\"http:\/\/www.tomirinne.net\/wp-content\/uploads\/2011\/06\/Portaat.jpg\"><img loading=\"lazy\" decoding=\"async\" class=\"alignnone size-medium wp-image-594\" title=\"Portaat\" src=\"http:\/\/www.tomirinne.net\/wp-content\/uploads\/2011\/06\/Portaat-300x225.jpg\" alt=\"\" width=\"300\" height=\"225\" srcset=\"http:\/\/www.tomirinne.fi\/wp-content\/uploads\/2011\/06\/Portaat-300x225.jpg 300w, http:\/\/www.tomirinne.fi\/wp-content\/uploads\/2011\/06\/Portaat-1024x768.jpg 1024w, http:\/\/www.tomirinne.fi\/wp-content\/uploads\/2011\/06\/Portaat-768x576.jpg 768w, http:\/\/www.tomirinne.fi\/wp-content\/uploads\/2011\/06\/Portaat-1536x1152.jpg 1536w, http:\/\/www.tomirinne.fi\/wp-content\/uploads\/2011\/06\/Portaat-2048x1536.jpg 2048w, http:\/\/www.tomirinne.fi\/wp-content\/uploads\/2011\/06\/Portaat-1568x1176.jpg 1568w\" sizes=\"auto, (max-width: 300px) 100vw, 300px\" \/><\/a><\/p>\n<p>Iltap\u00e4iv\u00e4ll\u00e4 k\u00e4vimme viel\u00e4 tekem\u00e4ss\u00e4 kolmen tunnin vaelluksen Saanaj\u00e4rvelle.<\/p>\n<p>Maanantaiaamuna l\u00e4hdimme laivalla kohti kolmen valtakunnan rajapyykki\u00e4. Laivamatka kesti puolisen tuntia. Maihin tultuamme vaelsimme kolmen kilometrin matkan hyv\u00e4kulkuista ja tasaista reitti\u00e4 pyykille. Rajapyykilt\u00e4 l\u00e4hdimme vaeltamaan Kalottireitti\u00e4 pitkin, Mallan luonnonpuiston l\u00e4pi, kohti Pikku-Mallan n\u00e4k\u00f6alapaikkaa, ja sielt\u00e4 takaisin autolle. Matkaa laivalta takaisin autolle kertyi viitisentoista kilometri\u00e4 ja aikaa kului kolmen ja puolen tunnin verran. Reitti oli p\u00e4\u00e4osin hyv\u00e4kulkuista, mutta paikoin oli etenemist\u00e4 hidastavaa rakkaa ja kivikkoista polkua. Paljakalla kulkiessa oli upeat n\u00e4kym\u00e4t Kilpisj\u00e4rvelle Iso-Mallan j\u00e4\u00e4dess\u00e4 polun toiselle puolelle. Kitsiputous oli jo hieman kuivumaan p\u00e4in, sill\u00e4 putoavat vesimassat eiv\u00e4t olleet sill\u00e4 hetkell\u00e4 kovinkaan suuret. Mallalampien kohdalla reitti muuttui tasaiseksi ja helppokulkuiseksi jonka j\u00e4lkeen p\u00e4\u00e4si tekem\u00e4\u00e4n reilun kilometrin piston Pikku-Mallan laelle katselemaan maisemia. Loppumatka parkkipaikalle olikin alasp\u00e4in menoa p\u00e4\u00e4osin tunturikoivikon seassa.<\/p>\n<p>S\u00e4\u00e4t suosivat koko Kilpisj\u00e4rvell\u00e4 olemisen ajan eik\u00e4 ulkona ollessa vesisateet haitanneet kertaakaan. Itikkaakin oli v\u00e4hemm\u00e4n kuin kotipuolessa, ja l\u00e4mp\u00f6tilakin oli t\u00e4llaiselle helteit\u00e4 karttavalle juuri sopiva. Toivosttavasti seuraavina p\u00e4ivin\u00e4 vietetty Norjan-reissukin olisi yht\u00e4 onnistunut.<\/p>\n","protected":false},"excerpt":{"rendered":"<p>Juna oli pari kymment\u00e4 minuuttia my\u00f6h\u00e4ss\u00e4, kun se saapui juhannusaattoa edelt\u00e4v\u00e4n\u00e4 aamuna Rovaniemen asemalle. Se ei juuri haitannut, sill\u00e4 ensimm\u00e4inen kes\u00e4lomap\u00e4iv\u00e4 alkoi juuri k\u00e4ynnistynyt ja viel\u00e4 mukavassa s\u00e4\u00e4ss\u00e4. Autokin saatiin ilman suurempia odotteluja pois junasta, joten ajomatka kohti Kilpisj\u00e4rve\u00e4 p\u00e4\u00e4si &hellip; <a href=\"http:\/\/www.tomirinne.fi\/?p=589\">Continue reading <span class=\"meta-nav\">&rarr;<\/span><\/a><\/p>\n","protected":false},"author":1,"featured_media":0,"comment_status":"open","ping_status":"open","sticky":false,"template":"","format":"standard","meta":{"footnotes":""},"categories":[4],"tags":[],"class_list":["post-589","post","type-post","status-publish","format-standard","hentry","category-muuta"],"_links":{"self":[{"href":"http:\/\/www.tomirinne.fi\/index.php?rest_route=\/wp\/v2\/posts\/589","targetHints":{"allow":["GET"]}}],"collection":[{"href":"http:\/\/www.tomirinne.fi\/index.php?rest_route=\/wp\/v2\/posts"}],"about":[{"href":"http:\/\/www.tomirinne.fi\/index.php?rest_route=\/wp\/v2\/types\/post"}],"author":[{"embeddable":true,"href":"http:\/\/www.tomirinne.fi\/index.php?rest_route=\/wp\/v2\/users\/1"}],"replies":[{"embeddable":true,"href":"http:\/\/www.tomirinne.fi\/index.php?rest_route=%2Fwp%2Fv2%2Fcomments&post=589"}],"version-history":[{"count":0,"href":"http:\/\/www.tomirinne.fi\/index.php?rest_route=\/wp\/v2\/posts\/589\/revisions"}],"wp:attachment":[{"href":"http:\/\/www.tomirinne.fi\/index.php?rest_route=%2Fwp%2Fv2%2Fmedia&parent=589"}],"wp:term":[{"taxonomy":"category","embeddable":true,"href":"http:\/\/www.tomirinne.fi\/index.php?rest_route=%2Fwp%2Fv2%2Fcategories&post=589"},{"taxonomy":"post_tag","embeddable":true,"href":"http:\/\/www.tomirinne.fi\/index.php?rest_route=%2Fwp%2Fv2%2Ftags&post=589"}],"curies":[{"name":"wp","href":"https:\/\/api.w.org\/{rel}","templated":true}]}}