{"id":563,"date":"2011-04-24T21:31:57","date_gmt":"2011-04-24T18:31:57","guid":{"rendered":"http:\/\/www.tomirinne.net\/?p=563"},"modified":"2011-04-24T21:31:57","modified_gmt":"2011-04-24T18:31:57","slug":"kauden-avauksia","status":"publish","type":"post","link":"http:\/\/www.tomirinne.fi\/?p=563","title":{"rendered":"Kauden avauksia"},"content":{"rendered":"<p>No nyt on sitten\u00a0avattu\u00a0jos jonkinmoista kautta. Juoksukisakauden avaus oli edellisen\u00e4 sunnuntaina, kun p\u00e4\u00e4sin starttaamaan sitten kuitenkin Pyynikkijuoksussa. Pyttykausi avautui samalla kertaa,\u00a0sill\u00e4 kuntosarjan ykk\u00f6stilasta\u00a0tuli ansaittua vuoden ensimm\u00e4inen (ja melko varmaan my\u00f6s viimeinen)\u00a0pokaali. Pokaalin kanssa k\u00e4vi vaan niin nolosti, etten huomannut k\u00e4yd\u00e4 pokkaamassa sit\u00e4, sill\u00e4 ei k\u00e4ynyt mieless\u00e4nik\u00e4\u00e4n, ett\u00e4 sellaisella juoksulla olisi podiumille p\u00e4\u00e4ssyt. Pit\u00e4\u00e4 siis noutaa pysti jostakin j\u00e4lkeenp\u00e4in.<\/p>\n<p>Pyynikkijuoksu l\u00e4hti k\u00e4yntiin ihan mukavasti. Reitti oli muuttunut sitten minun viimekerran Pyynikkijuoksuni.\u00a0T\u00e4ll\u00e4 kertaa l\u00e4ht\u00f6 tapahtui Ratinan stadionin yl\u00e4hyllylt\u00e4 ja ylitti heti l\u00e4hd\u00f6n j\u00e4lkeen Ratinan uuden k\u00e4velysillan. Siit\u00e4 sitten suunnattiin vanhalle perinteiselle reitille. Jyrkimmiss\u00e4 yl\u00e4m\u00e4iss\u00e4 tuli v\u00e4h\u00e4n passailtua ja jokusia juoksijoita niiss\u00e4 kohdin menikin ohitseni, mutta alam\u00e4iss\u00e4 p\u00e4\u00e4sin yleens\u00e4 kuittaamaan takaisin. Koko matkan pelk\u00e4sin, ett\u00e4 miss\u00e4 vaiheessa palleakramppi taas iskisi, sill\u00e4 se oli vaivannut aikaisimmilla kovilla lenkeill\u00e4, ja pieni\u00e4 tuntemuksia alkoi olemaan heti muutaman kilometrin juoksun j\u00e4lkeen. Yleens\u00e4 kramppi iskee puolen tunnin kohdilla, eli laskeskelin, ett\u00e4 8 kilsan j\u00e4lkeen sit\u00e4 voisi alkaa odottelemaan. 8.5 km:n kohdalla se sitten tuli. Jonnekin pallean seudulle iskettiin puukolla ja syv\u00e4\u00e4n henkitys sattui niin pirusti. Edess\u00e4 menev\u00e4 Visuran paita ei l\u00e4hentynyt en\u00e4\u00e4 samaa tahtia kuin v\u00e4h\u00e4n aikaa aiemmin ja jo v\u00e4h\u00e4n j\u00e4\u00e4nyt tytt\u00f6nenkin alkoi taas puuskuttaa takanani. Onneksi kramppi v\u00e4h\u00e4n hellitti puolen kilometrin j\u00e4lkeen, joten vauhtia ei juurikaan tarvinnut hidastaa. Visuran mies tuli ohitettua kun ylitimme toistamiseen Ratinan k\u00e4velysiltaa, ja matkaa maaliin oli en\u00e4\u00e4 700 m. Stadionille p\u00e4\u00e4sty\u00e4ni alkoi per\u00e4st\u00e4 kuulumaan melkoista puhinaa ja kuulosti silt\u00e4, ett\u00e4 joku tytt\u00f6nen oli taas iskeytynyt kantaani. Sain kuitenkin puristettua vauhtia sen verran, ettei naisten kilpasarjan kolmonen p\u00e4\u00e4ssyt ohitseni, vaan j\u00e4i sekunnin verran taakseni. Sen verran kova loppurutistus oli, ett\u00e4 oksa meinasi tulla ennen kuin osanottomitalli l\u00f6ytiin k\u00e4teen, mutta onneksi tavara pysyi sis\u00e4ll\u00e4 ja selvisin pelk\u00e4ll\u00e4 yhdell\u00e4 y\u00f6kk\u00e4isyll\u00e4.<\/p>\n<p>Suunnistuskisakausikin tuli avattua viime lauantaina. Finnspring suunnistettiin P\u00f6yty\u00e4n pienipiirteisill\u00e4 avokallioilla ja meno oli sen mukaista. Kompassi oli ollut k\u00e4dess\u00e4 edellisen 8 kk:n aikana kerran, joten ylikunnosta ei ollut pelkoa. T\u00e4ll\u00e4 kertaa pokaalin tarjoajia ei kauheasti l\u00f6ytynyt, vaikka kolmas sija olisi tullut, mik\u00e4li tuloksia\u00a0olisi laskettu h\u00e4nt\u00e4p\u00e4\u00e4st\u00e4. Oli kyll\u00e4 niin avuton olo, kun avokallioilla s\u00e4nt\u00e4ili ristiin rastiin, ja kotiinkin teki mieli jossain vaiheessa jo l\u00e4hte\u00e4. Maaliin kuitenkin selvittiin reilun 9 km:n radalta vajaassa kahdessa tunnissa, joten sent\u00e4\u00e4n samalla tunnilla tulin maaliin voittajan kanssa. T\u00e4ll\u00e4 kertaa meill\u00e4 ei ollut Tuulin kanssa mahdollisuutta voittaa kisan huonoimman perheen titteli\u00e4, sill\u00e4 Tuuli meni ja mokas voittamalla D21B-sarjan. Min\u00e4 kyll\u00e4 hoidin oman osuuteni tuossa kisassa\u00a0melko mallikkaasti.<\/p>\n<p>Muita kauden avauksia on ollut esim.: m\u00f6kkikauden avaus, m\u00f6kiilenkkikauden avaus, krillikauden avaus (tosin itse en sy\u00f6nyt), mett\u00e4hommakauden avaus jne. Maantiepy\u00f6r\u00e4kauden kun saisi viel\u00e4 polkaistua k\u00e4yntiin, niin sitten voisi sanoa kev\u00e4\u00e4n tulleen. V\u00e4st\u00e4r\u00e4kki tosin jo m\u00f6kill\u00e4 n\u00e4kyi.<\/p>\n","protected":false},"excerpt":{"rendered":"<p>No nyt on sitten\u00a0avattu\u00a0jos jonkinmoista kautta. Juoksukisakauden avaus oli edellisen\u00e4 sunnuntaina, kun p\u00e4\u00e4sin starttaamaan sitten kuitenkin Pyynikkijuoksussa. Pyttykausi avautui samalla kertaa,\u00a0sill\u00e4 kuntosarjan ykk\u00f6stilasta\u00a0tuli ansaittua vuoden ensimm\u00e4inen (ja melko varmaan my\u00f6s viimeinen)\u00a0pokaali. Pokaalin kanssa k\u00e4vi vaan niin nolosti, etten huomannut k\u00e4yd\u00e4 &hellip; <a href=\"http:\/\/www.tomirinne.fi\/?p=563\">Continue reading <span class=\"meta-nav\">&rarr;<\/span><\/a><\/p>\n","protected":false},"author":1,"featured_media":0,"comment_status":"open","ping_status":"open","sticky":false,"template":"","format":"standard","meta":{"footnotes":""},"categories":[6],"tags":[],"class_list":["post-563","post","type-post","status-publish","format-standard","hentry","category-treeniraportti"],"_links":{"self":[{"href":"http:\/\/www.tomirinne.fi\/index.php?rest_route=\/wp\/v2\/posts\/563","targetHints":{"allow":["GET"]}}],"collection":[{"href":"http:\/\/www.tomirinne.fi\/index.php?rest_route=\/wp\/v2\/posts"}],"about":[{"href":"http:\/\/www.tomirinne.fi\/index.php?rest_route=\/wp\/v2\/types\/post"}],"author":[{"embeddable":true,"href":"http:\/\/www.tomirinne.fi\/index.php?rest_route=\/wp\/v2\/users\/1"}],"replies":[{"embeddable":true,"href":"http:\/\/www.tomirinne.fi\/index.php?rest_route=%2Fwp%2Fv2%2Fcomments&post=563"}],"version-history":[{"count":0,"href":"http:\/\/www.tomirinne.fi\/index.php?rest_route=\/wp\/v2\/posts\/563\/revisions"}],"wp:attachment":[{"href":"http:\/\/www.tomirinne.fi\/index.php?rest_route=%2Fwp%2Fv2%2Fmedia&parent=563"}],"wp:term":[{"taxonomy":"category","embeddable":true,"href":"http:\/\/www.tomirinne.fi\/index.php?rest_route=%2Fwp%2Fv2%2Fcategories&post=563"},{"taxonomy":"post_tag","embeddable":true,"href":"http:\/\/www.tomirinne.fi\/index.php?rest_route=%2Fwp%2Fv2%2Ftags&post=563"}],"curies":[{"name":"wp","href":"https:\/\/api.w.org\/{rel}","templated":true}]}}