{"id":550,"date":"2011-03-13T18:50:21","date_gmt":"2011-03-13T15:50:21","guid":{"rendered":"http:\/\/www.tomirinne.net\/?p=550"},"modified":"2011-03-13T18:50:21","modified_gmt":"2011-03-13T15:50:21","slug":"suksikausi-jatkuu","status":"publish","type":"post","link":"http:\/\/www.tomirinne.fi\/?p=550","title":{"rendered":"Suksikausi jatkuu"},"content":{"rendered":"<p>Olipas huono hiihtoviikko. Ei tullut kuin viikonloppuna hiihdetty\u00e4 pari lenkuraa. Syyn\u00e4 suksimattomuuteen oli alkuviikosta kipe\u00e4 k\u00e4si, jok a kipeytyi Pirkasta niin pahoin, ettei se kest\u00e4nyt maanantaina ja tiistaina mink\u00e4\u00e4nn\u00e4k\u00f6ist\u00e4 v\u00e4\u00e4ntely\u00e4. Loppuviikko oli sitten muuten vaan niin kiireinen ettei ladulle ehtinyt. Lauantai-iltana k\u00e4vin GoExpo:sta tulon j\u00e4lkeen tekem\u00e4ss\u00e4 25 km lenkin. Laitoin Zero:t alle, kun kuvittelin, ett\u00e4 nyt voisi olla jo niiden aika&#8230; mutta ei, ei pid\u00e4 Fischerin pitopohjan viel\u00e4 n\u00e4ill\u00e4k\u00e4\u00e4n keleill\u00e4. Sunnuntaina j\u00e4tin Zero:t varastoon h\u00e4pe\u00e4m\u00e4\u00e4n, ja laitoin liisterisuksen alle. Eip\u00e4 ollut sek\u00e4\u00e4n t\u00e4ysin pit\u00e4v\u00e4 ratkaisu, mutta parempi kuitenkin kuin lauantain lipsuttelu. 40 km tuli lykitty\u00e4 mahtavassa lentokeliss\u00e4.<\/p>\n<p>Matolla\u00a0k\u00e4vin juoksemassa ti-, ke- ja to-aamuina. Tiistain PK2-treeni sujui yll\u00e4tt\u00e4v\u00e4n kevyesti. Etuk\u00e4teen kuvittelin, ett\u00e4 juoksu voisi olla Pirkan j\u00e4lkeen kankeeta, mutta se oli kaikkea muuta. Askel oli kevyen tuntuinen ja sykkeetkin pysyiv\u00e4t kurissa.<\/p>\n<p>Perjantaina tuli salilla tehty\u00e4 joku poikkeuksellinen vatsalihasliike, sill\u00e4 koko viikonlopun oli vatsalihakset mojovan kipe\u00e4t. Pit\u00e4\u00e4 kokeilla maanantaina uudelleen l\u00f6ytyisik\u00f6 samat lihakset uudelleen.<\/p>\n<p>Eip\u00e4 tunnu kev\u00e4t viel\u00e4 tekev\u00e4n tuloaan ihan t\u00e4ydell\u00e4 voimallaa, sill\u00e4 lumi pysyy sitke\u00e4sti maassa ja py\u00f6r\u00e4tiet lumisina. Pit\u00e4\u00e4 siis edelleen jatkaa mattojuoksuakautta. Iltarastikaudenkin pit\u00e4isi alkaa nelj\u00e4n viikon p\u00e4\u00e4st\u00e4, ja jos ei kohta ala tulemaan taivaalta vett\u00e4, niin ensimm\u00e4iset suunnistuskerrat taitavat olla melkoiset lumirastit.<\/p>\n","protected":false},"excerpt":{"rendered":"<p>Olipas huono hiihtoviikko. Ei tullut kuin viikonloppuna hiihdetty\u00e4 pari lenkuraa. Syyn\u00e4 suksimattomuuteen oli alkuviikosta kipe\u00e4 k\u00e4si, jok a kipeytyi Pirkasta niin pahoin, ettei se kest\u00e4nyt maanantaina ja tiistaina mink\u00e4\u00e4nn\u00e4k\u00f6ist\u00e4 v\u00e4\u00e4ntely\u00e4. Loppuviikko oli sitten muuten vaan niin kiireinen ettei ladulle ehtinyt. &hellip; <a href=\"http:\/\/www.tomirinne.fi\/?p=550\">Continue reading <span class=\"meta-nav\">&rarr;<\/span><\/a><\/p>\n","protected":false},"author":1,"featured_media":0,"comment_status":"open","ping_status":"open","sticky":false,"template":"","format":"standard","meta":{"footnotes":""},"categories":[6],"tags":[],"class_list":["post-550","post","type-post","status-publish","format-standard","hentry","category-treeniraportti"],"_links":{"self":[{"href":"http:\/\/www.tomirinne.fi\/index.php?rest_route=\/wp\/v2\/posts\/550","targetHints":{"allow":["GET"]}}],"collection":[{"href":"http:\/\/www.tomirinne.fi\/index.php?rest_route=\/wp\/v2\/posts"}],"about":[{"href":"http:\/\/www.tomirinne.fi\/index.php?rest_route=\/wp\/v2\/types\/post"}],"author":[{"embeddable":true,"href":"http:\/\/www.tomirinne.fi\/index.php?rest_route=\/wp\/v2\/users\/1"}],"replies":[{"embeddable":true,"href":"http:\/\/www.tomirinne.fi\/index.php?rest_route=%2Fwp%2Fv2%2Fcomments&post=550"}],"version-history":[{"count":0,"href":"http:\/\/www.tomirinne.fi\/index.php?rest_route=\/wp\/v2\/posts\/550\/revisions"}],"wp:attachment":[{"href":"http:\/\/www.tomirinne.fi\/index.php?rest_route=%2Fwp%2Fv2%2Fmedia&parent=550"}],"wp:term":[{"taxonomy":"category","embeddable":true,"href":"http:\/\/www.tomirinne.fi\/index.php?rest_route=%2Fwp%2Fv2%2Fcategories&post=550"},{"taxonomy":"post_tag","embeddable":true,"href":"http:\/\/www.tomirinne.fi\/index.php?rest_route=%2Fwp%2Fv2%2Ftags&post=550"}],"curies":[{"name":"wp","href":"https:\/\/api.w.org\/{rel}","templated":true}]}}