{"id":53,"date":"2008-08-13T21:19:59","date_gmt":"2008-08-13T18:19:59","guid":{"rendered":"http:\/\/localhost\/wordpress\/?p=29"},"modified":"2008-08-13T21:19:59","modified_gmt":"2008-08-13T18:19:59","slug":"tunturisuunnistus-2008","status":"publish","type":"post","link":"http:\/\/www.tomirinne.fi\/?p=53","title":{"rendered":"Tunturisuunnistus 2008"},"content":{"rendered":"<p>Kauan odotettu ja &#8220;pel\u00e4tty&#8221; tunturisuunnistus on nyt sitten onnellisesti ohi. Osallistuimme siis Tuulin kanssa Yll\u00e4ksen valloitukseen H\/DB sarjassa jossa kokonaissijoituksemme oli komea &#8220;siell\u00e4puolenv\u00e4lintienoilla&#8221;. S\u00e4\u00e4 suosi molempina kisap\u00e4ivin\u00e4, l\u00e4mp\u00f6\u00e4 oli n.15 astetta ja taivas oli puolipilvinen. Itikoita ei ollut yht\u00e4\u00e4n ja ainuttakaan porokolaria ei tullut, joten kisasta j\u00e4i mukava maku. Tulokset l\u00f6ytyy osoitteesta: <a href=\"http:\/\/www.nic.fi\/~yllrasti\/\"><span style=\"color: #2771b3;\">http:\/\/www.nic.fi\/~yllrasti\/<\/span><\/a><\/p>\n<p><span style=\"font-size: x-small;\"><a href=\"http:\/\/blufiles.storage.live.com\/y1pB0hDjEBr1BRGMXNvKUrhQLgQw-f5dJ7pie3tyfw5goyN3xnSTc_qhm92zUxV2vOckt7hkkVoNkk\" target=\"_blank\" rel=\"noopener\"><img loading=\"lazy\" decoding=\"async\" src=\"http:\/\/blufiles.storage.live.com\/y1pB0hDjEBr1BRGMXNvKUrhQLgQw-f5dJ7pie3tyfw5goyN3xnSTc_qhm92zUxV2vOckt7hkkVoNkk\" alt=\"DSC00298\" width=\"267\" height=\"200\" \/><\/a><br \/>\n<em>Tuuli 1. pv:n K-pisteell\u00e4 maastontiedustelussa (ei ep\u00e4illyst\u00e4k\u00e4\u00e4n)<\/em><\/span><\/p>\n<p>Ensimm\u00e4isen kisap\u00e4iv\u00e4n matka oli 10,7 km. L\u00e4ht\u00f6 oli Yll\u00e4stunturin Yll\u00e4sj\u00e4rven puolelta laskettelurinteest\u00e4 ja maali oli tunturin \u00c4k\u00e4slompolon puolella. Kilpailijoita oli yli 800 joten Uuttu-Kallen rummunly\u00f6ntien j\u00e4lkeen tunturi t\u00f6misi melkoisesti kun v\u00e4ki s\u00e4nt\u00e4si rinnett\u00e4 yl\u00f6s kohti K-pistett\u00e4. Ensimm\u00e4inen rasti sijaitsi kuitenkin rinteen alaosassa joten ensimm\u00e4inen nousu j\u00e4i lyhyeksi. Kakkosrastille meno olikin sitten jo pelkk\u00e4\u00e4 nousua ja juoksu piti vaihtaa k\u00e4velyksi jotta ei heti alussa alkaisi hapottamaan.<\/p>\n<p>Kolmoselle nousu jatkui yh\u00e4 ja alustakin muuttui jo melko kivikkoiseksi. Seuraavalla v\u00e4lill\u00e4 l\u00e4hdettiinkin sitten kiert\u00e4m\u00e4\u00e4n Yll\u00e4stunturia. Koko v\u00e4li oli merkattu poluksi, mutta aluksi polku oli melko kivikkoista ja juoksu ei siin\u00e4 kovin vauhdikasta ollut. Puolessav\u00e4liss\u00e4 kuitenkin alkoi pitkospuut ja sen j\u00e4lkeen hyv\u00e4pohjainen laskuosuus joten juoksuvauhti kiihtyi. Vitoselle p\u00e4\u00e4sikin taas suoraan polkuja ja tiet\u00e4 pitkin, ja polkup\u00e4tk\u00e4\u00e4 oli my\u00f6s seuraavan rastiv\u00e4lin alkuosuus. Rastiv\u00e4lin loppuosa oli mett\u00e4juoksua ja nyt joutui jo v\u00e4h\u00e4n suunnistamaankin, mutta rasti l\u00f6ytyi onneksi suht helposti. Viimeinen rastiv\u00e4li oli taas puoliksi mets\u00e4-\/suojuoksua ja puoliksi polkujuoksua. Viel\u00e4 kun maaliintulokin oli viitoitettu polkua pitkin, niin reitist\u00e4 j\u00e4i p\u00e4\u00e4limm\u00e4iseksi sellainen maku, ett\u00e4 ensimm\u00e4inen p\u00e4iv\u00e4 ei ainakaan liian hankala ollut.<\/p>\n<p>N\u00e4iss\u00e4 parisuhdesarjoissa on k\u00e4yt\u00f6ss\u00e4 ik\u00e4hyvitysminuutit yli 70:lle ik\u00e4vuosille joten me &#8220;nuoret&#8221; emme sellaisista p\u00e4\u00e4sseet nauttimaan. Sijoitus 1. pv:n j\u00e4lkeen 32 joten kiritt\u00e4v\u00e4\u00e4 oli toiselle p\u00e4iv\u00e4lle. Olisi vaan saanut menn\u00e4 aikamoista vauhtia jos olisi halunnut k\u00e4rjess\u00e4 olla, sill\u00e4 hyvitysminuutit mukaanluettuna h\u00e4visimme sarjamme k\u00e4rjelle 51 min. Laskeskelin, ett\u00e4 1. p\u00e4iv\u00e4n k\u00e4rkisijaan meid\u00e4n olisi pit\u00e4nyt juosta n. 3:45 min\/km vauhtia. Siin\u00e4 olisi ollut Ikonen\/Kauppi parikin ihmeiss\u00e4\u00e4n.<\/p>\n<p><span style=\"font-size: x-small;\"><a href=\"http:\/\/blufiles.storage.live.com\/y1pYhNvdlb-a6M0EcPCiQccERoDg7_QSoaUSRJz65EnO0p9QB-He9XNvSlBoWHAjzstne_yTZ-DvB8\" target=\"_blank\" rel=\"noopener\"><img loading=\"lazy\" decoding=\"async\" src=\"http:\/\/blufiles.storage.live.com\/y1pYhNvdlb-a6M0EcPCiQccERoDg7_QSoaUSRJz65EnO0p9QB-He9XNvSlBoWHAjzstne_yTZ-DvB8\" alt=\"DSC00324\" width=\"267\" height=\"200\" \/><\/a><br \/>\n<em>2. pv:n yhteisl\u00e4ht\u00f6paikka ja K-piste<\/em><\/span><\/p>\n<p>Ensimm\u00e4isen helpon p\u00e4iv\u00e4n j\u00e4lkeen l\u00e4hdimmekin sitten valloittamaan Kuertunturia. Matkaa olisi nyt 13,1 km ja maasto olisi kuulemma hankalampaa kuin edellisen\u00e4 p\u00e4iv\u00e4n\u00e4, elikk\u00e4 aikaa menisi huomattavasti enemm\u00e4n kuin Yll\u00e4stunturin maastossa. Ensimm\u00e4isen p\u00e4iv\u00e4n ajalla ei ollut mit\u00e4\u00e4n asiaa takaa-ajol\u00e4ht\u00f6\u00f6n, vaan yhteisl\u00e4ht\u00f6lankuille oli taas kiltisti ment\u00e4v\u00e4.<\/p>\n<p>Ensimm\u00e4iselle rastille tuli sen verran s\u00f6ssitty\u00e4, ett\u00e4 sielt\u00e4 l\u00e4htiess\u00e4 oltiin varmaankin aika h\u00e4nt\u00e4p\u00e4\u00e4ss\u00e4 porukkaa, sill\u00e4 v\u00e4ki oli n\u00e4k\u00f6piiriss\u00e4 aika v\u00e4hiss\u00e4. Toiselle rastille piti taas l\u00e4hte\u00e4 joko kiert\u00e4m\u00e4\u00e4n tai ylitt\u00e4m\u00e4\u00e4n tunturia, ja kymmenien mielenmuutoksien j\u00e4lkeen l\u00e4hdimme tekem\u00e4\u00e4n ylityst\u00e4. Nousua ja kivikkoa oli, mutta rastinottokin oli t\u00e4ll\u00e4 tavalla varmaankin helpompi. V\u00e4ke\u00e4kin alkoi taas olemaan ymp\u00e4ris\u00f6ss\u00e4 kohtuullisesti. 2., 3. ja 4. rasti meni ihan OK, ilman mit\u00e4\u00e4n isompaa tuskaa. Kivikkoa ja nousua oli aika-ajoin, mutta eteenp\u00e4in p\u00e4\u00e4stiin.<\/p>\n<p><span style=\"font-size: x-small;\"><a href=\"http:\/\/blufiles.storage.live.com\/y1pENCFp-rs3k8I_wDOMV14nAHLel01Ql3xoH5bzpPlcOUdO7YmEeurLPfg45NaI-xFe-OfRnWm554\" target=\"_blank\" rel=\"noopener\"><img loading=\"lazy\" decoding=\"async\" src=\"http:\/\/blufiles.storage.live.com\/y1pENCFp-rs3k8I_wDOMV14nAHLel01Ql3xoH5bzpPlcOUdO7YmEeurLPfg45NaI-xFe-OfRnWm554\" alt=\"DSC00325\" width=\"267\" height=\"200\" \/><\/a><br \/>\n<em>Tuuli 3-4 rastiv\u00e4lill\u00e4 Kuertunturilla. Yll\u00e4s taka-alalla.<\/em> <\/span><\/p>\n<p>Vitoselle l\u00e4ht\u00f6 meni v\u00e4h\u00e4n huonosti, sill\u00e4 reittisuunnitelma muuttui matkan aikana ja pieni ylim\u00e4\u00e4r\u00e4inen koukku tuli tehty\u00e4. Rasti l\u00f6ytyi kyll\u00e4 ihan hyvin. Kudennelle rastille meno oli pelkk\u00e4\u00e4 alam\u00e4ke\u00e4 (lukija saa p\u00e4\u00e4tt\u00e4\u00e4 miten tuon tulkitsee) maston juurelle&#8230; ei siis ongelmia. Seuraavalla rastiv\u00e4lill\u00e4 oli taas keskustelun paikka reitinvalinnasta, mutta p\u00e4\u00e4dyimme polkuohjattuun linjakiertoon (tuo kuulosti hienolta). Loput rastiv\u00e4lit meniv\u00e4t ihan nappiin, ja olimme muutamalla niist\u00e4 jopa ihan nopeimpia.<\/p>\n<p>Toisena p\u00e4iv\u00e4n\u00e4 sijoituksemme oli 20. ja nousimme yhteistuloksissa sijalle 23, eli puolen v\u00e4lin paremmalle puolelle, joten tyytyv\u00e4inen pit\u00e4\u00e4 olla. Yll\u00e4tt\u00e4v\u00e4n kevyesti ja mallikkaasti viikonloppun suunnistukset meniv\u00e4t, joten seuraavalla kerralla voisi siirty\u00e4 vaikkapa A-sarjaan, niin saisi reitille v\u00e4h\u00e4n kilometrej\u00e4 lis\u00e4\u00e4.<\/p>\n<p><a href=\"http:\/\/www.elisanet.fi\/rinteet\/kartat\/Yllastunturi_090808.jpg\" target=\"_blank\" rel=\"noopener\"><span style=\"color: #2771b3;\">1. pv:n reitti<\/span><\/a><\/p>\n<p><a href=\"http:\/\/www.elisanet.fi\/rinteet\/kartat\/Kuertunturi_100808.jpg\" target=\"_blank\" rel=\"noopener\"><span style=\"color: #2771b3;\">2. pv:n reitti<\/span><\/a><\/p>\n<p><span style=\"font-size: x-small;\"><a href=\"http:\/\/blufiles.storage.live.com\/y1pmzDI45nPmEpCVrrtKVRfqteBWlsHN3fPTlVGcQACPK4MG5yAN5qIu2OwebN_TlHSVsZtLI392I4\" target=\"_blank\" rel=\"noopener\"><img loading=\"lazy\" decoding=\"async\" src=\"http:\/\/blufiles.storage.live.com\/y1pmzDI45nPmEpCVrrtKVRfqteBWlsHN3fPTlVGcQACPK4MG5yAN5qIu2OwebN_TlHSVsZtLI392I4\" alt=\"DSC00315\" width=\"267\" height=\"200\" \/><\/a><br \/>\n<em>Kuvasta voi mitata pitk\u00e4k\u00f6 se &#8220;poronkusema&#8221; todellisuudessa on<\/em><\/span><\/p>\n","protected":false},"excerpt":{"rendered":"<p>Kauan odotettu ja &#8220;pel\u00e4tty&#8221; tunturisuunnistus on nyt sitten onnellisesti ohi. Osallistuimme siis Tuulin kanssa Yll\u00e4ksen valloitukseen H\/DB sarjassa jossa kokonaissijoituksemme oli komea &#8220;siell\u00e4puolenv\u00e4lintienoilla&#8221;. S\u00e4\u00e4 suosi molempina kisap\u00e4ivin\u00e4, l\u00e4mp\u00f6\u00e4 oli n.15 astetta ja taivas oli puolipilvinen. Itikoita ei ollut yht\u00e4\u00e4n ja &hellip; <a href=\"http:\/\/www.tomirinne.fi\/?p=53\">Continue reading <span class=\"meta-nav\">&rarr;<\/span><\/a><\/p>\n","protected":false},"author":1,"featured_media":0,"comment_status":"open","ping_status":"open","sticky":false,"template":"","format":"standard","meta":{"footnotes":""},"categories":[5],"tags":[],"class_list":["post-53","post","type-post","status-publish","format-standard","hentry","category-suunnistus"],"_links":{"self":[{"href":"http:\/\/www.tomirinne.fi\/index.php?rest_route=\/wp\/v2\/posts\/53","targetHints":{"allow":["GET"]}}],"collection":[{"href":"http:\/\/www.tomirinne.fi\/index.php?rest_route=\/wp\/v2\/posts"}],"about":[{"href":"http:\/\/www.tomirinne.fi\/index.php?rest_route=\/wp\/v2\/types\/post"}],"author":[{"embeddable":true,"href":"http:\/\/www.tomirinne.fi\/index.php?rest_route=\/wp\/v2\/users\/1"}],"replies":[{"embeddable":true,"href":"http:\/\/www.tomirinne.fi\/index.php?rest_route=%2Fwp%2Fv2%2Fcomments&post=53"}],"version-history":[{"count":0,"href":"http:\/\/www.tomirinne.fi\/index.php?rest_route=\/wp\/v2\/posts\/53\/revisions"}],"wp:attachment":[{"href":"http:\/\/www.tomirinne.fi\/index.php?rest_route=%2Fwp%2Fv2%2Fmedia&parent=53"}],"wp:term":[{"taxonomy":"category","embeddable":true,"href":"http:\/\/www.tomirinne.fi\/index.php?rest_route=%2Fwp%2Fv2%2Fcategories&post=53"},{"taxonomy":"post_tag","embeddable":true,"href":"http:\/\/www.tomirinne.fi\/index.php?rest_route=%2Fwp%2Fv2%2Ftags&post=53"}],"curies":[{"name":"wp","href":"https:\/\/api.w.org\/{rel}","templated":true}]}}