{"id":463,"date":"2010-08-15T21:48:58","date_gmt":"2010-08-15T18:48:58","guid":{"rendered":"http:\/\/www.tomirinne.net\/?p=463"},"modified":"2010-08-15T21:48:58","modified_gmt":"2010-08-15T18:48:58","slug":"hike-bike","status":"publish","type":"post","link":"http:\/\/www.tomirinne.fi\/?p=463","title":{"rendered":"Hike &#038; bike"},"content":{"rendered":"<p>Tunturisuunnistuken j\u00e4lkeen j\u00e4imme viel\u00e4 vajaaksi viikoksi py\u00f6rim\u00e4\u00e4n Saarisel\u00e4n maisemiin. Upeas\u00e4isen viikonlopun j\u00e4lkeen maanantai olikin sitten vaihteeksi kolea, sateinen ja tuulinen. Aamup\u00e4iv\u00e4st\u00e4 sade kuitenkin taukosi sen verran, ett\u00e4 viitsi l\u00e4hte\u00e4 juoksulenkille. Reilu 12 km tuli h\u00f6lk\u00e4tty\u00e4 ristiin rastiin l\u00e4hipolkuja. Iltap\u00e4iv\u00e4ll\u00e4 kun sade alkoi pikkuhiljaa rauhoittumaan l\u00e4hdimme katsomaan millaisia maisemia Kiilop\u00e4\u00e4lt\u00e4 mahtaisi n\u00e4ky\u00e4. Tunturikeskukselta ei ollut matkaa Kiilop\u00e4\u00e4n huipulle kuin 2 km ja sekin matka p\u00e4\u00e4osin portaita. Nousu tuntui kuitenkin melko ik\u00e4v\u00e4lt\u00e4, sill\u00e4 tuuli oli melkoisen kova ja kun seassa oli viel\u00e4 vetta, niin melkoisen kalseeta nousu oli. Maisemiakaan ei juuri n\u00e4kynyt, kun oli niin pilvist\u00e4 ja harmaata.<\/p>\n<div id=\"attachment_465\" style=\"width: 310px\" class=\"wp-caption alignnone\"><a href=\"http:\/\/www.tomirinne.net\/wp-content\/uploads\/2010\/08\/DSC01389.jpg\"><img loading=\"lazy\" decoding=\"async\" aria-describedby=\"caption-attachment-465\" class=\"size-medium wp-image-465\" title=\"DSC01389\" src=\"http:\/\/www.tomirinne.net\/wp-content\/uploads\/2010\/08\/DSC01389-300x225.jpg\" alt=\"\" width=\"300\" height=\"225\" srcset=\"http:\/\/www.tomirinne.fi\/wp-content\/uploads\/2010\/08\/DSC01389-300x225.jpg 300w, http:\/\/www.tomirinne.fi\/wp-content\/uploads\/2010\/08\/DSC01389-1024x768.jpg 1024w, http:\/\/www.tomirinne.fi\/wp-content\/uploads\/2010\/08\/DSC01389-768x576.jpg 768w, http:\/\/www.tomirinne.fi\/wp-content\/uploads\/2010\/08\/DSC01389-1536x1152.jpg 1536w, http:\/\/www.tomirinne.fi\/wp-content\/uploads\/2010\/08\/DSC01389-2048x1536.jpg 2048w, http:\/\/www.tomirinne.fi\/wp-content\/uploads\/2010\/08\/DSC01389-1568x1176.jpg 1568w\" sizes=\"auto, (max-width: 300px) 100vw, 300px\" \/><\/a><p id=\"caption-attachment-465\" class=\"wp-caption-text\">Tuulen tuiverruksessa<\/p><\/div>\n<p>Tiistaina ei tullut en\u00e4\u00e4 vett\u00e4, mutta harmaata ja pilvist\u00e4 edelleen oli. L\u00e4hdimme kuitenkin tekem\u00e4\u00e4n pienimuotoista vaellusta Kiilop\u00e4\u00e4n tunturikeskuksesta. Kiersimme Kiilop\u00e4\u00e4n, Nilanp\u00e4\u00e4n ja Rautup\u00e4\u00e4n etel\u00e4puolelta ja palasimme takaisin Rautuvankanojan vierustaa pitkin. Matkaa kertyi n.18 km ja aikaa meni taukoineen reilu 4 tuntia. Harmaata oli, eik\u00e4 maisemia oikein t\u00e4n\u00e4\u00e4nk\u00e4\u00e4n voinut ihailla. Illalla tuli tehty\u00e4 viel\u00e4 saunalenkkin\u00e4 9 km:n VK -harjoitus. Juoksu sujui yll\u00e4tt\u00e4v\u00e4n hyvin, vaikka aamulla tulikin tarvottua tunturissa. P\u00e4ikk\u00e4rit varmaankin auttoi asiaa.<\/p>\n<p><a href=\"http:\/\/www.tomirinne.net\/wp-content\/uploads\/2010\/08\/DSC01401.jpg\"><img loading=\"lazy\" decoding=\"async\" class=\"alignnone size-medium wp-image-466\" title=\"DSC01401\" src=\"http:\/\/www.tomirinne.net\/wp-content\/uploads\/2010\/08\/DSC01401-225x300.jpg\" alt=\"\" width=\"225\" height=\"300\" srcset=\"http:\/\/www.tomirinne.fi\/wp-content\/uploads\/2010\/08\/DSC01401-225x300.jpg 225w, http:\/\/www.tomirinne.fi\/wp-content\/uploads\/2010\/08\/DSC01401-768x1024.jpg 768w, http:\/\/www.tomirinne.fi\/wp-content\/uploads\/2010\/08\/DSC01401-1152x1536.jpg 1152w, http:\/\/www.tomirinne.fi\/wp-content\/uploads\/2010\/08\/DSC01401-1536x2048.jpg 1536w, http:\/\/www.tomirinne.fi\/wp-content\/uploads\/2010\/08\/DSC01401-1568x2091.jpg 1568w, http:\/\/www.tomirinne.fi\/wp-content\/uploads\/2010\/08\/DSC01401-scaled.jpg 1920w\" sizes=\"auto, (max-width: 225px) 100vw, 225px\" \/><\/a><\/p>\n<p>Keskiviikkona tuli heti aamusta tehty\u00e4 rennon rauhallinen\u00a014 km:n juoksulenkki. Sitten aamupuuro mahaan ja py\u00f6r\u00e4n p\u00e4\u00e4lle. Suuntasimme py\u00f6r\u00e4t kohti Kaunisp\u00e4\u00e4n tunturikahvilaa jossa tankkasimme v\u00e4h\u00e4n munkkienergiaa. Huipulta jatkoimme matkaa kohti Palop\u00e4\u00e4t\u00e4 ja Kuukkelilampea. Sielt\u00e4 sitten Moitakurun ja Luttotuvan kautta laskettelukeskukseen ja takaisin Laanilan m\u00f6kille. Matkaa tuli reilu 30 km, mutta aikaa meni yli 2 tuntia &#8211; ei ollut oikein tasainen py\u00f6r\u00e4ilymaasto. Taas v\u00e4liin ruokailu ja sitten autolla Kiilop\u00e4\u00e4lle. T\u00e4ll\u00e4 kertaa keli oli mit\u00e4 upein ja Kiilop\u00e4\u00e4lle kapuaminenkin sujui mukavemmin kuin maanantaina. Vaeltelimme viel\u00e4 v\u00e4h\u00e4n aikaa Kiilop\u00e4\u00e4n ja Nilanp\u00e4\u00e4n v\u00e4lisell\u00e4 avotunturilla kunnes muutaman tunnin j\u00e4lkeen palasimme takaisin autolle ja takaisin m\u00f6kille.<\/p>\n<div id=\"attachment_467\" style=\"width: 310px\" class=\"wp-caption alignnone\"><a href=\"http:\/\/www.tomirinne.net\/wp-content\/uploads\/2010\/08\/DSC01420.jpg\"><img loading=\"lazy\" decoding=\"async\" aria-describedby=\"caption-attachment-467\" class=\"size-medium wp-image-467\" title=\"DSC01420\" src=\"http:\/\/www.tomirinne.net\/wp-content\/uploads\/2010\/08\/DSC01420-300x225.jpg\" alt=\"\" width=\"300\" height=\"225\" srcset=\"http:\/\/www.tomirinne.fi\/wp-content\/uploads\/2010\/08\/DSC01420-300x225.jpg 300w, http:\/\/www.tomirinne.fi\/wp-content\/uploads\/2010\/08\/DSC01420-1024x768.jpg 1024w, http:\/\/www.tomirinne.fi\/wp-content\/uploads\/2010\/08\/DSC01420-768x576.jpg 768w, http:\/\/www.tomirinne.fi\/wp-content\/uploads\/2010\/08\/DSC01420-1536x1152.jpg 1536w, http:\/\/www.tomirinne.fi\/wp-content\/uploads\/2010\/08\/DSC01420-2048x1536.jpg 2048w, http:\/\/www.tomirinne.fi\/wp-content\/uploads\/2010\/08\/DSC01420-1568x1176.jpg 1568w\" sizes=\"auto, (max-width: 300px) 100vw, 300px\" \/><\/a><p id=\"caption-attachment-467\" class=\"wp-caption-text\">Alam\u00e4ke\u00e4 Kaunisp\u00e4\u00e4lt\u00e4<\/p><\/div>\n<div id=\"attachment_468\" style=\"width: 310px\" class=\"wp-caption alignnone\"><a href=\"http:\/\/www.tomirinne.net\/wp-content\/uploads\/2010\/08\/DSC01434.jpg\"><img loading=\"lazy\" decoding=\"async\" aria-describedby=\"caption-attachment-468\" class=\"size-medium wp-image-468\" title=\"DSC01434\" src=\"http:\/\/www.tomirinne.net\/wp-content\/uploads\/2010\/08\/DSC01434-300x225.jpg\" alt=\"\" width=\"300\" height=\"225\" srcset=\"http:\/\/www.tomirinne.fi\/wp-content\/uploads\/2010\/08\/DSC01434-300x225.jpg 300w, http:\/\/www.tomirinne.fi\/wp-content\/uploads\/2010\/08\/DSC01434-1024x768.jpg 1024w, http:\/\/www.tomirinne.fi\/wp-content\/uploads\/2010\/08\/DSC01434-768x576.jpg 768w, http:\/\/www.tomirinne.fi\/wp-content\/uploads\/2010\/08\/DSC01434-1536x1152.jpg 1536w, http:\/\/www.tomirinne.fi\/wp-content\/uploads\/2010\/08\/DSC01434-2048x1536.jpg 2048w, http:\/\/www.tomirinne.fi\/wp-content\/uploads\/2010\/08\/DSC01434-1568x1176.jpg 1568w\" sizes=\"auto, (max-width: 300px) 100vw, 300px\" \/><\/a><p id=\"caption-attachment-468\" class=\"wp-caption-text\">Kiilop\u00e4\u00e4n huipulla<\/p><\/div>\n<div id=\"attachment_469\" style=\"width: 310px\" class=\"wp-caption alignnone\"><a href=\"http:\/\/www.tomirinne.net\/wp-content\/uploads\/2010\/08\/DSC01445.jpg\"><img loading=\"lazy\" decoding=\"async\" aria-describedby=\"caption-attachment-469\" class=\"size-medium wp-image-469\" title=\"DSC01445\" src=\"http:\/\/www.tomirinne.net\/wp-content\/uploads\/2010\/08\/DSC01445-300x225.jpg\" alt=\"\" width=\"300\" height=\"225\" srcset=\"http:\/\/www.tomirinne.fi\/wp-content\/uploads\/2010\/08\/DSC01445-300x225.jpg 300w, http:\/\/www.tomirinne.fi\/wp-content\/uploads\/2010\/08\/DSC01445-1024x768.jpg 1024w, http:\/\/www.tomirinne.fi\/wp-content\/uploads\/2010\/08\/DSC01445-768x576.jpg 768w, http:\/\/www.tomirinne.fi\/wp-content\/uploads\/2010\/08\/DSC01445-1536x1152.jpg 1536w, http:\/\/www.tomirinne.fi\/wp-content\/uploads\/2010\/08\/DSC01445-2048x1536.jpg 2048w, http:\/\/www.tomirinne.fi\/wp-content\/uploads\/2010\/08\/DSC01445-1568x1176.jpg 1568w\" sizes=\"auto, (max-width: 300px) 100vw, 300px\" \/><\/a><p id=\"caption-attachment-469\" class=\"wp-caption-text\">Kiilop\u00e4\u00e4<\/p><\/div>\n<p>Torstaiaamusta, heti aamupuuron j\u00e4lkeen, l\u00e4hdimme tekem\u00e4\u00e4n v\u00e4h\u00e4n pidemp\u00e4\u00e4 p\u00e4iv\u00e4vaellusta. M\u00f6kilt\u00e4 l\u00e4hdimme kohti Prospektorin kaivosta. Pienen yl\u00e4-alam\u00e4ki p\u00e4tk\u00e4n j\u00e4lkeen p\u00e4\u00e4simme tasaiselle hyv\u00e4kulkuiselle polulle joka kulki Rumakurun ja Luuj\u00e4nk\u00e4n kautta Taajoslaavulle. Laavulta suuntasimme kohti Vellins\u00e4rpim\u00e4n p\u00e4iv\u00e4tupaa jossa paistettiin makkarat. Kulinaristisen tauon j\u00e4lkeen l\u00e4hdimme kulkemaan Tammukkaojan vierustaa kohti P\u00e4\u00e4si\u00e4iskurua ja Iisakkip\u00e4\u00e4t\u00e4. Iisakkip\u00e4\u00e4lt\u00e4 ei ollutkaan en\u00e4\u00e4 sitten kuin tunnin matka takaisin m\u00f6kille. Matkaa taipaleelle kertyi 31 km ja aikaa vier\u00e4hti taukoineen ty\u00f6p\u00e4iv\u00e4n verran. T\u00e4m\u00e4n &#8220;ty\u00f6p\u00e4iv\u00e4n&#8221; p\u00e4\u00e4tteeksi sitten maistuikin poronk\u00e4ristys.<\/p>\n<div id=\"attachment_470\" style=\"width: 310px\" class=\"wp-caption alignnone\"><a href=\"http:\/\/www.tomirinne.net\/wp-content\/uploads\/2010\/08\/DSC01464.jpg\"><img loading=\"lazy\" decoding=\"async\" aria-describedby=\"caption-attachment-470\" class=\"size-medium wp-image-470\" title=\"DSC01464\" src=\"http:\/\/www.tomirinne.net\/wp-content\/uploads\/2010\/08\/DSC01464-300x225.jpg\" alt=\"Rumakuru\" width=\"300\" height=\"225\" srcset=\"http:\/\/www.tomirinne.fi\/wp-content\/uploads\/2010\/08\/DSC01464-300x225.jpg 300w, http:\/\/www.tomirinne.fi\/wp-content\/uploads\/2010\/08\/DSC01464-1024x768.jpg 1024w, http:\/\/www.tomirinne.fi\/wp-content\/uploads\/2010\/08\/DSC01464-768x576.jpg 768w, http:\/\/www.tomirinne.fi\/wp-content\/uploads\/2010\/08\/DSC01464-1536x1152.jpg 1536w, http:\/\/www.tomirinne.fi\/wp-content\/uploads\/2010\/08\/DSC01464-2048x1536.jpg 2048w, http:\/\/www.tomirinne.fi\/wp-content\/uploads\/2010\/08\/DSC01464-1568x1176.jpg 1568w\" sizes=\"auto, (max-width: 300px) 100vw, 300px\" \/><\/a><p id=\"caption-attachment-470\" class=\"wp-caption-text\">Rumakuru<\/p><\/div>\n<div id=\"attachment_471\" style=\"width: 310px\" class=\"wp-caption alignnone\"><a href=\"http:\/\/www.tomirinne.net\/wp-content\/uploads\/2010\/08\/DSC01477.jpg\"><img loading=\"lazy\" decoding=\"async\" aria-describedby=\"caption-attachment-471\" class=\"size-medium wp-image-471\" title=\"DSC01477\" src=\"http:\/\/www.tomirinne.net\/wp-content\/uploads\/2010\/08\/DSC01477-300x225.jpg\" alt=\"\" width=\"300\" height=\"225\" srcset=\"http:\/\/www.tomirinne.fi\/wp-content\/uploads\/2010\/08\/DSC01477-300x225.jpg 300w, http:\/\/www.tomirinne.fi\/wp-content\/uploads\/2010\/08\/DSC01477-1024x768.jpg 1024w, http:\/\/www.tomirinne.fi\/wp-content\/uploads\/2010\/08\/DSC01477-768x576.jpg 768w, http:\/\/www.tomirinne.fi\/wp-content\/uploads\/2010\/08\/DSC01477-1536x1152.jpg 1536w, http:\/\/www.tomirinne.fi\/wp-content\/uploads\/2010\/08\/DSC01477-2048x1536.jpg 2048w, http:\/\/www.tomirinne.fi\/wp-content\/uploads\/2010\/08\/DSC01477-1568x1176.jpg 1568w\" sizes=\"auto, (max-width: 300px) 100vw, 300px\" \/><\/a><p id=\"caption-attachment-471\" class=\"wp-caption-text\">Laavulla<\/p><\/div>\n<div id=\"attachment_472\" style=\"width: 310px\" class=\"wp-caption alignnone\"><a href=\"http:\/\/www.tomirinne.net\/wp-content\/uploads\/2010\/08\/DSC01483.jpg\"><img loading=\"lazy\" decoding=\"async\" aria-describedby=\"caption-attachment-472\" class=\"size-medium wp-image-472\" title=\"DSC01483\" src=\"http:\/\/www.tomirinne.net\/wp-content\/uploads\/2010\/08\/DSC01483-300x225.jpg\" alt=\"\" width=\"300\" height=\"225\" srcset=\"http:\/\/www.tomirinne.fi\/wp-content\/uploads\/2010\/08\/DSC01483-300x225.jpg 300w, http:\/\/www.tomirinne.fi\/wp-content\/uploads\/2010\/08\/DSC01483-1024x768.jpg 1024w, http:\/\/www.tomirinne.fi\/wp-content\/uploads\/2010\/08\/DSC01483-768x576.jpg 768w, http:\/\/www.tomirinne.fi\/wp-content\/uploads\/2010\/08\/DSC01483-1536x1152.jpg 1536w, http:\/\/www.tomirinne.fi\/wp-content\/uploads\/2010\/08\/DSC01483-2048x1536.jpg 2048w, http:\/\/www.tomirinne.fi\/wp-content\/uploads\/2010\/08\/DSC01483-1568x1176.jpg 1568w\" sizes=\"auto, (max-width: 300px) 100vw, 300px\" \/><\/a><p id=\"caption-attachment-472\" class=\"wp-caption-text\">Vellins\u00e4rpim\u00e4ss\u00e4<\/p><\/div>\n<p>Perjantaina ei treenikirjaan sitten tullutkaan merkint\u00e4\u00e4. L\u00e4hdimme heti aamusta, m\u00f6kin siivoamisen j\u00e4lkeen ajelemaan kohti Oulua. Lepop\u00e4iv\u00e4 tulikin tarpeeseen, sill\u00e4 suunnitelmissa oli, ett\u00e4 osallistumme lauantaina Kempeleen Z-maratonin yhteydess\u00e4 juostavaan 10 km kisaan.<\/p>\n<p>Lauantain kisap\u00e4iv\u00e4 oli taas helteinen. L\u00e4mp\u00f6\u00e4 oli 27 astetta ja aurinko paistoi pilvett\u00f6m\u00e4lt\u00e4 taivaalta. Jo verryttelyn aikana huomasi, ettei jalat ihan pirteimmill\u00e4\u00e4n olleet. Heti l\u00e4ht\u00f6laukauksen j\u00e4lkeen toistakymment\u00e4 juoksijaa l\u00e4hti karkuteille &#8211; ryhm\u00e4ss\u00e4 mukana my\u00f6s muutama nainen.\u00a0 Siihen vauhtiin oli turha l\u00e4hte\u00e4 mukaan, joten j\u00e4in teputtamaan omaa vauhtiani. Pari ensimm\u00e4ist\u00e4 kilometri\u00e4 meni suunniteltua 3:45 vauhtia, mutta sitten alkoivat kilometriajat tippumaan. Olin saanut ohitettua muutaman karkulaisen, mutta seuraavaan parivaljakkoon oli n.50 m matkaa. Seuraavan kahden km:n aikana sain hivutettua pikkuhiljaa parivaljankon kiinni ja ohitinkin heid\u00e4t sitten saman tien. Toinen heist\u00e4, mustapaitainen juoksija j\u00e4i kuitenkin peesiin puuskuttamaan. 5 km:n kohdalla tehtiin tiukka 180 asteen k\u00e4\u00e4nn\u00f6s ja l\u00e4hdettiin juoksemaan samaa reitti\u00e4 takaisinp\u00e4in. 5,5 km:n kohdalla tuli vastaan reitin pahin nousu ja siin\u00e4 alkoi meno v\u00e4h\u00e4n hyytym\u00e4\u00e4n. Heti nousun j\u00e4lkeen mustapaitainen tuli rinnalle ja meni ohi. Yritin pyristell\u00e4 v\u00e4h\u00e4n aikaa kannoilla, mutta totesin, ett\u00e4 parempi menn\u00e4 omaa vauhtia, kuin yritt\u00e4\u00e4 kirist\u00e4\u00e4 jo muutenkin tuskaista menoa. Kahden seuraavan km:n aikana juoksu muuttui entist\u00e4kin tuskaisemmaksi, mutta pakko sit\u00e4 oli maaliin juosta. Muutama selk\u00e4kin tuli sent\u00e4\u00e4n ohitettua, eik\u00e4 mustapaitakaan ollut kuin parin kymmenen metrin p\u00e4\u00e4ss\u00e4. Pari kilometri\u00e4 ennen maalia saavutin yhden minua p\u00e4\u00e4t\u00e4 pidemm\u00e4n juoksijan ja olin juuri menossa h\u00e4nen ohi, kun hujoppi katsoi minua ja p\u00e4\u00e4tti olla p\u00e4\u00e4st\u00e4m\u00e4tt\u00e4 ohi ja kiristi vauhtiaan. 50 m:n matkalla hujoppi p\u00e4\u00e4si 10 m karkuun, mutta sitten h\u00e4nen vetonsa loppui, eik\u00e4 mennyt kuin 100 m niin p\u00e4\u00e4si h\u00e4nen ohi heitt\u00e4m\u00e4ll\u00e4. My\u00f6s mustapaidan selk\u00e4 oli aivan edess\u00e4ni eik\u00e4 h\u00e4nest\u00e4k\u00e4\u00e4n ollut en\u00e4\u00e4 vastusta. 50 m:n p\u00e4\u00e4ss\u00e4 edess\u00e4 n\u00e4kyi viel\u00e4 yksi ehk\u00e4 tavoitettavissa oleva juoksija &#8211; nainen. Seuraavan puolen km:n aikana sainkin tyt\u00f6n kiinni ja painelin saman tein ohi.\u00a0 Ohituksen j\u00e4lkeen yritin juosta 500 m mink\u00e4 kintuistani p\u00e4\u00e4si, mutta tuskin vauhtia kovinkaan paljon tuli lis\u00e4\u00e4, sill\u00e4 jalat olivat jo ihan t\u00f6nk\u00f6t. Maaliin tulin sarjamme kuudentena ajassa 38:48 &#8211; j\u00e4in siis minuutin verran tavoitteestani. Tapahtuma oli hyvin j\u00e4rjestetty, osanottomaksukaan ei ollut j\u00e4lki-ilmoittautuessa mik\u00e4\u00e4n hirve\u00e4n iso, etenkin kun sill\u00e4 sai viel\u00e4 ihan mukavan kokoisen tuotepussin. Maalin vieress\u00e4 ollut uimahallikin oli suljettu muilta kuin juoksijoilta, joten vessa ja pukutiloja oli ihan riitt\u00e4v\u00e4sti. Kempele on kuulemma niin tasaista seutua, ett\u00e4 juoksureittik\u00e4\u00e4n ei voi olla muuta kuin tasainen. Reilill\u00e4 oli kuitenkin jokusia siltojen alikulkuja joista reitin m\u00e4et muodostuivat ja kyll\u00e4 nekin m\u00e4et tuolla helteell\u00e4 tuntuivat. Aivan hukkaan ei reissu mennyt, sill\u00e4 Tuuli oli sarjansa 5. ja sain pokalin matkaan.<\/p>\n<p>Sunnuntaiaamuna oltiin jo kotosalla ja sillon p\u00e4\u00e4si tekem\u00e4\u00e4n pitk\u00e4\u00e4 juoksulenkki\u00e4. S\u00e4\u00e4 oli kostea, l\u00e4mmin ja taivas oli pilvinen. Lauantaina oli tullut tankattua sen verran hyvin, ett\u00e4 juoksemaan pystyi l\u00e4htem\u00e4\u00e4n heti aamusta. 30 km:n lenkki meni yll\u00e4tt\u00e4v\u00e4n kevyesti, vaikka lauantaina olikin kova juoksu takana. Viimeisetkin lomat on nyt sitten pidetty ja maanantaina alkaa arki. Toivottavasti alkaa my\u00f6s syyskelit.<\/p>\n","protected":false},"excerpt":{"rendered":"<p>Tunturisuunnistuken j\u00e4lkeen j\u00e4imme viel\u00e4 vajaaksi viikoksi py\u00f6rim\u00e4\u00e4n Saarisel\u00e4n maisemiin. Upeas\u00e4isen viikonlopun j\u00e4lkeen maanantai olikin sitten vaihteeksi kolea, sateinen ja tuulinen. Aamup\u00e4iv\u00e4st\u00e4 sade kuitenkin taukosi sen verran, ett\u00e4 viitsi l\u00e4hte\u00e4 juoksulenkille. Reilu 12 km tuli h\u00f6lk\u00e4tty\u00e4 ristiin rastiin l\u00e4hipolkuja. Iltap\u00e4iv\u00e4ll\u00e4 kun &hellip; <a href=\"http:\/\/www.tomirinne.fi\/?p=463\">Continue reading <span class=\"meta-nav\">&rarr;<\/span><\/a><\/p>\n","protected":false},"author":1,"featured_media":0,"comment_status":"open","ping_status":"open","sticky":false,"template":"","format":"standard","meta":{"footnotes":""},"categories":[6],"tags":[],"class_list":["post-463","post","type-post","status-publish","format-standard","hentry","category-treeniraportti"],"_links":{"self":[{"href":"http:\/\/www.tomirinne.fi\/index.php?rest_route=\/wp\/v2\/posts\/463","targetHints":{"allow":["GET"]}}],"collection":[{"href":"http:\/\/www.tomirinne.fi\/index.php?rest_route=\/wp\/v2\/posts"}],"about":[{"href":"http:\/\/www.tomirinne.fi\/index.php?rest_route=\/wp\/v2\/types\/post"}],"author":[{"embeddable":true,"href":"http:\/\/www.tomirinne.fi\/index.php?rest_route=\/wp\/v2\/users\/1"}],"replies":[{"embeddable":true,"href":"http:\/\/www.tomirinne.fi\/index.php?rest_route=%2Fwp%2Fv2%2Fcomments&post=463"}],"version-history":[{"count":0,"href":"http:\/\/www.tomirinne.fi\/index.php?rest_route=\/wp\/v2\/posts\/463\/revisions"}],"wp:attachment":[{"href":"http:\/\/www.tomirinne.fi\/index.php?rest_route=%2Fwp%2Fv2%2Fmedia&parent=463"}],"wp:term":[{"taxonomy":"category","embeddable":true,"href":"http:\/\/www.tomirinne.fi\/index.php?rest_route=%2Fwp%2Fv2%2Fcategories&post=463"},{"taxonomy":"post_tag","embeddable":true,"href":"http:\/\/www.tomirinne.fi\/index.php?rest_route=%2Fwp%2Fv2%2Ftags&post=463"}],"curies":[{"name":"wp","href":"https:\/\/api.w.org\/{rel}","templated":true}]}}