{"id":461,"date":"2010-08-10T15:31:27","date_gmt":"2010-08-10T12:31:27","guid":{"rendered":"http:\/\/www.tomirinne.net\/?p=461"},"modified":"2010-08-10T15:31:27","modified_gmt":"2010-08-10T12:31:27","slug":"tunturisuunnistus-2010-saariselka-kiilopaa","status":"publish","type":"post","link":"http:\/\/www.tomirinne.fi\/?p=461","title":{"rendered":"Tunturisuunnistus 2010, Saariselk\u00e4, Kiilop\u00e4\u00e4"},"content":{"rendered":"<p>T\u00e4n\u00e4 kes\u00e4n\u00e4 suunnistajat kokoontuivat Saarisel\u00e4n Kiilop\u00e4\u00e4lle mittaamaan toistensa paremmuudesta tunturien valloituksessa. Kisakeskus oli sijoitettu Kiilop\u00e4\u00e4n tunturikeskuksen v\u00e4litt\u00f6m\u00e4\u00e4n l\u00e4heisyyteen, ja se tarjosikin hyv\u00e4t puitteet molempien p\u00e4ivien l\u00e4hd\u00f6ille ja maalille, sek\u00e4 parkkipaikalle ja huollolle.<\/p>\n<div id=\"attachment_476\" style=\"width: 310px\" class=\"wp-caption alignnone\"><a href=\"http:\/\/www.tomirinne.net\/wp-content\/uploads\/2010\/08\/DSC01354.jpg\"><img loading=\"lazy\" decoding=\"async\" aria-describedby=\"caption-attachment-476\" class=\"size-medium wp-image-476\" title=\"DSC01354\" src=\"http:\/\/www.tomirinne.net\/wp-content\/uploads\/2010\/08\/DSC01354-300x225.jpg\" alt=\"\" width=\"300\" height=\"225\" srcset=\"http:\/\/www.tomirinne.fi\/wp-content\/uploads\/2010\/08\/DSC01354-300x225.jpg 300w, http:\/\/www.tomirinne.fi\/wp-content\/uploads\/2010\/08\/DSC01354-1024x768.jpg 1024w, http:\/\/www.tomirinne.fi\/wp-content\/uploads\/2010\/08\/DSC01354-768x576.jpg 768w, http:\/\/www.tomirinne.fi\/wp-content\/uploads\/2010\/08\/DSC01354-1536x1152.jpg 1536w, http:\/\/www.tomirinne.fi\/wp-content\/uploads\/2010\/08\/DSC01354-2048x1536.jpg 2048w, http:\/\/www.tomirinne.fi\/wp-content\/uploads\/2010\/08\/DSC01354-1568x1176.jpg 1568w\" sizes=\"auto, (max-width: 300px) 100vw, 300px\" \/><\/a><p id=\"caption-attachment-476\" class=\"wp-caption-text\">Kiilop\u00e4\u00e4n tunturikeskus<\/p><\/div>\n<p>My\u00f6s s\u00e4\u00e4 suosi suunnistajia koko elokuisen viikonlopun ajan. Sateesta ei ollut tietoakaan ja l\u00e4mp\u00f6\u00e4 oli paremminkin melkein liikaa kuin liian v\u00e4h\u00e4n. My\u00f6s muualla maassa riehuneet myrskyt j\u00e4ttiv\u00e4t tunturit rauhaan, joten parempaa s\u00e4\u00e4t\u00e4 ei olisi voinut toivoa. Yll\u00e4tys oli my\u00f6s se, ettei mink\u00e4\u00e4n n\u00e4k\u00f6ist\u00e4 itikkaa tai \u00f6t\u00f6kk\u00e4\u00e4 maastosta l\u00f6ytynyt. Poroja kyll\u00e4 n\u00e4kyi, mutta niist\u00e4 ei haittaa ollut.<\/p>\n<p>Meille t\u00e4m\u00e4 oli kolmas tunturisuunnistuksemme. Viime vuonna olimme H\/D A -sarjassa, mutta t\u00e4ll\u00e4 kertaa ilmoittauduimme ensimm\u00e4isen kerran tapaan B -sarjaan. T\u00e4m\u00e4 tarkoitti sit\u00e4, ett\u00e4 molempien p\u00e4ivien matkat olivat &#8220;vain&#8221; noin 14 km, eik\u00e4 5 km pidemm\u00e4t. My\u00f6s kartan mittakaava oli meid\u00e4n sarjassamme 1:20000, kun taas A:ssa se olisi ollut 1:25000.<\/p>\n<p><a href=\"http:\/\/www.tomirinne.net\/wp-content\/uploads\/2010\/08\/DSC01377.jpg\"><img loading=\"lazy\" decoding=\"async\" class=\"alignnone size-medium wp-image-477\" title=\"DSC01377\" src=\"http:\/\/www.tomirinne.net\/wp-content\/uploads\/2010\/08\/DSC01377-225x300.jpg\" alt=\"\" width=\"225\" height=\"300\" srcset=\"http:\/\/www.tomirinne.fi\/wp-content\/uploads\/2010\/08\/DSC01377-225x300.jpg 225w, http:\/\/www.tomirinne.fi\/wp-content\/uploads\/2010\/08\/DSC01377-768x1024.jpg 768w, http:\/\/www.tomirinne.fi\/wp-content\/uploads\/2010\/08\/DSC01377-1152x1536.jpg 1152w, http:\/\/www.tomirinne.fi\/wp-content\/uploads\/2010\/08\/DSC01377-1536x2048.jpg 1536w, http:\/\/www.tomirinne.fi\/wp-content\/uploads\/2010\/08\/DSC01377-1568x2091.jpg 1568w, http:\/\/www.tomirinne.fi\/wp-content\/uploads\/2010\/08\/DSC01377-scaled.jpg 1920w\" sizes=\"auto, (max-width: 225px) 100vw, 225px\" \/><\/a><\/p>\n<p><a href=\"http:\/\/www.tomirinne.net\/wp-content\/uploads\/2010\/08\/DSC01380.jpg\"><img loading=\"lazy\" decoding=\"async\" class=\"alignnone size-medium wp-image-478\" title=\"DSC01380\" src=\"http:\/\/www.tomirinne.net\/wp-content\/uploads\/2010\/08\/DSC01380-300x225.jpg\" alt=\"\" width=\"300\" height=\"225\" srcset=\"http:\/\/www.tomirinne.fi\/wp-content\/uploads\/2010\/08\/DSC01380-300x225.jpg 300w, http:\/\/www.tomirinne.fi\/wp-content\/uploads\/2010\/08\/DSC01380-1024x768.jpg 1024w, http:\/\/www.tomirinne.fi\/wp-content\/uploads\/2010\/08\/DSC01380-768x576.jpg 768w, http:\/\/www.tomirinne.fi\/wp-content\/uploads\/2010\/08\/DSC01380-1536x1152.jpg 1536w, http:\/\/www.tomirinne.fi\/wp-content\/uploads\/2010\/08\/DSC01380-2048x1536.jpg 2048w, http:\/\/www.tomirinne.fi\/wp-content\/uploads\/2010\/08\/DSC01380-1568x1176.jpg 1568w\" sizes=\"auto, (max-width: 300px) 100vw, 300px\" \/><\/a><\/p>\n<p>Ensimm\u00e4inen kisap\u00e4iv\u00e4 l\u00e4hti liikkeelle klo 14 yhteisl\u00e4hd\u00f6ll\u00e4. N.900 suunnistajaa oli j\u00e4rjest\u00e4ytynyt siisteihin riveihin tunturikeskuksen parkkipaikan viereiseen tunturikoivikkoon. L\u00e4ht\u00f6 oli hieman ep\u00e4m\u00e4\u00e4r\u00e4inen, sill\u00e4 kunnon l\u00e4ht\u00f6komentoa ei kuulunut, mutta matkaan p\u00e4\u00e4stiin kuitenkin ilman isompaa h\u00e4ss\u00e4kk\u00e4\u00e4. Ensimm\u00e4iselle rastillemme oli matkaa n.800 m. H\u00f6lkk\u00e4simme loivasti nousevaa tunturia harvassa tunturikoivikossa kartan polkuviidakkoa lukien. Hieman poluissa sekosimme ja pummasimme ensimm\u00e4ist\u00e4 rastia minuutin pari. Ensimm\u00e4inen rasti oli sen verran l\u00e4hell\u00e4 l\u00e4ht\u00f6\u00e4 ja kun leimasimia ei ollut kuin yksi, niin rastille muodostui melkoinen ruuhka. Pienen jonotuksen j\u00e4lkeen omakin leimaus tuli tehty\u00e4. Alku meni viel\u00e4 my\u00f6s mittakaavaan totuttelussa ja pohtiessa miten kartan vihre\u00e4, valkoinen, keltainen ja valkokeltainen oikein maastoon peilautuu.<\/p>\n<p>Rasteja ei reitill\u00e4 ollut kuin seitsem\u00e4n kappaletta joten rastiv\u00e4lit olivat pitki\u00e4. Heti toiselle rastille olikin sitten jo matkaa 2,5 km. Rastiv\u00e4lill\u00e4 oli Kiilop\u00e4\u00e4n tunturi ja sen me p\u00e4\u00e4timme kiert\u00e4\u00e4 vasemman kautta. Suunnistamista helpotti se, ett\u00e4 rasti oli korkean poroaidan vieress\u00e4, ja kun olimme nousseet jo avotunturiin, niin Lapin ja Ivalon paliskuntien v\u00e4lisen poroaidan havaitsi jo kaukaa, eli suuntasimme vain kohti aitaa. Rasti n\u00e4kyi pienen lammen rannassa jo melkein kilometrin p\u00e4\u00e4st\u00e4.<\/p>\n<p>Kolmannelle rastille oli matkaa reilut kaksi kilometri\u00e4. Rasti sijaitsi taas pienen lammen rannalla Nilanp\u00e4\u00e4n ja Rautup\u00e4\u00e4n v\u00e4lisess\u00e4 kurussa. T\u00e4lle rastiv\u00e4lille ei nousua kovinkaan paljon siunautunut ja kun avotunturin maasto oli viel\u00e4 suht hyv\u00e4kulkuista, niin rastiv\u00e4lin pystyi juoksemaan l\u00e4hes kokonaan. Suunnistaa ei t\u00e4ll\u00e4k\u00e4\u00e4n v\u00e4lill\u00e4 juurikaan tarvinnut, sill\u00e4 tavoitellun kurun n\u00e4ki jo kaukaa, samalle rastille n\u00e4ytti olevan menossa muutenkin paljon muuta porukkaa joten ainoa ty\u00f6 oli tossun liikuttaminen.<\/p>\n<p>Nelj\u00e4s rastiv\u00e4li olikin sitten ensimm\u00e4isen p\u00e4iv\u00e4n pisin, n.3,5 km. Vaikka rastiv\u00e4lille osuikin Nilanp\u00e4\u00e4n tunturin huippu, niin p\u00e4\u00e4timme kuitenkin edet\u00e4 suoraan viivaa pitkin. V\u00e4lin ensimm\u00e4inen kilometri oli melko tiukkaa nousua ja se menikin kokonaisudessaan k\u00e4vellen. Tunturin huipulla p\u00e4\u00e4si juoksemaan kilometrin verran reipasta vauhtia hyv\u00e4pohjaisessa maastossa, jonka j\u00e4lkeen alkoi alam\u00e4ki. Jyrkimm\u00e4n alam\u00e4en j\u00e4lkeen avotunturi muuttui harvaksi tunturikoivukoksi. Tunturikoivikko kasvoi ja tiheni aina vaan ja pian olimme hieman jo hukassa. Rastin piti sijaita pienen tiheik\u00f6n keskell\u00e4 olevan aukon reunassa. Tarkasta sijainnista pelk\u00e4ll\u00e4 k\u00e4yr\u00e4\u00e4 sis\u00e4lt\u00e4v\u00e4ll\u00e4 kartalla ei ollut mit\u00e4\u00e4n hajua, mutta yht\u00e4kki\u00e4 tupsahdimme jollekin aukolle. Pienen ihmettelyn j\u00e4lk\u00e4\u00e4n huomasimme, ett\u00e4 tulimme juuri hakemallemme aukolle ja rasti oli 50 m p\u00e4\u00e4ss\u00e4. T\u00e4ll\u00e4 kertaa k\u00e4vi em\u00e4munkki.<\/p>\n<p><a href=\"http:\/\/www.tomirinne.net\/wp-content\/uploads\/2010\/08\/DSC01440.jpg\"><img loading=\"lazy\" decoding=\"async\" class=\"alignnone size-medium wp-image-474\" title=\"DSC01440\" src=\"http:\/\/www.tomirinne.net\/wp-content\/uploads\/2010\/08\/DSC01440-300x225.jpg\" alt=\"\" width=\"300\" height=\"225\" srcset=\"http:\/\/www.tomirinne.fi\/wp-content\/uploads\/2010\/08\/DSC01440-300x225.jpg 300w, http:\/\/www.tomirinne.fi\/wp-content\/uploads\/2010\/08\/DSC01440-1024x768.jpg 1024w, http:\/\/www.tomirinne.fi\/wp-content\/uploads\/2010\/08\/DSC01440-768x576.jpg 768w, http:\/\/www.tomirinne.fi\/wp-content\/uploads\/2010\/08\/DSC01440-1536x1152.jpg 1536w, http:\/\/www.tomirinne.fi\/wp-content\/uploads\/2010\/08\/DSC01440-2048x1536.jpg 2048w, http:\/\/www.tomirinne.fi\/wp-content\/uploads\/2010\/08\/DSC01440-1568x1176.jpg 1568w\" sizes=\"auto, (max-width: 300px) 100vw, 300px\" \/><\/a><\/p>\n<p>Viides rastiv\u00e4li oli pituudeltaan kolmisen kilometri\u00e4. J\u00e4lleen p\u00e4\u00e4timme edet\u00e4 kompassisuunnalla viivaa pitkin, sill\u00e4 kovin kovia nousuja ei v\u00e4lill\u00e4 ollut. V\u00e4li p\u00e4\u00e4stiin juoksemaan kokonaisuudessaan ja rastillekin osuimme l\u00e4hes suoraan. Se l\u00e4mmitti viel\u00e4 entisest\u00e4\u00e4n mielt\u00e4 kun puoli kilometri\u00e4 ennen rastia meit\u00e4 edell\u00e4 ollut pari juoksi meit\u00e4 vastaa kun olimme l\u00e4hteneet jo rastilta.<\/p>\n<p>Kuudennelle rastille ei ollut matkaa kuin 1,5 km. Jatkoimme valitsemaamme linjaa, eli suorilla vaan ilman kiertoja. Kilometri menikin ihan mallikkaasti, mutta sitten aloimme j\u00e4lleen sekoilemaan eteen tulleessa polkuviidakossa ja tihe\u00e4ss\u00e4 tunturikoivukossa. Onneksi l\u00e4hestyess\u00e4mme rastia muitakin suunnistajia oli menossa samalle rastille joten t\u00e4ll\u00e4 rastilla saimme hieman peesiapua. Muuten olisimme menneet varmaankin hieman rastista ohi.<\/p>\n<p>Viimeinen rasti oli puolen kilometrin p\u00e4\u00e4ss\u00e4 ja aivan kisakeskuksen vieress\u00e4. Rasti oli ison polun vieress\u00e4 ja v\u00e4li oli kokonaisuudessaan alam\u00e4kijuoksua tunturikoivikossa. Rasti l\u00f6ytyi helposti ja maaliin oli en\u00e4\u00e4 vain pari sataa metri\u00e4 viitoituksen kera.<\/p>\n<p>Ensimm\u00e4isen p\u00e4iv\u00e4n reissu meni yli odotusten, sill\u00e4 loppuaikamme oli 1:56 ja se oli vain 13 minuuttia enemm\u00e4n kuin p\u00e4iv\u00e4n k\u00e4rjell\u00e4. Pummejakaan ei tullut kuin pari pient\u00e4. Tulimme maaliin sarjassamme kahdeksantena, mutta koska n\u00e4iss\u00e4 sekaparisarjoissa on k\u00e4yt\u00f6ss\u00e4 ik\u00e4hyvitysminuutit, niin niiden j\u00e4lkeen sijoituksemme oli vasta 27\/57. Hyvitysminuutteja sai jokaisesta vuodesta kun parin yhteisik\u00e4 meni yli 70 vuoden. Parhaimillaan joku joukkue sai hyvityst\u00e4 59 minuuttia, kun me taas saimme vain 2 minuuttia.<\/p>\n<p>Toinen kisap\u00e4iv\u00e4 oli hieman ensimm\u00e4ist\u00e4 l\u00e4mpim\u00e4mpi ja aurinkoisempi, joten tiedossa oli j\u00e4lleen hikinen urakka. Vajaan 14 km:n matka ja 350 m:n noususumma olivat kutakuinkin samat kuin edellisen\u00e4kin p\u00e4iv\u00e4n\u00e4. Sarjamme ensimm\u00e4inen l\u00e4ht\u00f6aika oli klo 10 ja ensimm\u00e4isen p\u00e4iv\u00e4n tuloksissa puolen tunnin sis\u00e4ll\u00e4 olleet parit l\u00e4htiv\u00e4t matkaa taka-ajol\u00e4ht\u00f6n\u00e4. Taka-ajol\u00e4ht\u00f6\u00f6n ei ehtinyt kuin pari kymment\u00e4 paria ja loput l\u00e4htiv\u00e4t sitten matkaan puolen minuutin v\u00e4lein. Ik\u00e4hyvitysminuuttien vuoksi meid\u00e4n ero k\u00e4rkeen ven\u00e4hti reiluun 43 minuuttiin joten l\u00e4ht\u00f6aikamme oli 10:44.<\/p>\n<p>K-pisteelle oli 400 m kivist\u00e4 vastam\u00e4kist\u00e4 polkua ja sen h\u00f6lkk\u00e4simme rauhallisesti samalla kun suunnittelimme reitti\u00e4 ensimm\u00e4iselle rastille. P\u00e4iv\u00e4n ensimm\u00e4iselle rastille oli matkaa kilometrin verran. Reitti sinne oli hyv\u00e4kulkuista, nousevamaastoista tunturikoivikkoa. Tarkalla kompassisuunnalla rasin l\u00f6ytymisess\u00e4 ei pit\u00e4isi olla vaikeuksia, sill\u00e4 rasti sijaitsi tunturin jyrk\u00e4n takarinteen pienen lammikon rannalla. L\u00e4hemp\u00e4n\u00e4 rastia alkoi taas muitakin pareja n\u00e4kym\u00e4\u00e4n ja kaikki olivat joko menossa tai tulossa juuri silt\u00e4 rastilta minne mekin olimme menossa.<\/p>\n<p>Toisen rastiv\u00e4lin pituus oli n.2 km ja siihen sis\u00e4ltyi pari pienemp\u00e4\u00e4 ja yksi isompi nyppyl\u00e4. P\u00e4\u00e4timme kuitenkin jatkaa ensimm\u00e4isen\u00e4 p\u00e4iv\u00e4n\u00e4 hyv\u00e4ksi havaittua linjaa, eli suorilla vaan. Muutaman sadan metrin tunturikoivikko-osuuden j\u00e4lkeen p\u00e4\u00e4simme j\u00e4lleen avotunturiin. Ahop\u00e4\u00e4t -tunturi tuli ylitetty\u00e4 melkein korkeimmalta kohdalta ja jyrkin kohta sinne menosta tulikin k\u00e4velty\u00e4. Tunturin p\u00e4\u00e4lle p\u00e4\u00e4sty\u00e4 n\u00e4kyikin jo selv\u00e4sti lampi jonka rannalla rasti sijaitsi.<\/p>\n<p>Kolmannelle rastille oli taas hieman pidempi matka, 3,5 km. V\u00e4lin ensimm\u00e4inen 1,5 km oli melko tasaista ja hyv\u00e4kulkuista avotunturia, joten sen pystyi juoksemaan kokonaisuudessaan. J\u00e4lleen n\u00e4kyi paljon muitakin pareja etenem\u00e4ss\u00e4 samaan suuntaan ja tapahtuma vaikuttikin enemm\u00e4n kilpajuoksulta kuin suunnistuskisalta. My\u00f6s yhden poron kanssa p\u00e4\u00e4simme ottamaan kisaa, kun se porhalsi ohitsemme t\u00e4ytt\u00e4 vahtia vain muutaman metrin p\u00e4\u00e4st\u00e4 &#8211; j\u00e4\u00e4tiin toisiksi. Tasaisen p\u00e4tk\u00e4n j\u00e4lkeen noustiin jonkin verran tunturiin ja nyt piti laittaa v\u00e4lill\u00e4 k\u00e4velyksikin. Viimeinen 1,5 km rastille olikin sitten pelkk\u00e4\u00e4 alam\u00e4kijuoksua. Ensin avokalliossa, sitten harvassa tunturikoivikossa ja lopuksi tihe\u00e4mm\u00e4ss\u00e4 ja kivikkoisessa tunturikoivikossa. Rasti l\u00f6ytyi Luulammin rannasta.<\/p>\n<p>Nelj\u00e4s rastiv\u00e4li n\u00e4ytti jo etuk\u00e4teen viikonlopun rankimmalta. Matkaa oli j\u00e4lleen n. 3,5 km, mutta reitille osui Kiilop\u00e4\u00e4 ja suora reitinvalinta edellytti l\u00e4hes sen huipulle kipuamista. Mit\u00e4\u00e4n j\u00e4rkev\u00e4\u00e4 kiertotiet\u00e4k\u00e4\u00e4n ei n\u00e4kynyt, joten nousumetrej\u00e4 piti alkaa ker\u00e4\u00e4m\u00e4\u00e4n. K\u00e4vely\u00e4 v\u00e4lille keryi yli kaksi kilometri\u00e4 ja kerran piti heitt\u00e4\u00e4 reppukin sel\u00e4st\u00e4 ja ry\u00f6mi\u00e4 poroaidan ali jotta matka etenisi. Tasaiselle p\u00e4\u00e4sty\u00e4mme laitoimme j\u00e4lleen juoksuksi. Rasti n\u00e4kyi melkein puolen kilometrin p\u00e4\u00e4h\u00e4n, sill\u00e4 se sijaitsi tunturin alarinteess\u00e4.<\/p>\n<p>Viidenell\u00e4 rastiv\u00e4lill\u00e4 teimme poikkeuksen reitinvalintaa ja p\u00e4\u00e4timme tehd\u00e4 pienen kierron. Ilman kiertoa olisimme joutuneet j\u00e4lleen nousemaan korkealle Kiilop\u00e4\u00e4lle ja se ei en\u00e4\u00e4 houkutellut. Kiertoon l\u00f6ytyi my\u00f6s hyv\u00e4kulkuinen polku joten kierto oli ehdottomasti oikea ratkaisu. Polkua juoksimme kilometrin verran jonka j\u00e4lkeen siiryimme etenem\u00e4\u00e4n tunturikoivikon ja avotunturin puolelle. Taas meinasimme juosta v\u00e4h\u00e4n yl\u00e4rinteen puolelta ohi, mutta onneksi samalle rastille oli menossa paljon muutakin porukkaa joten huomasimme virheemme ajoissa ja kaarsimme alas rastille.<\/p>\n<p>Maaliin oli matkaa en\u00e4\u00e4 reilu kilometri ja kaksi viimeist\u00e4 rastia oli aivan maalin l\u00e4heisyydess\u00e4. Viel\u00e4 kun suurin osa tuosta matkasta oli alam\u00e4ke\u00e4 ja hyv\u00e4kulkuista leve\u00e4\u00e4 polkua, niin loppumatka menikin kilpajuoksuksi.<\/p>\n<p>Toinen p\u00e4iv\u00e4 meni ehk\u00e4 viel\u00e4 ensimm\u00e4ist\u00e4kin p\u00e4iv\u00e4\u00e4 puhtaammin eik\u00e4 pummausta tullut juuri ollenkaan. Toisen p\u00e4iv\u00e4n aika oli 1:53 ja se oli vain 20 minuuttia p\u00e4iv\u00e4n voittajaa hitaampi. Sijoitus oli 10\/57. Kokonaistuoksissa olimme sijalla 15. ja eroa k\u00e4rkeen kertyi 40 minuuttia. Hieman spekuloivaa tuloslaskentaakin tuli tehty\u00e4, sill\u00e4 pikaisesti katsottuna, ilman ensimm\u00e4isen p\u00e4iv\u00e4n hyvitysminuutteja olisimme olleet kahdeksansia. Tulos oli siis yli kaikkien odotusten ja ennen kaikkea olen tyytyv\u00e4inen l\u00e4hes puhtaaseen suoritukseen. Toisaalta muutamalla rastilla oli hieman onneakin mukana, ja loppujen lopuksi kovin kummoisia suunnistustaitojakaan ei ainakaan meid\u00e4n sarjassamme vaadittu. Juoksukunto oli suunnistustaitoa t\u00e4rke\u00e4mpi ominaisuus.<\/p>\n","protected":false},"excerpt":{"rendered":"<p>T\u00e4n\u00e4 kes\u00e4n\u00e4 suunnistajat kokoontuivat Saarisel\u00e4n Kiilop\u00e4\u00e4lle mittaamaan toistensa paremmuudesta tunturien valloituksessa. Kisakeskus oli sijoitettu Kiilop\u00e4\u00e4n tunturikeskuksen v\u00e4litt\u00f6m\u00e4\u00e4n l\u00e4heisyyteen, ja se tarjosikin hyv\u00e4t puitteet molempien p\u00e4ivien l\u00e4hd\u00f6ille ja maalille, sek\u00e4 parkkipaikalle ja huollolle. My\u00f6s s\u00e4\u00e4 suosi suunnistajia koko elokuisen viikonlopun ajan. &hellip; <a href=\"http:\/\/www.tomirinne.fi\/?p=461\">Continue reading <span class=\"meta-nav\">&rarr;<\/span><\/a><\/p>\n","protected":false},"author":1,"featured_media":0,"comment_status":"open","ping_status":"open","sticky":false,"template":"","format":"standard","meta":{"footnotes":""},"categories":[5],"tags":[],"class_list":["post-461","post","type-post","status-publish","format-standard","hentry","category-suunnistus"],"_links":{"self":[{"href":"http:\/\/www.tomirinne.fi\/index.php?rest_route=\/wp\/v2\/posts\/461","targetHints":{"allow":["GET"]}}],"collection":[{"href":"http:\/\/www.tomirinne.fi\/index.php?rest_route=\/wp\/v2\/posts"}],"about":[{"href":"http:\/\/www.tomirinne.fi\/index.php?rest_route=\/wp\/v2\/types\/post"}],"author":[{"embeddable":true,"href":"http:\/\/www.tomirinne.fi\/index.php?rest_route=\/wp\/v2\/users\/1"}],"replies":[{"embeddable":true,"href":"http:\/\/www.tomirinne.fi\/index.php?rest_route=%2Fwp%2Fv2%2Fcomments&post=461"}],"version-history":[{"count":0,"href":"http:\/\/www.tomirinne.fi\/index.php?rest_route=\/wp\/v2\/posts\/461\/revisions"}],"wp:attachment":[{"href":"http:\/\/www.tomirinne.fi\/index.php?rest_route=%2Fwp%2Fv2%2Fmedia&parent=461"}],"wp:term":[{"taxonomy":"category","embeddable":true,"href":"http:\/\/www.tomirinne.fi\/index.php?rest_route=%2Fwp%2Fv2%2Fcategories&post=461"},{"taxonomy":"post_tag","embeddable":true,"href":"http:\/\/www.tomirinne.fi\/index.php?rest_route=%2Fwp%2Fv2%2Ftags&post=461"}],"curies":[{"name":"wp","href":"https:\/\/api.w.org\/{rel}","templated":true}]}}