{"id":370,"date":"2010-03-21T16:04:47","date_gmt":"2010-03-21T13:04:47","guid":{"rendered":"http:\/\/www.tomirinne.net\/?p=370"},"modified":"2010-03-21T16:04:47","modified_gmt":"2010-03-21T13:04:47","slug":"talven-loppua-ei-nakyvissa","status":"publish","type":"post","link":"http:\/\/www.tomirinne.fi\/?p=370","title":{"rendered":"Talven loppua ei n\u00e4kyviss\u00e4"},"content":{"rendered":"<p>Alkuviikosta oli hyvin aikaa jatkaa uusien suksien testailua, sill\u00e4 Tuuli oli ty\u00f6reissulla Lontoossa. Ja nyt kun ei ollut mit\u00e4\u00e4n kiirett\u00e4 ladulta pois niin tein sitten v\u00e4h\u00e4n pitempi\u00e4 lenkkej\u00e4. Ma, ti ja ke tein saman, reilun 33 km lenkin. Maanantaina hiihdin lenkin omilla uusilla Fischereill\u00e4, tiistaina Tuulin uusilla Fishereill\u00e4 ja keskiviikkona vanhoilla Peltosen suksilla joiden pohjaan olin laittanut Startin sinisen liisterin. Tuulin suksia lainasin sen vuoksi, ett\u00e4 halusin kokeilla, ett\u00e4 oliko pidossa ja luistossa eroa kun laittoi alle v\u00e4h\u00e4n l\u00f6ysemm\u00e4t pitopohjasukeset. Eip\u00e4 ollut. Yht\u00e4 hyvin luisti ja yht\u00e4 &#8220;huonosti&#8221; piti. Ajassakaan ei ollut kuin puolentoista minuutin ero (Tuulin suksien hyv\u00e4ksi), eli kolmisen sek\/km, eli k\u00e4yt\u00e4nn\u00f6ss\u00e4 ei mit\u00e4\u00e4n. Keskiviikko taas todisti sen, ett\u00e4 ei ole liisterisuksen voittanutta t\u00e4llaisilla karkeilla j\u00e4\u00e4keleill\u00e4. Luisto ei ollut kyll\u00e4 samaa luokkaa kuin pitopohjasuksilla, mutta luistoon varmaankin vaikutti se, ett\u00e4 9 vuotta vanhat, jo v\u00e4h\u00e4n l\u00f6ystyneet sukset, eiv\u00e4t liisteripohjaisena ole kaikkein lent\u00e4vin vaihtoehto. Mutta pito oli ihan omaa luokkaansa, my\u00f6s hiihtonautinto oli taas aivan mahtava, kun suksi piti l\u00e4hes t\u00e4ydellisesti. Huonomman luiston lis\u00e4ksi toinen liisterisuksen haittapuolena oli pohjaan tarttuvat roskat. Muutamaan otteeseen alkoi suksen pohja rohisemaan siihen malliin, ett\u00e4 melkein t\u00e4ytyi pys\u00e4hty\u00e4 putsaan sit\u00e4, mutta se j\u00e4i kuitenkin tekem\u00e4tt\u00e4.<\/p>\n<p>Torstaina tuli pidetty\u00e4 suunniteltu lepop\u00e4iv\u00e4. Lepop\u00e4iv\u00e4 tulikin ihan tarpeeseen sill\u00e4 viimeisen seitsem\u00e4n p\u00e4iv\u00e4n hiihtokilsoja on kertynyt n.280 km. Muutenkin hiihtokeli olisi ollut aika surkea, sill\u00e4 p\u00e4iv\u00e4n ja illan mittaan taivaalta tuli taas uutta lunta 5-10 cm. Ty\u00f6matkapy\u00f6r\u00e4ily kuitenkin t\u00e4n\u00e4\u00e4n tuli poljettua. Se olikin viikon ensimm\u00e4inen py\u00f6r\u00e4ily, sill\u00e4 alkuviikon aamupakkaset olivat sen verran kire\u00e4t, ett\u00e4 mukavuudenhalu iski j\u00e4lleen.<\/p>\n<p>Perjantaina oli taas kunnon &#8220;zero-kelit&#8221;, sill\u00e4 l\u00e4mp\u00f6 oli hieman plussan puolella ja uusi lumi oli piiloittanut pahimmat j\u00e4\u00e4tik\u00f6t laduilta. Oli kyll\u00e4 niin unelmakeli, ett\u00e4 harmitti oikein j\u00e4tt\u00e4\u00e4 ladut 29 km lenkin j\u00e4lkeen.<\/p>\n<p>Lauantaina keli muuttui taas surkeaksi. Y\u00f6ll\u00e4 tuli vett\u00e4 ja l\u00e4mp\u00f6tila ei k\u00e4ynyt y\u00f6ll\u00e4 pakkasen puolella ollenkaan joten ladut olivat peihmeit\u00e4 ja luisto oli p\u00e4\u00e4osin huono ja paikoin sit\u00e4 ei ollut ollenkaan &#8211; pito onneksi edes oli hyv\u00e4. My\u00f6s osanotto oli laduilla heikko, taitaa olla suurelta osaa hiiht\u00e4jist\u00e4 jo kausi loppunut. Onneksi tuli l\u00e4hdetty\u00e4 laduille jo heti klo 9 j\u00e4lkeen, sill\u00e4 muutama minuutti sen j\u00e4lkeen kun oma 52 km:n lenkki oli p\u00e4\u00e4ttynyt alkoi satamaan reippasti vett\u00e4 ja sit\u00e4 tuli varmaankin tunnin ajan. Ei olisi ollut mukavaa olla puolessa v\u00e4liss\u00e4 lenkki\u00e4 tuossa vesisateessa.<\/p>\n<p>Jos lauantaina suksen\u00a0luisto oli vuoroin\u00a0huono ja vuoroin surkea, niin sunnuntaina oli tasaisesti silt\u00e4 v\u00e4lilt\u00e4. Aamuy\u00f6st\u00e4 oli tullut muutama sentti uutta pakkaslunta, ja kun tuli l\u00e4hdetty\u00e4 laduille jo v\u00e4h\u00e4n ennen kahdeksaa, niin paikkapaikoin joutui jopa ladun avaus hommiin. Vaikka uutta lunta ei en\u00e4\u00e4 kaivattaisi, niin se hyv\u00e4 puoli siit\u00e4 on, ett\u00e4 ensi viikolla ladut voivat olla hyv\u00e4ss\u00e4 kunnossa, mik\u00e4li vaan\u00a0laduntekij\u00e4t jaksavat viel\u00e4 latuja ajaa. Hiihtokausi siis taitaa viel\u00e4kin jatkua vaikka t\u00e4n\u00e4\u00e4n menikin tavoiteltu 2000hiihto-km rikki.<\/p>\n","protected":false},"excerpt":{"rendered":"<p>Alkuviikosta oli hyvin aikaa jatkaa uusien suksien testailua, sill\u00e4 Tuuli oli ty\u00f6reissulla Lontoossa. Ja nyt kun ei ollut mit\u00e4\u00e4n kiirett\u00e4 ladulta pois niin tein sitten v\u00e4h\u00e4n pitempi\u00e4 lenkkej\u00e4. Ma, ti ja ke tein saman, reilun 33 km lenkin. Maanantaina hiihdin &hellip; <a href=\"http:\/\/www.tomirinne.fi\/?p=370\">Continue reading <span class=\"meta-nav\">&rarr;<\/span><\/a><\/p>\n","protected":false},"author":1,"featured_media":0,"comment_status":"open","ping_status":"open","sticky":false,"template":"","format":"standard","meta":{"footnotes":""},"categories":[6],"tags":[],"class_list":["post-370","post","type-post","status-publish","format-standard","hentry","category-treeniraportti"],"_links":{"self":[{"href":"http:\/\/www.tomirinne.fi\/index.php?rest_route=\/wp\/v2\/posts\/370","targetHints":{"allow":["GET"]}}],"collection":[{"href":"http:\/\/www.tomirinne.fi\/index.php?rest_route=\/wp\/v2\/posts"}],"about":[{"href":"http:\/\/www.tomirinne.fi\/index.php?rest_route=\/wp\/v2\/types\/post"}],"author":[{"embeddable":true,"href":"http:\/\/www.tomirinne.fi\/index.php?rest_route=\/wp\/v2\/users\/1"}],"replies":[{"embeddable":true,"href":"http:\/\/www.tomirinne.fi\/index.php?rest_route=%2Fwp%2Fv2%2Fcomments&post=370"}],"version-history":[{"count":0,"href":"http:\/\/www.tomirinne.fi\/index.php?rest_route=\/wp\/v2\/posts\/370\/revisions"}],"wp:attachment":[{"href":"http:\/\/www.tomirinne.fi\/index.php?rest_route=%2Fwp%2Fv2%2Fmedia&parent=370"}],"wp:term":[{"taxonomy":"category","embeddable":true,"href":"http:\/\/www.tomirinne.fi\/index.php?rest_route=%2Fwp%2Fv2%2Fcategories&post=370"},{"taxonomy":"post_tag","embeddable":true,"href":"http:\/\/www.tomirinne.fi\/index.php?rest_route=%2Fwp%2Fv2%2Ftags&post=370"}],"curies":[{"name":"wp","href":"https:\/\/api.w.org\/{rel}","templated":true}]}}