{"id":338,"date":"2010-01-31T22:14:21","date_gmt":"2010-01-31T19:14:21","guid":{"rendered":"http:\/\/www.tomirinne.net\/?p=338"},"modified":"2010-01-31T22:14:21","modified_gmt":"2010-01-31T19:14:21","slug":"lusmuviikko","status":"publish","type":"post","link":"http:\/\/www.tomirinne.fi\/?p=338","title":{"rendered":"Lusmuviikko"},"content":{"rendered":"<p>Jos viime viikko meni suurin piirtein suunnitelmien mukaisesti, niin m\u00e4nn\u00e4 viikko meni sitten t\u00e4ysin suunnitelmien vastaisesti. Heti maanantaina t\u00e4ytyi pit\u00e4\u00e4 lepop\u00e4iv\u00e4, kun sunnuntai-iltana oli kuumetta ja kun olin pois t\u00f6ist\u00e4kin, niin ei oikein ladulle voinut l\u00e4hte\u00e4.<\/p>\n<p>Tiistaina alkoi sitten pakkanen kiristym\u00e4\u00e4n, mutta l\u00e4hdin kuitenkin py\u00f6r\u00e4ll\u00e4 t\u00f6ihin. Aamun py\u00f6r\u00e4ily meni viel\u00e4 suht mukavasti, mutta illalla oli pakkanen kiristynyt muutamalla asteella -18 asteeseen ja oli siin\u00e4 kinthaalla, ett\u00e4 p\u00e4\u00e4ll\u00e4 oleet kamppeet olisivat olleet liian kevyet kyseiseen keliin. Sen verran hyyt\u00e4v\u00e4 reissu oli, ett\u00e4 kotiin p\u00e4\u00e4sty\u00e4 tuli vain laitettua tuli takkaan ja j\u00e4tetty\u00e4 hiihtoreissu v\u00e4liin.<\/p>\n<p>Keskiviikkoaamuna pakkasta oli yli parikymment\u00e4 astetta joten py\u00f6r\u00e4 pysyi tallissa ja salille tuli kurvattua autolla. Illalla pakkanen oli laskenut -17 asteeseen ja pienen harkinnan j\u00e4lkeen tuli l\u00e4hdetty\u00e4 ladulle. Sen verran kova myr\u00e4kk\u00e4 ladulla oli, ett\u00e4 reissu j\u00e4i 20 km mittaiseksi. Lamminp\u00e4\u00e4n harjulla meno tuntui v\u00e4lill\u00e4 hengenvaaralliselta, kun ladulle oli katkennut puita ja koko ajan sai olla varuillaan, ettei joku lumen painosta taipunut m\u00e4nty katkea p\u00e4\u00e4lle. Onneksi niskaan tuli puista vain lunta.<\/p>\n<p>Torstain l\u00e4mp\u00f6mittari pysytteli koko p\u00e4iv\u00e4n -20 asteen tuntumassa, joten lepop\u00e4iv\u00e4 tuli t\u00e4st\u00e4kin.<\/p>\n<p>Perjantaina tuli k\u00e4yty\u00e4 sent\u00e4\u00e4n salilla, mutta muuten mukavuuden halu vei voiton ja illan hiihdon v\u00e4liinj\u00e4tt\u00e4miselle tuli keksitty\u00e4 riitt\u00e4v\u00e4sti perusteita.<\/p>\n<p>Viikonloppuna tuli sent\u00e4\u00e4n tehty\u00e4 kaksi 40 km:n hiihtoa, mutta uusi lumi hidasti hiihtovauhtia sen verran, ett\u00e4 pidemm\u00e4t lenkin j\u00e4i tekem\u00e4tt\u00e4. Akillesj\u00e4nnekin aloi taas vihoittelemaan v\u00e4h\u00e4n enemm\u00e4n, se ei ilmeisesti tykk\u00e4\u00e4 n\u00e4in leppoisista viikoista.<\/p>\n<p>Ensi viikko n\u00e4ytt\u00e4\u00e4 kyll\u00e4 pakkasten puolesta hyv\u00e4lt\u00e4, mutta uutta lunta n\u00e4ytt\u00e4isi tulevan jonkin verran, joten kovin liukkaita hiihtokelej\u00e4 ei ole tiedossa.<\/p>\n","protected":false},"excerpt":{"rendered":"<p>Jos viime viikko meni suurin piirtein suunnitelmien mukaisesti, niin m\u00e4nn\u00e4 viikko meni sitten t\u00e4ysin suunnitelmien vastaisesti. Heti maanantaina t\u00e4ytyi pit\u00e4\u00e4 lepop\u00e4iv\u00e4, kun sunnuntai-iltana oli kuumetta ja kun olin pois t\u00f6ist\u00e4kin, niin ei oikein ladulle voinut l\u00e4hte\u00e4. Tiistaina alkoi sitten pakkanen &hellip; <a href=\"http:\/\/www.tomirinne.fi\/?p=338\">Continue reading <span class=\"meta-nav\">&rarr;<\/span><\/a><\/p>\n","protected":false},"author":1,"featured_media":0,"comment_status":"open","ping_status":"open","sticky":false,"template":"","format":"standard","meta":{"footnotes":""},"categories":[6],"tags":[],"class_list":["post-338","post","type-post","status-publish","format-standard","hentry","category-treeniraportti"],"_links":{"self":[{"href":"http:\/\/www.tomirinne.fi\/index.php?rest_route=\/wp\/v2\/posts\/338","targetHints":{"allow":["GET"]}}],"collection":[{"href":"http:\/\/www.tomirinne.fi\/index.php?rest_route=\/wp\/v2\/posts"}],"about":[{"href":"http:\/\/www.tomirinne.fi\/index.php?rest_route=\/wp\/v2\/types\/post"}],"author":[{"embeddable":true,"href":"http:\/\/www.tomirinne.fi\/index.php?rest_route=\/wp\/v2\/users\/1"}],"replies":[{"embeddable":true,"href":"http:\/\/www.tomirinne.fi\/index.php?rest_route=%2Fwp%2Fv2%2Fcomments&post=338"}],"version-history":[{"count":0,"href":"http:\/\/www.tomirinne.fi\/index.php?rest_route=\/wp\/v2\/posts\/338\/revisions"}],"wp:attachment":[{"href":"http:\/\/www.tomirinne.fi\/index.php?rest_route=%2Fwp%2Fv2%2Fmedia&parent=338"}],"wp:term":[{"taxonomy":"category","embeddable":true,"href":"http:\/\/www.tomirinne.fi\/index.php?rest_route=%2Fwp%2Fv2%2Fcategories&post=338"},{"taxonomy":"post_tag","embeddable":true,"href":"http:\/\/www.tomirinne.fi\/index.php?rest_route=%2Fwp%2Fv2%2Ftags&post=338"}],"curies":[{"name":"wp","href":"https:\/\/api.w.org\/{rel}","templated":true}]}}