{"id":325,"date":"2009-11-22T21:26:45","date_gmt":"2009-11-22T18:26:45","guid":{"rendered":"http:\/\/www.tomirinne.net\/?p=325"},"modified":"2009-11-22T21:26:45","modified_gmt":"2009-11-22T18:26:45","slug":"105-kunnian-kilometria","status":"publish","type":"post","link":"http:\/\/www.tomirinne.fi\/?p=325","title":{"rendered":"105 kunnian kilometri\u00e4"},"content":{"rendered":"<p>Vai onko t\u00f6rke\u00e4t\u00e4 viitata pient\u00e4 py\u00f6r\u00e4lenkki\u00e4 talvisodan ihmeeseen ja 105:een kunnian p\u00e4iv\u00e4\u00e4n. Py\u00f6r\u00e4lenkki olisi pit\u00e4nyt tehd\u00e4 vasta viikkoa my\u00f6hemmin, sill\u00e4 silloin olisi ollut tasan 70 v talvisodan alkamisesta. Mutta olkoon nyt t\u00e4m\u00e4n p\u00e4iv\u00e4n py\u00f6r\u00e4ily sitten aikaistettu juhlapolkaisu. V\u00e4h\u00e4n taistelun piirteit\u00e4 reissussa oli, sill\u00e4 vaikka viimep\u00e4iv\u00e4t ovatkin olleet suht leutoja, niin t\u00e4m\u00e4 aamu olikin sitten vuorostaan viile\u00e4mpi ja py\u00f6r\u00e4\u00e4n uudelleen vaihdetut kes\u00e4kumit ja lukkopolkimet toivat pient\u00e4 lis\u00e4valppautta kuuran liukastamille teille. Aamuh\u00e4m\u00e4riss\u00e4 kello 7:30 l\u00e4hdin sotkemaan kohti Alastaroa. Jos liukkautta ei oteta lukuun, niin alku sujui mukavasti auringon alkaessa nousta. Parin kympin j\u00e4lkeen alkoi kuitenkin huono vaatetus tuomaan ongelmia, sill\u00e4 pari sukkakerrosta ei riitt\u00e4nyt pit\u00e4m\u00e4\u00e4n varpaita l\u00e4mpimin\u00e4 ja jouduinkin Lemp\u00e4\u00e4l\u00e4ss\u00e4 pys\u00e4htym\u00e4\u00e4n v\u00e4h\u00e4ksi aikaa l\u00e4mmittelem\u00e4\u00e4n varpaita. 10 min tauon j\u00e4lkeen matka jatkui viel\u00e4 v\u00e4h\u00e4n matkaa auringon paisteessa, mutta 50 km:n paikkeilla sumu pimensi auringon joten taivaalta ei tullut apuja varpaiden l\u00e4mpim\u00e4n\u00e4 pit\u00e4miseen. N 55 km:ss\u00e4 Kr\u00e4\u00e4kki\u00f6ss\u00e4 jouduin pys\u00e4htym\u00e4\u00e4n toistamiseen hieromaan varpaitani l\u00e4mpim\u00e4ksi. Punkalaitumelle oli matkaa tunnin verran ja suunnittelin suraavan varvashuoltotauon sinne. 80 km tuli t\u00e4yteen P:laitumen keskustassa, mutta j\u00e4tin tauon pit\u00e4m\u00e4tt\u00e4 vaikka varpaat olivatkin j\u00e4lleen j\u00e4\u00e4ss\u00e4, mutta kun tunto oli viel\u00e4 tallella, niin polkaisin viimeisen 25 km samaan putkeen. N. 4 tunnin 45 minuutin polkemisen j\u00e4lkeen saavuin perille jossa l\u00e4mmin suihku odotti. Vaikka kylmien varpaiden kanssa on ik\u00e4v\u00e4 py\u00f6r\u00e4ill\u00e4, niin viel\u00e4 tuskallisempaa oli se, kun l\u00e4mpim\u00e4ss\u00e4 suihkussa alkoi veri kiert\u00e4m\u00e4\u00e4n taas varpaissa. Tuntui silt\u00e4 kuin kymmenen uloketta jalkap\u00f6yd\u00e4ss\u00e4 olisi juuri r\u00e4j\u00e4ht\u00e4m\u00e4isill\u00e4\u00e4n. Reissun j\u00e4lkeen pystyi hyv\u00e4ll\u00e4 omallatunnolla istumaan \u00e4iteen lihapatojen \u00e4\u00e4reen.<\/p>\n<p>Viikolla p\u00e4\u00e4si pitk\u00e4st\u00e4 aikaa taas juoksunkin makuun, sill\u00e4 ti, to ja la tein rauhallisen n. 30 min juoksulenkin. Tosin ensimm\u00e4inen kokeilu oli jo viikko sitten lauantaina kun k\u00e4vin RiLe:n ja MaSa:n kanssa Turussa n.7 km lenkill\u00e4. Jaa mix Turus? No kun siell\u00e4 oli silloin Apulannan keikka ja sit\u00e4 piti tietenkin k\u00e4yd\u00e4 katsomassa. En tied\u00e4 kumpi oli pahempi koitos akillesj\u00e4neille, reilun puolen tunnin juoksu, vai puolentoista tunnin hyppely keikalla.<\/p>\n<p>Juostessa akillesj\u00e4nnekivut eiv\u00e4t vaivaa, mutta aamuisin ne ovat aika j\u00e4yk\u00e4t ja kipe\u00e4t. Pienen k\u00e4velyn j\u00e4lkeen j\u00e4ykkyys ja kipu h\u00e4vi\u00e4\u00e4, mutta tuskin tuo ihan terveen j\u00e4nteen merkki on. Joka tapauksessa juokseen on v\u00e4h\u00e4n p\u00e4\u00e4sty joten jotain valoa tunnelin p\u00e4\u00e4ss\u00e4 n\u00e4kyy. Onko se valo sitten auringon valoa vai onko se kajo kipin\u00f6ist\u00e4 joita sinkoilee kun tunnelin p\u00e4\u00e4t\u00e4 hitsataan kiinni&#8230; saa n\u00e4hd\u00e4.<\/p>\n<p>Palapeliurakankin kimppuun on jo muutamana ehtoona p\u00e4\u00e4sty ja talvikauden ensimm\u00e4iset n. 100 palaa ovat l\u00f6yt\u00e4neet paikkansa. Viel\u00e4 tosin on tuhansia ja taas tuhansia j\u00e4ljell\u00e4.<\/p>\n","protected":false},"excerpt":{"rendered":"<p>Vai onko t\u00f6rke\u00e4t\u00e4 viitata pient\u00e4 py\u00f6r\u00e4lenkki\u00e4 talvisodan ihmeeseen ja 105:een kunnian p\u00e4iv\u00e4\u00e4n. Py\u00f6r\u00e4lenkki olisi pit\u00e4nyt tehd\u00e4 vasta viikkoa my\u00f6hemmin, sill\u00e4 silloin olisi ollut tasan 70 v talvisodan alkamisesta. Mutta olkoon nyt t\u00e4m\u00e4n p\u00e4iv\u00e4n py\u00f6r\u00e4ily sitten aikaistettu juhlapolkaisu. V\u00e4h\u00e4n taistelun piirteit\u00e4 &hellip; <a href=\"http:\/\/www.tomirinne.fi\/?p=325\">Continue reading <span class=\"meta-nav\">&rarr;<\/span><\/a><\/p>\n","protected":false},"author":1,"featured_media":0,"comment_status":"open","ping_status":"open","sticky":false,"template":"","format":"standard","meta":{"footnotes":""},"categories":[6],"tags":[],"class_list":["post-325","post","type-post","status-publish","format-standard","hentry","category-treeniraportti"],"_links":{"self":[{"href":"http:\/\/www.tomirinne.fi\/index.php?rest_route=\/wp\/v2\/posts\/325","targetHints":{"allow":["GET"]}}],"collection":[{"href":"http:\/\/www.tomirinne.fi\/index.php?rest_route=\/wp\/v2\/posts"}],"about":[{"href":"http:\/\/www.tomirinne.fi\/index.php?rest_route=\/wp\/v2\/types\/post"}],"author":[{"embeddable":true,"href":"http:\/\/www.tomirinne.fi\/index.php?rest_route=\/wp\/v2\/users\/1"}],"replies":[{"embeddable":true,"href":"http:\/\/www.tomirinne.fi\/index.php?rest_route=%2Fwp%2Fv2%2Fcomments&post=325"}],"version-history":[{"count":0,"href":"http:\/\/www.tomirinne.fi\/index.php?rest_route=\/wp\/v2\/posts\/325\/revisions"}],"wp:attachment":[{"href":"http:\/\/www.tomirinne.fi\/index.php?rest_route=%2Fwp%2Fv2%2Fmedia&parent=325"}],"wp:term":[{"taxonomy":"category","embeddable":true,"href":"http:\/\/www.tomirinne.fi\/index.php?rest_route=%2Fwp%2Fv2%2Fcategories&post=325"},{"taxonomy":"post_tag","embeddable":true,"href":"http:\/\/www.tomirinne.fi\/index.php?rest_route=%2Fwp%2Fv2%2Ftags&post=325"}],"curies":[{"name":"wp","href":"https:\/\/api.w.org\/{rel}","templated":true}]}}