{"id":3139,"date":"2025-10-12T19:12:48","date_gmt":"2025-10-12T16:12:48","guid":{"rendered":"http:\/\/www.tomirinne.fi\/?p=3139"},"modified":"2025-10-12T19:12:48","modified_gmt":"2025-10-12T16:12:48","slug":"aikaisia-kaatoja","status":"publish","type":"post","link":"http:\/\/www.tomirinne.fi\/?p=3139","title":{"rendered":"Aikaisia kaatoja"},"content":{"rendered":"\n<p>Viikko 41\/2025 (6.-12.10.2025)<\/p>\n\n\n\n<p>Hienoa syksy\u00e4 elet\u00e4\u00e4n edelleen, vaikka v\u00e4lill\u00e4 sataa ja myrsky\u00e4\u00e4kin. Ihan mukavan l\u00e4mmint\u00e4kin on viel\u00e4 ollut, joten pihallakin on ollut ihan kiva puuhastella. Aloittelin jopa jo puiden kaadon, kun ylim\u00e4\u00e4r\u00e4isten vapaap\u00e4ivien ansiosta on ollut &#8220;ylim\u00e4\u00e4r\u00e4ist\u00e4&#8221; aikaa. Hieman aikaistahan t\u00e4m\u00e4 on viel\u00e4 etenkin lehtipuiden kaatamiseen, kun kaikki lehdetk\u00e4\u00e4n ei ole tippuneet. Mutta nyt kun kaataa, niin ehtii viel\u00e4 kannotkin kaivamaan yl\u00f6s, kun sellaisesta paikasta tuli pari isohkoa koivua kaadettua. Muutama pienempi lepp\u00e4 sai my\u00f6s kyyti\u00e4. Isoimman koivun halkomisen kanssa tosin oli ty\u00f6t\u00e4 ja tuskaa &#8211; pakkasella olisi homma hoitunut huomattavasti helpommin.<\/p>\n\n\n\n<p>Maanantaina olin py\u00f6r\u00e4ll\u00e4 toimistolla. Aamulla satoi vett\u00e4, mutta l\u00e4mp\u00f6\u00e4 oli sent\u00e4\u00e4n 8 astetta. Illalla 11 astetta ja kuivaa. Illalla viel\u00e4 kolmen vartin kotisalitreeni.<\/p>\n\n\n\n<p>Tiistaina vapaap\u00e4iv\u00e4. Aamusta py\u00f6r\u00e4ll\u00e4 Yl\u00f6j\u00e4rven uimahallille uimaan vaparia pullarin kanssa. 1300 metriin meni taukojen kanssa hieman alle 33 minuuttia. Sitten poljin Lielahden liikkuun jossa tein 75 minuutin salitreenin. P\u00e4\u00e4lle kokeilin paljonko menee soutulaitteella 500m:iin. 1:47 oli n\u00e4in alkajaisiksi aika, josta voi alkaa parempaa aikaa kehitt\u00e4m\u00e4\u00e4n. Sitten viel\u00e4 5 minuuttia crosstraineria ja venyttelyt. Kotiin p\u00e4\u00e4sty\u00e4 kaadoin yhden ison koivun ja pienemm\u00e4n lep\u00e4n. Niiden karsinta, p\u00e4tkint\u00e4 ja halkominen 60cm:n mittaan, ja sitten olikin p\u00e4iv\u00e4 pulkassa.<\/p>\n\n\n\n<p>Keskiviikkona kotikonttorilla. Treeneist\u00e4 vapaa p\u00e4iv\u00e4.<\/p>\n\n\n\n<p>Torstaina oli ohjelmassa vain ty\u00f6matkapy\u00f6r\u00e4ilyt.<\/p>\n\n\n\n<p>Perjantaina j\u00e4lleen vapaata. K\u00e4vin j\u00e4lleen py\u00f6r\u00e4ll\u00e4 Lielahden Liikussa tekem\u00e4ss\u00e4 75 salitreenin. P\u00e4\u00e4lle tuli j\u00e4lleen my\u00f6s kokeiltua 500m sis\u00e4soutu. V\u00e4h\u00e4n uutta taktiikkaa kokeilin &#8211; ei ollut hyv\u00e4, kun aika huononi. Sitten viel\u00e4 7,5 minuuttia crosstraineria ja venyttelyt. Loppup\u00e4iv\u00e4 menikin sitten ison koivun kanssa temutessa. Sain sen kaadettua ja palasiksi, vaikka kova homma olikin. Etenkin alin tyvimetri oli melkoisen tiukkaa tavaraa ja sit\u00e4 sai hakata ihan tosissaan, ett\u00e4 sai palasiksi.<\/p>\n\n\n\n<figure class=\"wp-block-image size-large is-resized\"><img loading=\"lazy\" decoding=\"async\" width=\"419\" height=\"1024\" src=\"http:\/\/www.tomirinne.fi\/wp-content\/uploads\/2025\/10\/20251010_140612-419x1024.jpg\" alt=\"\" class=\"wp-image-3140\" style=\"width:400px;height:auto\" srcset=\"http:\/\/www.tomirinne.fi\/wp-content\/uploads\/2025\/10\/20251010_140612-419x1024.jpg 419w, http:\/\/www.tomirinne.fi\/wp-content\/uploads\/2025\/10\/20251010_140612-123x300.jpg 123w, http:\/\/www.tomirinne.fi\/wp-content\/uploads\/2025\/10\/20251010_140612-768x1875.jpg 768w, http:\/\/www.tomirinne.fi\/wp-content\/uploads\/2025\/10\/20251010_140612-629x1536.jpg 629w, http:\/\/www.tomirinne.fi\/wp-content\/uploads\/2025\/10\/20251010_140612-839x2048.jpg 839w, http:\/\/www.tomirinne.fi\/wp-content\/uploads\/2025\/10\/20251010_140612-scaled.jpg 1048w\" sizes=\"auto, (max-width: 419px) 100vw, 419px\" \/><\/figure>\n\n\n\n<p>Lauantaina oli ohjelmassa j\u00e4lleen ReAn:n ja MiVa:n kanssa pitk\u00e4 gravel-py\u00f6r\u00e4ily. Aamusta oli hieman hakattu olo, kun k\u00e4det olivat ihan muusina edellisen p\u00e4iv\u00e4n klapihommista. Edelliseen lauantain lenkkiin n\u00e4hden l\u00e4mp\u00f6\u00e4 oli pari astetta enemm\u00e4n, kymmenisen astetta, mutta luoteistuuli oli tosi kova. Reittin\u00e4 oli t\u00e4m\u00e4n vuoden Hiekka Pirkka, hieman modattuna. Kiersimme reitin eri suuntaan kuin virallinen reitti on, koska tuulen suunta tuntui suosivan tuota kiertosuuntaa. L\u00e4hdimme polkemaan Kaupinojan parkkipaikalta, josta ensin poljimme Ratinan kautta Sarankulmaan, jossa p\u00e4\u00e4simme viralliselle Pirkan py\u00f6r\u00e4ilyn reitille. Toiviosta menimme hiekkateita pitkin Pirkkalankyl\u00e4\u00e4n. Lemp\u00e4\u00e4l\u00e4\u00e4n kiertelimme p\u00e4\u00e4osin hiekkateita pitkin, ja jotka olivat minulle uusia tuttavuuksia. Lemp\u00e4\u00e4l\u00e4st\u00e4 Viialaan ja sielt\u00e4 Toijalaan, edelleen p\u00e4\u00e4osin hiekkateit\u00e4 ja -polkuja pitkin. Valkeakoskelle ajoimme S\u00e4\u00e4ksm\u00e4en kautta. Valkeakoskella pys\u00e4hdyimme kahvilaan tauolle ja samalla haimme kaupasta lis\u00e4\u00e4 energiaa. Tauon j\u00e4lkeen liikkelle l\u00e4ht\u00f6 oli kylm\u00e4n oloista, mutta pian l\u00e4mm\u00f6t palasivat. Valkeakosken taajaman j\u00e4lkeen siirryimme taas asumattomille mets\u00e4tiep\u00e4tkille. Savontielt\u00e4 siirryimme Birgitan polulle. Asfaltille tulille Vuoreksen kohdilla. Viel\u00e4 ennen Sarankulmaan tuloa kiersimme S\u00e4\u00e4ksj\u00e4rven rantoja pitkin. Loppumatka menikin sitten samaa reitti kuin alkumatkastakin. Matkaa kertyi 168 kilometri\u00e4 ja aikaa kului melkein 7:20. Keskitehot olivat 153W. Reitti oli edellist\u00e4 lauantaita hitaampi ja vaativampi, vaikka nousumetrej\u00e4 olikin v\u00e4hemm\u00e4n. Teknisemp\u00e4\u00e4 p\u00e4tk\u00e4\u00e4 oli enemm\u00e4n ja edellisten \u00f6iden sateet olivat my\u00f6s pehmitt\u00e4neet hiekkateit\u00e4 ja mutaisiakin p\u00e4tki\u00e4 l\u00f6ytyi. Lenkin p\u00e4\u00e4tteeksi Kaupiojan sauna antoi mukavat l\u00e4mm\u00f6t. J\u00e4rveen ei kyll\u00e4 tarjennut menn\u00e4 kuin kahlaten.<\/p>\n\n\n\n<p>Sunnuntaina oli melko rikkin\u00e4inen olo. Y\u00f6 tuli nukuttua huonosti ja p\u00e4\u00e4t\u00e4 s\u00e4rki koko p\u00e4iv\u00e4n. Treenit j\u00e4tin v\u00e4liin, mutta kannon kaivuuhommia tuli tehty\u00e4 jokusen tunnin verran.<\/p>\n","protected":false},"excerpt":{"rendered":"<p>Viikko 41\/2025 (6.-12.10.2025) Hienoa syksy\u00e4 elet\u00e4\u00e4n edelleen, vaikka v\u00e4lill\u00e4 sataa ja myrsky\u00e4\u00e4kin. Ihan mukavan l\u00e4mmint\u00e4kin on viel\u00e4 ollut, joten pihallakin on ollut ihan kiva puuhastella. Aloittelin jopa jo puiden kaadon, kun ylim\u00e4\u00e4r\u00e4isten vapaap\u00e4ivien ansiosta on ollut &#8220;ylim\u00e4\u00e4r\u00e4ist\u00e4&#8221; aikaa. Hieman aikaistahan &hellip; <a href=\"http:\/\/www.tomirinne.fi\/?p=3139\">Continue reading <span class=\"meta-nav\">&rarr;<\/span><\/a><\/p>\n","protected":false},"author":1,"featured_media":0,"comment_status":"open","ping_status":"open","sticky":false,"template":"","format":"standard","meta":{"footnotes":""},"categories":[1],"tags":[],"class_list":["post-3139","post","type-post","status-publish","format-standard","hentry","category-uncategorized"],"_links":{"self":[{"href":"http:\/\/www.tomirinne.fi\/index.php?rest_route=\/wp\/v2\/posts\/3139","targetHints":{"allow":["GET"]}}],"collection":[{"href":"http:\/\/www.tomirinne.fi\/index.php?rest_route=\/wp\/v2\/posts"}],"about":[{"href":"http:\/\/www.tomirinne.fi\/index.php?rest_route=\/wp\/v2\/types\/post"}],"author":[{"embeddable":true,"href":"http:\/\/www.tomirinne.fi\/index.php?rest_route=\/wp\/v2\/users\/1"}],"replies":[{"embeddable":true,"href":"http:\/\/www.tomirinne.fi\/index.php?rest_route=%2Fwp%2Fv2%2Fcomments&post=3139"}],"version-history":[{"count":1,"href":"http:\/\/www.tomirinne.fi\/index.php?rest_route=\/wp\/v2\/posts\/3139\/revisions"}],"predecessor-version":[{"id":3141,"href":"http:\/\/www.tomirinne.fi\/index.php?rest_route=\/wp\/v2\/posts\/3139\/revisions\/3141"}],"wp:attachment":[{"href":"http:\/\/www.tomirinne.fi\/index.php?rest_route=%2Fwp%2Fv2%2Fmedia&parent=3139"}],"wp:term":[{"taxonomy":"category","embeddable":true,"href":"http:\/\/www.tomirinne.fi\/index.php?rest_route=%2Fwp%2Fv2%2Fcategories&post=3139"},{"taxonomy":"post_tag","embeddable":true,"href":"http:\/\/www.tomirinne.fi\/index.php?rest_route=%2Fwp%2Fv2%2Ftags&post=3139"}],"curies":[{"name":"wp","href":"https:\/\/api.w.org\/{rel}","templated":true}]}}