{"id":3133,"date":"2025-10-05T18:54:52","date_gmt":"2025-10-05T15:54:52","guid":{"rendered":"http:\/\/www.tomirinne.fi\/?p=3133"},"modified":"2025-10-05T18:54:52","modified_gmt":"2025-10-05T15:54:52","slug":"patkatyolainen","status":"publish","type":"post","link":"http:\/\/www.tomirinne.fi\/?p=3133","title":{"rendered":"P\u00e4tk\u00e4ty\u00f6l\u00e4inen"},"content":{"rendered":"\n<p>Viikko 40\/2025 (29.9. &#8211; 5.10.2025)<\/p>\n\n\n\n<p>Niin kuin vuosi sittenkin, niin t\u00e4n\u00e4kin vuonna osallistun ty\u00f6nantajani s\u00e4\u00e4st\u00f6talkoisiin. Loppuvuoden teen lyhyemp\u00e4\u00e4 ty\u00f6viikkoa, noin kolmep\u00e4iv\u00e4ist\u00e4. Mutta mik\u00e4s t\u00e4ss\u00e4 on vapaita pidelless\u00e4, kun on niin komeaa kuivaa syyss\u00e4\u00e4t\u00e4 ollut viel\u00e4 tarjolla. S\u00e4iden puolesta ei ole voinut miss\u00e4\u00e4n nimess\u00e4 valittaa.<\/p>\n\n\n\n<p>Viikolla on tullut tehty\u00e4 aika paljon risuhommia tuossa tien varressa. Olen siivoillut naapuripalstan hakkuuj\u00e4tteit\u00e4 kasalle, kun kerran ole hommaan luvan saanut. Viikon treenituntim\u00e4\u00e4r\u00e4 meinasi j\u00e4\u00e4d\u00e4 aika heikoksi, mutta onneksi lauantaina tuli viel\u00e4 pitk\u00e4 py\u00f6r\u00e4ily, niin ei mennyt ihan huilailuksi t\u00e4m\u00e4 viikko.<\/p>\n\n\n\n<p>Maanantai aamusta t\u00f6ihin py\u00f6r\u00e4illess\u00e4 oli en\u00e4\u00e4 asteen verran l\u00e4mp\u00f6\u00e4. Illalla kuitenkin l\u00e4mp\u00f6 nousi viel\u00e4 kymmeneen asteeseen, niin kuin melkein joka p\u00e4iv\u00e4 t\u00e4ll\u00e4 viikolla.<\/p>\n\n\n\n<p>Tiistain olin kotikonttorilla. Illalla k\u00e4vin viel\u00e4 syyskuun viimeiseksi py\u00f6r\u00e4lenkiksi tekem\u00e4ss\u00e4 puolentoista tunnin graveloinnin Mets\u00e4kyl\u00e4n suunnassa. Matkaa kertyi hieman p\u00e4\u00e4lle 36 kilometri\u00e4. Vaikka noin l\u00e4hell\u00e4 paikka onkin, niin uusia reittej\u00e4 tuli ajettua.<\/p>\n\n\n\n<p>Keskiviikon olin vapaalla. Aamulla koiralenkin j\u00e4lkeen py\u00f6r\u00e4ilin Yl\u00f6j\u00e4rven uimahallille, jossa polskuttelin vaparia pullarin kanssa kilometrin verran. Aikaa kului hieman alle puoli tuntia. Piti aloittaa varovaisesti, kun aika monta kuukautta taas edellisest\u00e4 uintikerrasta. Loppukes\u00e4st\u00e4 j\u00e4lleen vihoittelemaan alkanut vasen olkap\u00e4\u00e4 ei sent\u00e4\u00e4n tyk\u00e4nnyt huonoa uinnista, vaikka v\u00e4h\u00e4n pelk\u00e4sin sit\u00e4. Uimahallilta poljin Lielahden Liikkuun, jossa tein 75 minuutin salitreenin. Sitten takaisin kotiin ja jokuseksi tunniksi risuhommiin.<\/p>\n\n\n\n<p>Torstaiaamuna oli pari astetta l\u00e4mp\u00f6\u00e4 kun poljin t\u00f6ihin. Illalla taas l\u00e4mpeemp\u00e4\u00e4.<\/p>\n\n\n\n<p>Perjantai j\u00e4lleen vapaalla. Seitsem\u00e4n tuntia risuhommia.<\/p>\n\n\n\n<p>Lauantaiaamup\u00e4iv\u00e4st\u00e4 kympilt\u00e4 l\u00e4hdimme ReAn:n ja MiVa:n kanssa polkemaan pidemp\u00e4\u00e4 gravelip\u00e4tk\u00e4\u00e4. Reitti seuraili suurelta osin Hiekka Pirkan reitti\u00e4, mutta Tampereen keskustan p\u00e4\u00e4ss\u00e4 muokkasimme reitti\u00e4 v\u00e4h\u00e4n itsellemme sopivammaksi, etenkin kun l\u00e4ht\u00f6paikka oli Haukiluoman suunnalla. S\u00e4\u00e4 oli tuulinen ja l\u00e4htiess\u00e4 l\u00e4mp\u00f6\u00e4 oli viitisen astetta. L\u00e4htiess\u00e4 paisteli aurinkokin, mutta matkan aikana meni pilveen, l\u00e4mp\u00f6 nousi parhaimillaan noin kymmeneen asteeseen. Vaatetta tuli laitettua normaalia enemm\u00e4n p\u00e4\u00e4lle. Alap\u00e4\u00e4h\u00e4n valitsin huosuiksi pitk\u00e4n arpomisen j\u00e4lkeen ihan talvihy\u00f6r\u00e4ilyhousut ja keng\u00e4nsuojat varpaita l\u00e4mmitt\u00e4m\u00e4\u00e4n. Yl\u00e4p\u00e4\u00e4h\u00e4n l\u00e4mp\u00f6kerraston paita, irtohihat, tuulitakki ja tuuliliivi. K\u00e4siin hiihtohanskat ja p\u00e4\u00e4h\u00e4n puffa. Aika j\u00e4re\u00e4lt\u00e4 varustus tuntui, mutta ihan sopiva se kuitenkin oli. Alkuun auringonpaiseessa meinasi tulla kuuma, mutta p\u00e4\u00e4osin oli ihan passeli varustus. Reitti kulki ensin Teivon kautta Keij\u00e4rvelle. Sitten teimme sorakierron Antaverkan kautta ja Ylisen j\u00e4lkeen Mutalan soralenkin. Kyr\u00f6nlahdelta menimme L\u00e4nsi-Teiskon sorille ja Kuruun tulimme Parkkuun kautta. Kurusta Muroleeseen ja Kapeeseen. Kapeentielt\u00e4 poikkesimme taas hakemaan v\u00e4h\u00e4ksi aikaa soraa renkaiden alle. Ter\u00e4lahdessa pys\u00e4hdyimme kaupalle hakemaan lis\u00e4energiaa, ja pienelle tauolle. Ter\u00e4lahdesta j\u00e4lleen soralle ja Maisansalon suuntaan. K\u00e4mmenniemest\u00e4 soraa pitkin Aitoniemeen ja rantareitin kautta Aitolahteen. Tasanteen j\u00e4lkeen siirryimme Niihama-Kauppi -latupohjille ja sielt\u00e4 Santalahden kautta Hiedanrantaan jossa teimme pienen lis\u00e4lenkin, jotta olisimme sopivaan aikaan perill\u00e4, kun sauna olisi l\u00e4mmin. Ihan viimeisill\u00e4 kilometreill\u00e4 saimme jopa v\u00e4h\u00e4n vett\u00e4 niskaamme, vaikkei sellaista pit\u00e4nyt tullakaan. Mutta onneksi sade ei sent\u00e4\u00e4n alkanut aikaisemmin. Matkaa kertyi aika tarkkaan 180 kilometri\u00e4 ja aikaa kului pari minuuttia p\u00e4\u00e4lle seitsem\u00e4n tuntia. Nousumetrej\u00e4 2100 ja keskitehot 168W. Alusta oli fifty-sixty soraa ja asfalttia &#8211; ei osaa ihan tarkkaan sanoa &#8211; Komoot v\u00e4itt\u00e4\u00e4, ett\u00e4 asfalttia olisi ollut 70 kilometri\u00e4. Reissun p\u00e4\u00e4lle sauna ja pizza tekiv\u00e4t hyv\u00e4\u00e4 niin sielulle kuin ruumiillekin.<\/p>\n\n\n\n<figure class=\"wp-block-image size-large\"><img loading=\"lazy\" decoding=\"async\" width=\"768\" height=\"1024\" src=\"http:\/\/www.tomirinne.fi\/wp-content\/uploads\/2025\/10\/IMG-20251004-WA0002-768x1024.jpg\" alt=\"\" class=\"wp-image-3135\" srcset=\"http:\/\/www.tomirinne.fi\/wp-content\/uploads\/2025\/10\/IMG-20251004-WA0002-768x1024.jpg 768w, http:\/\/www.tomirinne.fi\/wp-content\/uploads\/2025\/10\/IMG-20251004-WA0002-225x300.jpg 225w, http:\/\/www.tomirinne.fi\/wp-content\/uploads\/2025\/10\/IMG-20251004-WA0002-1152x1536.jpg 1152w, http:\/\/www.tomirinne.fi\/wp-content\/uploads\/2025\/10\/IMG-20251004-WA0002.jpg 1200w\" sizes=\"auto, (max-width: 768px) 100vw, 768px\" \/><\/figure>\n\n\n\n<p>Sunnuntaista tuli sitten kuitenkin lepop\u00e4iv\u00e4. P\u00e4iv\u00e4ll\u00e4 Alastarolla, mutta illalla piti tehd\u00e4 kotisalitreeni. Se j\u00e4i kuitenkin v\u00e4liin, kun oli niin vet\u00e4m\u00e4t\u00f6n olo. P\u00f6h.<\/p>\n","protected":false},"excerpt":{"rendered":"<p>Viikko 40\/2025 (29.9. &#8211; 5.10.2025) Niin kuin vuosi sittenkin, niin t\u00e4n\u00e4kin vuonna osallistun ty\u00f6nantajani s\u00e4\u00e4st\u00f6talkoisiin. Loppuvuoden teen lyhyemp\u00e4\u00e4 ty\u00f6viikkoa, noin kolmep\u00e4iv\u00e4ist\u00e4. Mutta mik\u00e4s t\u00e4ss\u00e4 on vapaita pidelless\u00e4, kun on niin komeaa kuivaa syyss\u00e4\u00e4t\u00e4 ollut viel\u00e4 tarjolla. S\u00e4iden puolesta ei ole &hellip; <a href=\"http:\/\/www.tomirinne.fi\/?p=3133\">Continue reading <span class=\"meta-nav\">&rarr;<\/span><\/a><\/p>\n","protected":false},"author":1,"featured_media":0,"comment_status":"open","ping_status":"open","sticky":false,"template":"","format":"standard","meta":{"footnotes":""},"categories":[1],"tags":[],"class_list":["post-3133","post","type-post","status-publish","format-standard","hentry","category-uncategorized"],"_links":{"self":[{"href":"http:\/\/www.tomirinne.fi\/index.php?rest_route=\/wp\/v2\/posts\/3133","targetHints":{"allow":["GET"]}}],"collection":[{"href":"http:\/\/www.tomirinne.fi\/index.php?rest_route=\/wp\/v2\/posts"}],"about":[{"href":"http:\/\/www.tomirinne.fi\/index.php?rest_route=\/wp\/v2\/types\/post"}],"author":[{"embeddable":true,"href":"http:\/\/www.tomirinne.fi\/index.php?rest_route=\/wp\/v2\/users\/1"}],"replies":[{"embeddable":true,"href":"http:\/\/www.tomirinne.fi\/index.php?rest_route=%2Fwp%2Fv2%2Fcomments&post=3133"}],"version-history":[{"count":3,"href":"http:\/\/www.tomirinne.fi\/index.php?rest_route=\/wp\/v2\/posts\/3133\/revisions"}],"predecessor-version":[{"id":3138,"href":"http:\/\/www.tomirinne.fi\/index.php?rest_route=\/wp\/v2\/posts\/3133\/revisions\/3138"}],"wp:attachment":[{"href":"http:\/\/www.tomirinne.fi\/index.php?rest_route=%2Fwp%2Fv2%2Fmedia&parent=3133"}],"wp:term":[{"taxonomy":"category","embeddable":true,"href":"http:\/\/www.tomirinne.fi\/index.php?rest_route=%2Fwp%2Fv2%2Fcategories&post=3133"},{"taxonomy":"post_tag","embeddable":true,"href":"http:\/\/www.tomirinne.fi\/index.php?rest_route=%2Fwp%2Fv2%2Ftags&post=3133"}],"curies":[{"name":"wp","href":"https:\/\/api.w.org\/{rel}","templated":true}]}}