{"id":3128,"date":"2025-09-21T20:04:09","date_gmt":"2025-09-21T17:04:09","guid":{"rendered":"http:\/\/www.tomirinne.fi\/?p=3128"},"modified":"2025-09-21T20:04:09","modified_gmt":"2025-09-21T17:04:09","slug":"syyssateita","status":"publish","type":"post","link":"http:\/\/www.tomirinne.fi\/?p=3128","title":{"rendered":"Syyssateita"},"content":{"rendered":"\n<p>Viikko 38\/2025 (15.-21.9.2025)<\/p>\n\n\n\n<p>Sateinen viikko takana. Joka p\u00e4iv\u00e4 on satanut vett\u00e4 enemm\u00e4n tai v\u00e4hemm\u00e4n, eli koko ajan m\u00e4rk\u00e4\u00e4 on ollut. Mutta on sent\u00e4\u00e4n sen verran poutaakin ollut, ett\u00e4 muutaman py\u00f6r\u00e4lenkin on pystynyt tekem\u00e4\u00e4n. Ja ihan l\u00e4mminkin viel\u00e4 on ollut &#8211; pitk\u00e4t py\u00f6r\u00e4lenkit on pystynyt menem\u00e4\u00e4n ilman irtopuntteja.<\/p>\n\n\n\n<p>OP-vaiva on ollut t\u00e4ll\u00e4 viikolla taas vaihteeksi v\u00e4h\u00e4n huonompi. Juostu ei ole, mutta olisiko salitreenit ja sauvalenkki sitten tehnyt huonoa, vai py\u00f6r\u00e4ilyt. Tied\u00e4 h\u00e4nt\u00e4 (sano Sisu). T\u00e4n\u00e4\u00e4nkin sunnuntaina illalla muutaman kerran on tullut yll\u00e4tt\u00e4en sellainen vihlaisu jonnekin haarov\u00e4liin, ett\u00e4 on pit\u00e4nyt ihan \u00e4l\u00e4ht\u00e4\u00e4.<\/p>\n\n\n\n<p>Maanantaina kastui ihan kunnolla kun aamulla py\u00f6r\u00e4ili t\u00f6ihin. Ja tosi pimeet\u00e4 on jo aamukuudelta. Illalla ei satanut, mutta m\u00e4rk\u00e4\u00e4 oli. L\u00e4mm\u00f6t viidentoista asteen kieppeill\u00e4 aamulla ja illalla. Illalla tunnin kotisalitreeni.<\/p>\n\n\n\n<p>Tiistaina oli lepop\u00e4iv\u00e4. Koko p\u00e4iv\u00e4 Helsingiss\u00e4 ja vasta illalla kotosalla. Helsingiss\u00e4 satoi.<\/p>\n\n\n\n<p>Keskiviikkona tihkusateessa t\u00f6ihin py\u00f6r\u00e4ll\u00e4. Kotiin polkiessakin oli m\u00e4rk\u00e4\u00e4 ja loppumatkasta v\u00e4h\u00e4n vesisadettakin.<\/p>\n\n\n\n<p>Torstai oli sent\u00e4\u00e4n poutainen p\u00e4iv\u00e4. Ty\u00f6matkapy\u00f6r\u00e4ilyiss\u00e4 ei kastunut. Illalla k\u00e4vin viel\u00e4 tekem\u00e4ss\u00e4 Lamminp\u00e4\u00e4ss\u00e4 vajaan puolentoista tunnin sauvak\u00e4velylenkin. OP-tuntemus koko matkan 5\/10, eli koko ajan pient\u00e4 tuntemusta.<\/p>\n\n\n\n<p>Perjantaina otin gravelin alleni, kun poljin t\u00f6ihin. Koko p\u00e4iv\u00e4 piti olla sateetonta, mutta kyll\u00e4 t\u00f6ihin polkiessa pieni sadekuuro tuli. Tein vain puolikkaan ty\u00f6p\u00e4iv\u00e4n ja komean iltap\u00e4iv\u00e4n turvin l\u00e4hdin tekem\u00e4\u00e4n pidemp\u00e4\u00e4 gravel-lenkki\u00e4. Matkaa kertyi 102 kilometri\u00e4 ja aikaa kului 4:15. Ensimm\u00e4inen puolikas reitist\u00e4 oli valtaosaltaa minulle uutta p\u00e4tk\u00e4\u00e4. Sarankulmasta l\u00e4hdin seurailemaan Vihiojaa it\u00e4\u00e4n p\u00e4in. Parilla ensimm\u00e4isell\u00e4 kilometri\u00e4\u00e4 oli liikennevaloja, mutta niiden j\u00e4lkeen p\u00e4\u00e4si tosi jouhevasti aina Annalaan asti. Sitten Leinolan kautta Ky\u00f6tikk\u00e4l\u00e4n harjulle ja Ruutanan kautta Sorilaan. Sitten Aitoniemen ja Aitolahden lenkin kautta Atalaan, ja Niihaman ja Kaupin kautta Hiedanrantaan. Loppumatkasta viel\u00e4 Siivikkalan, Vasamaj\u00e4rven ja M\u00e4kkyl\u00e4n kautta kotiin. Ihan hieno s\u00e4\u00e4 oli. L\u00e4mp\u00f6\u00e4 oli t\u00e4lle viikolle normaali 15 astetta. Puolipilvist\u00e4 ja pohjoistuulta. Joku kylkikramppi iski Ky\u00f6tikk\u00e4l\u00e4n harjulla. Ep\u00e4mukava tutemusta iso osa matkasta ja se haittasi my\u00f6s hieman hengitt\u00e4mist\u00e4. Varmaan tuli sy\u00f6ty\u00e4 t\u00f6iss\u00e4 turhan raskaasti.<\/p>\n\n\n\n<p>Lauantaina aamup\u00e4iv\u00e4n taas vaihteeksi sateli. Yhdentoista aikoihin sade kuitenkin loppui ja l\u00e4hdin py\u00f6r\u00e4ll\u00e4 Lielahden Liikkuun. Reilun puolen vuoden tauon j\u00e4lkeen otin taas j\u00e4senyyden tuonne kun sai alkuun v\u00e4h\u00e4n alennusta ja Smartum-rahaakin oli j\u00e4ljell\u00e4. Tunnin reeni tuli tehty\u00e4.<\/p>\n\n\n\n<p>Sunnuntain vastaisena y\u00f6n\u00e4 oli varmaankin tullut vett\u00e4, sill\u00e4 sen verran m\u00e4r\u00e4n oloista pihalla oli. Aamup\u00e4iv\u00e4ll\u00e4 l\u00e4hdin kuitenkin tekem\u00e4\u00e4n j\u00e4lleen pidemp\u00e4\u00e4 gravel-lenkki\u00e4 Mutalaan p\u00e4in ja ker\u00e4ilem\u00e4\u00e4n uusia ruutuja. Ristiin rastiin tuli poljettua Mutalan hiekkateit\u00e4, ja kotiin tulin Sorvaj\u00e4rven ja Takamaan kautta. Matkaa kertyi 122 kilometri\u00e4 ja aikaa kului hieman p\u00e4\u00e4lle viisi tuntia. Hiekkatiet olivat sateiden j\u00e4ljilt\u00e4 aika pehme\u00e4t. Kurakin lensi, mutta ei onneksi sent\u00e4\u00e4n niin paljon kuin pelk\u00e4sin. Matkan aikana tuli muutama sadekuuro, mutta en sent\u00e4\u00e4n kovin pahasti kastunut. Pahin sade alkoi vasta juuri kun p\u00e4\u00e4sin kotiin &#8211; kerran n\u00e4inkin. Aika m\u00e4kist\u00e4 seutua tuo Mutalakin on. Nousumetrej\u00e4 kertyi melkein puolitoista tonnia.<\/p>\n","protected":false},"excerpt":{"rendered":"<p>Viikko 38\/2025 (15.-21.9.2025) Sateinen viikko takana. Joka p\u00e4iv\u00e4 on satanut vett\u00e4 enemm\u00e4n tai v\u00e4hemm\u00e4n, eli koko ajan m\u00e4rk\u00e4\u00e4 on ollut. Mutta on sent\u00e4\u00e4n sen verran poutaakin ollut, ett\u00e4 muutaman py\u00f6r\u00e4lenkin on pystynyt tekem\u00e4\u00e4n. Ja ihan l\u00e4mminkin viel\u00e4 on ollut &#8211; &hellip; <a href=\"http:\/\/www.tomirinne.fi\/?p=3128\">Continue reading <span class=\"meta-nav\">&rarr;<\/span><\/a><\/p>\n","protected":false},"author":1,"featured_media":0,"comment_status":"open","ping_status":"open","sticky":false,"template":"","format":"standard","meta":{"footnotes":""},"categories":[1],"tags":[],"class_list":["post-3128","post","type-post","status-publish","format-standard","hentry","category-uncategorized"],"_links":{"self":[{"href":"http:\/\/www.tomirinne.fi\/index.php?rest_route=\/wp\/v2\/posts\/3128","targetHints":{"allow":["GET"]}}],"collection":[{"href":"http:\/\/www.tomirinne.fi\/index.php?rest_route=\/wp\/v2\/posts"}],"about":[{"href":"http:\/\/www.tomirinne.fi\/index.php?rest_route=\/wp\/v2\/types\/post"}],"author":[{"embeddable":true,"href":"http:\/\/www.tomirinne.fi\/index.php?rest_route=\/wp\/v2\/users\/1"}],"replies":[{"embeddable":true,"href":"http:\/\/www.tomirinne.fi\/index.php?rest_route=%2Fwp%2Fv2%2Fcomments&post=3128"}],"version-history":[{"count":1,"href":"http:\/\/www.tomirinne.fi\/index.php?rest_route=\/wp\/v2\/posts\/3128\/revisions"}],"predecessor-version":[{"id":3129,"href":"http:\/\/www.tomirinne.fi\/index.php?rest_route=\/wp\/v2\/posts\/3128\/revisions\/3129"}],"wp:attachment":[{"href":"http:\/\/www.tomirinne.fi\/index.php?rest_route=%2Fwp%2Fv2%2Fmedia&parent=3128"}],"wp:term":[{"taxonomy":"category","embeddable":true,"href":"http:\/\/www.tomirinne.fi\/index.php?rest_route=%2Fwp%2Fv2%2Fcategories&post=3128"},{"taxonomy":"post_tag","embeddable":true,"href":"http:\/\/www.tomirinne.fi\/index.php?rest_route=%2Fwp%2Fv2%2Ftags&post=3128"}],"curies":[{"name":"wp","href":"https:\/\/api.w.org\/{rel}","templated":true}]}}