{"id":3108,"date":"2025-08-10T20:24:24","date_gmt":"2025-08-10T17:24:24","guid":{"rendered":"http:\/\/www.tomirinne.fi\/?p=3108"},"modified":"2025-08-10T20:24:24","modified_gmt":"2025-08-10T17:24:24","slug":"pensselihommia","status":"publish","type":"post","link":"http:\/\/www.tomirinne.fi\/?p=3108","title":{"rendered":"Pensselihommia"},"content":{"rendered":"\n<p>Viikko 32\/2025 (4.-10.8.2025)<\/p>\n\n\n\n<p>Vaikka aurinko paistaa ja on ihan l\u00e4mmint\u00e4, niin jotenkin alkaa ilmassa olemaan jo syksyn tuntua ja fiilist\u00e4. Hellel\u00e4mm\u00f6t on taakse j\u00e4\u00e4nytt\u00e4 aikaa, mutta nyt ollaan ihan sopivissa l\u00e4mm\u00f6iss\u00e4. Aamuisin tosin on ollut jo sen verran viile\u00e4\u00e4, ett\u00e4 on muutaman kerran joutunut laittamaan py\u00f6r\u00e4ilytakkia p\u00e4\u00e4lle. Vett\u00e4kin on sadellut jokusena p\u00e4iv\u00e4n\u00e4.<\/p>\n\n\n\n<p>Parveke alkaa olla melko hyv\u00e4ss\u00e4 kunnossa. Maalaamista on ollut t\u00e4ll\u00e4 viikolla joka p\u00e4iv\u00e4, ja muutenkin ty\u00f6p\u00e4iv\u00e4n j\u00e4lkeen ja viikonloppuna ennen ja j\u00e4lkeen lenkkien on parvekeprojektia edistetty. Mutta nyt on kaiteet paikallaan, ei en\u00e4\u00e4 tarvitse tehd\u00e4 kuin pient\u00e4 viimeistelymaalausta.<\/p>\n\n\n\n<p>Py\u00f6r\u00e4ilypainotteinen on ollut t\u00e4m\u00e4kin viikko, mutta kolmena p\u00e4iv\u00e4n\u00e4 olen laittanut juoksutossutkin jalkaan. Tosin ei viel\u00e4 mit\u00e4\u00e4n sellaista lenkki\u00e4, jota olisi viitsinyt laittaa harjoitusp\u00e4iv\u00e4kirjaan. Kaikki ovat olleet kilometrin mittaisia kokeiluja.<\/p>\n\n\n\n<p>Joka p\u00e4iv\u00e4 olen ollut py\u00f6r\u00e4ll\u00e4 konttorilla. Maanantaina poljin ihan normaalireittej\u00e4 pitkin. T\u00e4m\u00e4 oli viel\u00e4 l\u00e4mmin p\u00e4iv\u00e4, aamulla 18 ja illalla 27 astetta.<\/p>\n\n\n\n<p>Tiistaina oli iltap\u00e4iv\u00e4lle luvattu sadetta, joten teinkin heti aamusta maantiepy\u00f6r\u00e4ll\u00e4 v\u00e4h\u00e4n pidennetyn ty\u00f6matkapy\u00f6r\u00e4ilyn. Poljin t\u00f6ihin S\u00e4ij\u00e4n, Vanattaran ja Vuoreksen kautta. Vuoreksen lenkin tein sen vuoksi, kun piti k\u00e4yd\u00e4 tarkastamassa S\u00e4\u00e4ksj\u00e4rven ja Hervannan v\u00e4linen py\u00f6r\u00e4tien uusi asfaltti. Matkaa kertyi 55 kilometri\u00e4 ja aikaa kului 1:55. Viel\u00e4 tarkeni polkea ilman takkia, kun l\u00e4mp\u00f6\u00e4 oli 17 astetta, vaikka pilvist\u00e4 olikin. Kotiin ajaessa alkumatkasta sainkin sitten vett\u00e4 niskaani.<\/p>\n\n\n\n<p>My\u00f6s keskiviikkona t\u00f6ist\u00e4 l\u00e4htiess\u00e4 tihutteli v\u00e4h\u00e4n vett\u00e4, mutta ei niin paljon, ett\u00e4 olisi kauheasti kastunut.<\/p>\n\n\n\n<p>Torstaina olin j\u00e4lleen maantiepy\u00f6r\u00e4ll\u00e4 liikenteess\u00e4. T\u00f6iden j\u00e4lkeen l\u00e4hdin kiert\u00e4m\u00e4\u00e4n Pyh\u00e4j\u00e4rve\u00e4 Vesilahden, Narvan ja Tottij\u00e4rven kautta. Alkumatka meni viel\u00e4 ihan mukavassa s\u00e4\u00e4ss\u00e4. Parhaimillaan py\u00f6r\u00e4mittari n\u00e4ytti jopa 25 astetta l\u00e4mp\u00f6\u00e4 ja aurinko paisteli. Vesilahden j\u00e4lkeen alkoi taivaalla n\u00e4ky\u00e4 uhkaavia pilvi\u00e4 ja Narvan j\u00e4lkeen, suurinpiirtein matkan puoliv\u00e4liss\u00e4 alkoi sitten v\u00e4h\u00e4n tihuttamaan. Mit\u00e4 l\u00e4hemm\u00e4ksi Tottij\u00e4rve\u00e4 tulin, sit\u00e4 m\u00e4remm\u00e4ksi tie muuttui. Taivaalta en niskaani ihan kauheasti vett\u00e4 saanut, mutta tien pinnasta vett\u00e4 lensi sen verran, ett\u00e4 m\u00e4rk\u00e4n\u00e4 sain loppumatkan polkea. L\u00e4mp\u00f6 tippui my\u00f6s radikaalisti matkan aikana, sill\u00e4 kotona py\u00f6r\u00e4mittari n\u00e4ytti 14,4 astetta. Takki oli kyll\u00e4 mukana, mutta niin kylm\u00e4 ei sent\u00e4\u00e4n tullut, ett\u00e4 siihen olisi pit\u00e4nyt turvautua. Matkaa kertyi 77 kilometri\u00e4 ja aikaa kului 2:40.<\/p>\n\n\n\n<p>My\u00f6s perjantaina py\u00f6r\u00e4ll\u00e4 t\u00f6iss\u00e4. Aamulla vain 13 astetta l\u00e4mmint\u00e4. Illalla sent\u00e4\u00e4n parikymppi\u00e4.<\/p>\n\n\n\n<p>Lauantaille n\u00e4ytti sen verran hyv\u00e4\u00e4 s\u00e4\u00e4t\u00e4, ett\u00e4 p\u00e4\u00e4tin l\u00e4hte\u00e4 v\u00e4h\u00e4n pidemm\u00e4lle py\u00f6r\u00e4lenkille. V\u00e4h\u00e4n l\u00e4ht\u00f6 viiv\u00e4styi, kun takarenkaassa ei tuntunut pysyv\u00e4n ilma, ja p\u00e4\u00e4tin vaihtaa varmuuden vuoksi sisurin. Reitti kulki ensin Santalahden, Kaupin ja Linnainmaan kautta Kangasalle. T\u00e4m\u00e4 ensimm\u00e4inen tunnin p\u00e4tk\u00e4 on kyll\u00e4 v\u00e4h\u00e4n ik\u00e4v\u00e4\u00e4 ajaa, kun taajamassa pit\u00e4\u00e4 menn\u00e4. Koko ajan pit\u00e4\u00e4 olla tarkkana ja liikennevalojakin on ihan riitt\u00e4v\u00e4sti. Kangasalan keskustan j\u00e4lkeen p\u00e4\u00e4sin viimein ajamaan jo vapaammin. Ensin kiersin Tiihalan maaseutulenkin ja sitten muutama kilometri Lahden tiet\u00e4. Matka jatkui Vehoniemen kautta P\u00e4lk\u00e4neelle ja sielt\u00e4 Valkeakoskelle. Jokunen kilometri ennen Valkeakoskea alkoi ensin tihuttamaan vett\u00e4 ja sitten tulemaan kovempaa. T\u00e4ll\u00e4 kertaa k\u00e4vi tuuri, sill\u00e4 juuri kun vett\u00e4 alkoi tulemaan v\u00e4h\u00e4n enemm\u00e4n, tuli eteen katoksellinen bussipys\u00e4kki, jonne p\u00e4\u00e4sin sateen suojaan. Kymmenisen minuuttia olin suojassa ja hyv\u00e4 niin, sill\u00e4 v\u00e4lill\u00e4 satoi ihan rajustikin. Vaikka sade lakkasi, niin kastuin j\u00e4lleen renkaista lent\u00e4v\u00e4st\u00e4 vedest\u00e4. Viimeiset kilometrit ennen Valkeakoskea oli uuden asfaltin saanutta py\u00f6r\u00e4tiet\u00e4, jota oli mukava ajella, vaikka vett\u00e4 lensikin aika lailla. Valkeakoskelta k\u00e4\u00e4nnyin takaisin Kangasalle p\u00e4in. V\u00e4h\u00e4n matkaa joutui ajamaan viel\u00e4 m\u00e4r\u00e4ss\u00e4 keliss\u00e4, mutta pian alusta muuttui taas kuivaksi. My\u00f6s Kaarina-Maununtytt\u00e4ren tie oli saanut uutta p\u00e4\u00e4llystett\u00e4. Kangasalta sitten Saarenmaan kautta Hervantaan, ja edelleen S\u00e4\u00e4ksj\u00e4rven ja Vanattaran kautta Lemp\u00e4\u00e4l\u00e4\u00e4n, jossa poikkesin Kuokkalan Teboililla tankaamassa munkkienergiaa. Loppumatka kulki S\u00e4ij\u00e4n kautta. Matkaa kertyi 166 kilometri\u00e4 ja aikaa kului 5:37. Keskitehot 168W. L\u00e4mp\u00f6\u00e4 20 astetta ja puolipilvist\u00e4.<\/p>\n\n\n\n<p>Sunnuntaina tein iltap\u00e4iv\u00e4ll\u00e4 pienen gravelilenkin Mettist\u00f6n ja Pinsi\u00f6n hiekkateill\u00e4. L\u00e4mp\u00f6\u00e4 oli parikymment\u00e4 astetta, ja ihme kyll\u00e4 vett\u00e4 ei satanut. Matkaa kertyi 51 kilometri\u00e4 ja aikaa kului kaksi tuntia.<\/p>\n","protected":false},"excerpt":{"rendered":"<p>Viikko 32\/2025 (4.-10.8.2025) Vaikka aurinko paistaa ja on ihan l\u00e4mmint\u00e4, niin jotenkin alkaa ilmassa olemaan jo syksyn tuntua ja fiilist\u00e4. Hellel\u00e4mm\u00f6t on taakse j\u00e4\u00e4nytt\u00e4 aikaa, mutta nyt ollaan ihan sopivissa l\u00e4mm\u00f6iss\u00e4. Aamuisin tosin on ollut jo sen verran viile\u00e4\u00e4, ett\u00e4 &hellip; <a href=\"http:\/\/www.tomirinne.fi\/?p=3108\">Continue reading <span class=\"meta-nav\">&rarr;<\/span><\/a><\/p>\n","protected":false},"author":1,"featured_media":0,"comment_status":"open","ping_status":"open","sticky":false,"template":"","format":"standard","meta":{"footnotes":""},"categories":[1],"tags":[],"class_list":["post-3108","post","type-post","status-publish","format-standard","hentry","category-uncategorized"],"_links":{"self":[{"href":"http:\/\/www.tomirinne.fi\/index.php?rest_route=\/wp\/v2\/posts\/3108","targetHints":{"allow":["GET"]}}],"collection":[{"href":"http:\/\/www.tomirinne.fi\/index.php?rest_route=\/wp\/v2\/posts"}],"about":[{"href":"http:\/\/www.tomirinne.fi\/index.php?rest_route=\/wp\/v2\/types\/post"}],"author":[{"embeddable":true,"href":"http:\/\/www.tomirinne.fi\/index.php?rest_route=\/wp\/v2\/users\/1"}],"replies":[{"embeddable":true,"href":"http:\/\/www.tomirinne.fi\/index.php?rest_route=%2Fwp%2Fv2%2Fcomments&post=3108"}],"version-history":[{"count":1,"href":"http:\/\/www.tomirinne.fi\/index.php?rest_route=\/wp\/v2\/posts\/3108\/revisions"}],"predecessor-version":[{"id":3109,"href":"http:\/\/www.tomirinne.fi\/index.php?rest_route=\/wp\/v2\/posts\/3108\/revisions\/3109"}],"wp:attachment":[{"href":"http:\/\/www.tomirinne.fi\/index.php?rest_route=%2Fwp%2Fv2%2Fmedia&parent=3108"}],"wp:term":[{"taxonomy":"category","embeddable":true,"href":"http:\/\/www.tomirinne.fi\/index.php?rest_route=%2Fwp%2Fv2%2Fcategories&post=3108"},{"taxonomy":"post_tag","embeddable":true,"href":"http:\/\/www.tomirinne.fi\/index.php?rest_route=%2Fwp%2Fv2%2Ftags&post=3108"}],"curies":[{"name":"wp","href":"https:\/\/api.w.org\/{rel}","templated":true}]}}