{"id":3106,"date":"2025-08-03T19:37:34","date_gmt":"2025-08-03T16:37:34","guid":{"rendered":"http:\/\/www.tomirinne.fi\/?p=3106"},"modified":"2025-08-03T19:37:34","modified_gmt":"2025-08-03T16:37:34","slug":"paluu-tyolaisyyteen","status":"publish","type":"post","link":"http:\/\/www.tomirinne.fi\/?p=3106","title":{"rendered":"Paluu ty\u00f6l\u00e4isyyteen"},"content":{"rendered":"\n<p>Viikko 31\/2025 (28.7. &#8211; 3.8.2025)<\/p>\n\n\n\n<p>Kes\u00e4lomat p\u00e4\u00e4ttyiv\u00e4t t\u00e4m\u00e4n vuoden osalta. Helteet sen sijaan jatkuvat, tosin nyt jo enemm\u00e4n sateiden ja ukkosten kera. Onkin joutunut v\u00e4h\u00e4n katselemaan sadetutkaa tarkemmin, ett\u00e4 mihin v\u00e4liin uskaltaa ulos l\u00e4hte\u00e4. Ennusteisiin ei ole pystynyt luottamaan yht\u00e4\u00e4n, kun sateet tulevat ja menev\u00e4t ihan omaa tahtiinsa. Viikon mittaan olen yritt\u00e4nyt parveketta rempata, mutta kovin isoa intoa ei ole ollut, joten pienill\u00e4 askelilla projekti on edennyt.<\/p>\n\n\n\n<p>Maanantaina oli heti ty\u00f6matkapy\u00f6r\u00e4ilyt edess\u00e4. L\u00e4mp\u00f6\u00e4 riitti heti aamusta l\u00e4htien. Retkipy\u00f6r\u00e4 p\u00e4\u00e4si ensimm\u00e4ist\u00e4 kertaa kes\u00e4retken j\u00e4lkeen hommiin. Pient\u00e4 huoltoa py\u00f6r\u00e4 kyll\u00e4 kaipaisi, mutta antaa sen odottaa viel\u00e4 v\u00e4h\u00e4n aikaa. T\u00f6iss\u00e4 oli viel\u00e4 melko hiljaista.<\/p>\n\n\n\n<p>Tiistai ei juuri maanantaista poikennut. Aamulla tosin sateli v\u00e4h\u00e4n vett\u00e4, mutta l\u00e4mp\u00f6\u00e4 riitti. T\u00f6ist\u00e4 l\u00e4htiess\u00e4 takarengas tyhj\u00e4, mutta onneksi k\u00e4sipumpun ilmat pysyiv\u00e4t kotiin asti. Illalla k\u00e4vin kokeilemassa pitk\u00e4st\u00e4 aikaa v\u00e4h\u00e4n juoksemistakin. Tarkoitus oli vain ihan kokeilla muutamaa juoksuaskelta, ja 600m l\u00f6nk\u00f6ttelin. Raskasta oli, mutta mihink\u00e4\u00e4n ei sattunut, joten jotain positiivistakin.<\/p>\n\n\n\n<p>Keskiviikkoaamuna poljin maantiepy\u00f6r\u00e4ll\u00e4 t\u00f6ihin S\u00e4ij\u00e4n ja Lemp\u00e4\u00e4l\u00e4n kautta. V\u00e4h\u00e4n kosteaa oli, vaikka ei satanutkaan, mutta l\u00e4mp\u00f6\u00e4 oli melkein 20 astetta. Matkaa kertyi noin 52 kilometri\u00e4 ja aikaa kului 1:50. Rukkam\u00e4en p\u00e4\u00e4ll\u00e4 ty\u00f6maan liikennevaloissa tuli tehty\u00e4 pitk\u00e4st\u00e4 aikaa lukkopoljinkellahdus. Eli toinen jalka irti lukkopolkimesta, mutta toinen ei, ja sitten paikoiltaan kaatuminen lukossa olevan jalan puolelle. Hieman nolo tilanne kun pys\u00e4hdyksiss\u00e4 olevien autojen v\u00e4liin tuli kellahdettua, enk\u00e4 meinannut saada jalkaani irti lukosta, vaan maassa tuli jonkin aikaa r\u00e4pik\u00f6ity\u00e4. Pienell\u00e4 skr\u00f6p\u00f6ll\u00e4 tuli selvitty\u00e4. Illalla Sorkkalan kautta kotiin, matkaa kertyi 25 kilometri\u00e4.<\/p>\n\n\n\n<p>My\u00f6s torstaina poljin t\u00f6ihin maantiepy\u00f6r\u00e4ll\u00e4. Vaikka illaksi oli sateen ja ukkosen uhkaa, niin poljin kuitenkin t\u00f6ist\u00e4 m\u00f6kille. Melko hyvin osuin sadekuurojen v\u00e4liin. Ainoastaan Kuljun ja Vesilahden v\u00e4linen matka tihutti vett\u00e4, mutta muuten oli kuivaa. Sadekuuroja kyll\u00e4 oli muuallakin ollut, sill\u00e4 varjopaikoissa tie oli m\u00e4rk\u00e4. L\u00e4mm\u00f6tkin vaihtelivat aika lailla. Lemp\u00e4\u00e4l\u00e4ss\u00e4 tihkusateen aikaan oli 21 astetta, mutta jo Kr\u00e4\u00e4kki\u00f6ss\u00e4 l\u00e4mp\u00f6 oli noussut 26 asteeseen, ja Oriniemen kohdilla korkeimmillaan v\u00e4h\u00e4n p\u00e4\u00e4lle 29 astetta. Matkaa kertyi 82 kilometri\u00e4 ja aikaa kului noin 2:45.&nbsp;<\/p>\n\n\n\n<p>Perjantaina tein et\u00e4ty\u00f6p\u00e4iv\u00e4n m\u00f6kilt\u00e4 k\u00e4sin. P\u00e4iv\u00e4ll\u00e4 ei satanut laisinkaan, mutta kun ennen nelj\u00e4\u00e4 piti l\u00e4hte\u00e4 lenkille, niin juuri silloin alkoi tihuttamaan. Puolisen tuntia odottelin sateen loppumista ja sitten p\u00e4\u00e4sin matkaan. Poljin ensin Punkalaitumen keskustan kautta Huittisiin ja sielt\u00e4 Huhtamon kautta Kanteenmaahan ja Jalasjoen kautta takaisin m\u00f6kille. Jalasjoella pys\u00e4hdyin suunnitellusti kes\u00e4torille letulle. Alusta oli melkein koko matkan m\u00e4rk\u00e4, mutta taivaalta ei vett\u00e4 satanut, vaan p\u00e4\u00e4sin seuraamaan saderintamaa. Yksi ylim\u00e4\u00e4r\u00e4inen pys\u00e4hdys matkalla tuli, kun v\u00e4h\u00e4n Punkalaitumen keskustan j\u00e4lkeen kyp\u00e4r\u00e4\u00e4n lensi ampiainen ja pisti p\u00e4\u00e4lakeen. Piti pys\u00e4hty\u00e4 katsomaan, ettei amppari j\u00e4\u00e4nyt kyp\u00e4r\u00e4n sis\u00e4\u00e4n. Jonkin aikaa oli melkoinen jomotus p\u00e4\u00e4ss\u00e4, mutta ei sen pahempaa. Matkaa kertyi 76 kilometri\u00e4 ja aikaa kului 2,5 tuntia.&nbsp;<\/p>\n\n\n\n<p>Lauantai oli reeneist\u00e4&nbsp;lepop\u00e4iv\u00e4. Mustikkamets\u00e4ss\u00e4 tuli kuitenkin vietetty\u00e4 2 x 2 tuntia.<\/p>\n\n\n\n<p>Sunnuntaina, hyvin lev\u00e4tyn p\u00e4iv\u00e4n j\u00e4lkeen, p\u00e4\u00e4sin heti aamukasista py\u00f6r\u00e4lenkille. L\u00e4mp\u00f6\u00e4 oli l\u00e4htiess\u00e4 18 astetta, ja koko lenkin ajan l\u00e4mm\u00f6t olivat ihan kohtuulliset, loppupuolla taisi juuri ja juuri menn\u00e4 25 astetta rikki. Taivas oli puolipilvinen ja etel\u00e4st\u00e4 tuuli jonkin verran. M\u00f6kilt\u00e4 poljin ensin Murronharjuntien kautta Mets\u00e4maalle ja sielt\u00e4 Yp\u00e4j\u00e4n kautta Jokioisille. Jokioisilta Forssan keskustaan olikin minulle polkien uusi tuttavuus, ja my\u00f6s v\u00e4h\u00e4n matkaa Forssasta Urjalaan p\u00e4in oli uutta p\u00e4tk\u00e4\u00e4 minulle. Tuo Forssa &#8211; Urjala -v\u00e4li on suht tympeet\u00e4 ajettavaa, kun on melko vilkas liikenne ja piennarta ei juurikaan. On my\u00f6s tasaista ja pitki\u00e4 suoria. T\u00e4ll\u00e4 kertaa tuo kolmenkympin p\u00e4tk\u00e4 meni kuitenkin aika reippaasti, sill\u00e4 my\u00f6t\u00e4tuuli vauhditti menoa ihan mukavasti. Suunnitelimissa oli pys\u00e4hty\u00e4 Urjalaan kahvioon, mutta kun juomaa oli viel\u00e4 j\u00e4ljell\u00e4, niin en sitten viitsinytk\u00e4\u00e4n. Urjalasta matka jatkui Koskioisten kautta takaisin m\u00f6kille. Matkaa kertyi 133 kilometri\u00e4 ja aikaa kului 4:24. Iltap\u00e4iv\u00e4ll\u00e4 takaisin kotihommiin, ruohoa leikkaamaan ja v\u00e4h\u00e4n taas edist\u00e4m\u00e4\u00e4n parvekeremppaa.<\/p>\n","protected":false},"excerpt":{"rendered":"<p>Viikko 31\/2025 (28.7. &#8211; 3.8.2025) Kes\u00e4lomat p\u00e4\u00e4ttyiv\u00e4t t\u00e4m\u00e4n vuoden osalta. Helteet sen sijaan jatkuvat, tosin nyt jo enemm\u00e4n sateiden ja ukkosten kera. Onkin joutunut v\u00e4h\u00e4n katselemaan sadetutkaa tarkemmin, ett\u00e4 mihin v\u00e4liin uskaltaa ulos l\u00e4hte\u00e4. Ennusteisiin ei ole pystynyt luottamaan yht\u00e4\u00e4n, &hellip; <a href=\"http:\/\/www.tomirinne.fi\/?p=3106\">Continue reading <span class=\"meta-nav\">&rarr;<\/span><\/a><\/p>\n","protected":false},"author":1,"featured_media":0,"comment_status":"open","ping_status":"open","sticky":false,"template":"","format":"standard","meta":{"footnotes":""},"categories":[1],"tags":[],"class_list":["post-3106","post","type-post","status-publish","format-standard","hentry","category-uncategorized"],"_links":{"self":[{"href":"http:\/\/www.tomirinne.fi\/index.php?rest_route=\/wp\/v2\/posts\/3106","targetHints":{"allow":["GET"]}}],"collection":[{"href":"http:\/\/www.tomirinne.fi\/index.php?rest_route=\/wp\/v2\/posts"}],"about":[{"href":"http:\/\/www.tomirinne.fi\/index.php?rest_route=\/wp\/v2\/types\/post"}],"author":[{"embeddable":true,"href":"http:\/\/www.tomirinne.fi\/index.php?rest_route=\/wp\/v2\/users\/1"}],"replies":[{"embeddable":true,"href":"http:\/\/www.tomirinne.fi\/index.php?rest_route=%2Fwp%2Fv2%2Fcomments&post=3106"}],"version-history":[{"count":1,"href":"http:\/\/www.tomirinne.fi\/index.php?rest_route=\/wp\/v2\/posts\/3106\/revisions"}],"predecessor-version":[{"id":3107,"href":"http:\/\/www.tomirinne.fi\/index.php?rest_route=\/wp\/v2\/posts\/3106\/revisions\/3107"}],"wp:attachment":[{"href":"http:\/\/www.tomirinne.fi\/index.php?rest_route=%2Fwp%2Fv2%2Fmedia&parent=3106"}],"wp:term":[{"taxonomy":"category","embeddable":true,"href":"http:\/\/www.tomirinne.fi\/index.php?rest_route=%2Fwp%2Fv2%2Fcategories&post=3106"},{"taxonomy":"post_tag","embeddable":true,"href":"http:\/\/www.tomirinne.fi\/index.php?rest_route=%2Fwp%2Fv2%2Ftags&post=3106"}],"curies":[{"name":"wp","href":"https:\/\/api.w.org\/{rel}","templated":true}]}}