{"id":3039,"date":"2025-06-29T20:25:59","date_gmt":"2025-06-29T17:25:59","guid":{"rendered":"http:\/\/www.tomirinne.fi\/?p=3039"},"modified":"2025-06-29T20:28:22","modified_gmt":"2025-06-29T17:28:22","slug":"parveke-palasiksi","status":"publish","type":"post","link":"http:\/\/www.tomirinne.fi\/?p=3039","title":{"rendered":"Parveke palasiksi"},"content":{"rendered":"\n<p>Viikko 26\/2025 (23. &#8211; 29.6.2025)<\/p>\n\n\n\n<p>Oli synkk\u00e4 ja myrskyinen sunnuntai. Tai hetkinen, eih\u00e4n se synkk\u00e4 ollutkaan, vaikka niin oli ennustettu, vaan aamusateiden j\u00e4lkeen kovinkin aurinkoinen. Tuulinen p\u00e4iv\u00e4 kyll\u00e4kin oli. Muutenkin on p\u00e4\u00e4sty v\u00e4h\u00e4n l\u00e4mpeempiin keleihin, kun tulimme perjantaina pohjoisesta takaisin Pirkanmaalle. Alkuviikko kuitenkin viel\u00e4 Kiilop\u00e4\u00e4ll\u00e4.<\/p>\n\n\n\n<p>Maanantai oli sadep\u00e4iv\u00e4. P\u00e4iv\u00e4 menikin kirjaa lukiessa ja p\u00e4iv\u00e4nokosilla. Iltap\u00e4iv\u00e4ll\u00e4 onneksi s\u00e4\u00e4 selkeni ja koiralenkilt\u00e4kin p\u00e4\u00e4si t\u00e4ll\u00e4 kertaa kuivana pois. Illalla p\u00e4\u00e4si my\u00f6s tekem\u00e4\u00e4n pienen k\u00f6p\u00f6ttelylenkin.<\/p>\n\n\n\n<p>Tiistai oli my\u00f6s pilvinen p\u00e4iv\u00e4, mutta vett\u00e4 ei sent\u00e4\u00e4n satanut, vaikka v\u00e4h\u00e4n uhkaavalta n\u00e4yttikin. Aamulla k\u00e4vin vuokraamassa Kiilop\u00e4\u00e4n vuokraamosta luomu-fatin, ja l\u00e4hdin tekem\u00e4\u00e4n sill\u00e4 heti lenkki\u00e4. Ensin nousin ja laskin Luulammille kulkevan reitin. Luulammilta suuntasin Vellins\u00e4rpim\u00e4n k\u00e4mp\u00e4lle. Tuolla v\u00e4lill\u00e4 oli jokusia m\u00e4rki\u00e4 ja mutaisia kohtia, mutta melko kuivin sukin niist\u00e4 kuitenkin selvisin. L\u00e4skipy\u00f6r\u00e4 kulki kivikkop\u00e4tk\u00e4t mukavasti, verrattuna maastopy\u00f6r\u00e4\u00e4ni, jolla olen aiemmin saman reitin mennyt. Varovaisesti tuli menty\u00e4. Kun yksin olin liikenteess\u00e4, niin ei viitsinyt otta turhia riskej\u00e4. Etenkin kun muita liikkujia, poroja lukuunottamatta, ei juurikaan syrj\u00e4isimmill\u00e4 poluilla n\u00e4kynyt. Vellins\u00e4rpim\u00e4st\u00e4 Luttotuvalle ja sitten Moita kuruun. Sielt\u00e4 sitten nousu Palop\u00e4\u00e4lle ja lasku Saarisel\u00e4lle. Laanilan j\u00e4lkeen poljin pienen p\u00e4tk\u00e4n Ruijanpolkua. Lopuksi kiersin viel\u00e4 Muotkan kautta Niilanp\u00e4\u00e4n vanhalle poronerotuspaikalle. Tuolla meinasi sitten k\u00e4yd\u00e4 huonosti, kun kieppasin erotusaitauksen sis\u00e4ll\u00e4, ja kun poljin sielt\u00e4 pois, niin en huomannut maan rajassa ollutta metallista poroaitaa ja etupy\u00f6r\u00e4 tarttui siihen jotenkin kiinni, ja vaikka vauhtia ei paljoa ollutkaan, niin onnistuin tekem\u00e4\u00e4n py\u00f6r\u00e4n kanssa kuperkeikan ja p\u00e4\u00e4dyin p\u00e4\u00e4 edell\u00e4 turpeeseen. Onneksi ei ollut kivikkoa alla, ja selvisin pelk\u00e4ll\u00e4 s\u00e4ik\u00e4hdyksell\u00e4 ja kipe\u00e4ll\u00e4 ja verisell\u00e4 polvella. Viimeiset nelj\u00e4 kilometri\u00e4 takaisin Kiilop\u00e4\u00e4lle sujui mukavasti alam\u00e4keen, sill\u00e4 kipe\u00e4ll\u00e4 polvella ei olisi innostanut kovin isoon yl\u00e4m\u00e4keen en\u00e4\u00e4 l\u00e4hte\u00e4. V\u00e4h\u00e4n p\u00e4\u00e4lle nelj\u00e4n tunnin lenkille kertyi mittaa 61 kilometri\u00e4. F\u00e4tti menee kivikoissa kyll\u00e4 hienosti, mutta mutakohdat ovat yll\u00e4tt\u00e4v\u00e4n liukkaita. Tasaisen varmaan jyrryytyst\u00e4, mutta mihink\u00e4\u00e4n huimiin vauhteihin tuollaisella traktorilla ei p\u00e4\u00e4se &#8211; eik\u00e4 tarvitsekaan.<\/p>\n\n\n\n<figure class=\"wp-block-image size-large\"><img loading=\"lazy\" decoding=\"async\" width=\"1024\" height=\"419\" src=\"http:\/\/www.tomirinne.fi\/wp-content\/uploads\/2025\/06\/20250624_123317-1024x419.jpg\" alt=\"\" class=\"wp-image-3043\" srcset=\"http:\/\/www.tomirinne.fi\/wp-content\/uploads\/2025\/06\/20250624_123317-1024x419.jpg 1024w, http:\/\/www.tomirinne.fi\/wp-content\/uploads\/2025\/06\/20250624_123317-300x123.jpg 300w, http:\/\/www.tomirinne.fi\/wp-content\/uploads\/2025\/06\/20250624_123317-768x314.jpg 768w, http:\/\/www.tomirinne.fi\/wp-content\/uploads\/2025\/06\/20250624_123317-1536x629.jpg 1536w, http:\/\/www.tomirinne.fi\/wp-content\/uploads\/2025\/06\/20250624_123317-2048x839.jpg 2048w, http:\/\/www.tomirinne.fi\/wp-content\/uploads\/2025\/06\/20250624_123317-500x205.jpg 500w\" sizes=\"auto, (max-width: 1024px) 100vw, 1024px\" \/><\/figure>\n\n\n\n<p>Keskiviikko olikin sitten komea p\u00e4iv\u00e4. Aurinkoista, ja l\u00e4mp\u00f6kin nousi 15 asteeseen. Aamulla koiralenkill\u00e4 OP-vaiva kiusasi jonkin verran, mutta p\u00e4\u00e4tin kuitenkin l\u00e4hte\u00e4 kokeilemaan sauvak\u00e4velylenkki\u00e4. Ensin nousin Ahop\u00e4ille, josta sitten laskin Laanilan suuntaan. Reitti jatkui Ruijanpolkua pitkin aina Sivakkaojan laavulle ja sielt\u00e4 Sivakkaojan reunaa pitkin Niilanp\u00e4\u00e4n reitille ja sit\u00e4 pitkin takaisin Kiilop\u00e4\u00e4n m\u00f6kille. 16,5 kilometrin lenkkiin kului aikaa 2:50. OP-vaiva kiusasi koko matkan, mutta ei kuitenkaan niin paljon, ett\u00e4 retke\u00e4 olisi tarvinnut lyhent\u00e4\u00e4. Sen verran oli komea keli, ettei sauvalenkin j\u00e4lkeen innostanut viel\u00e4 j\u00e4\u00e4d\u00e4 m\u00f6kille Sisun kanssa makoilemaan, vaan l\u00e4hdin viel\u00e4 reilun kahden tunnin gravelilenkille Kutturaan p\u00e4in. Edestakaiselle lenkille kertyi mittaa 57 kilometri\u00e4. V\u00e4h\u00e4n harmitti, etten mennyt Kutturaan asti, kun oli niin komea kelikin ja aikaakin olisi ollut. Alustakin oli hyv\u00e4kulkuista hiekkatiet\u00e4 ja maisemat mukavia m\u00e4nnikk\u00f6kankaita. Olin kuitenkin yhden pullon taktiikalla liikenteess\u00e4 ja reissulle olisi tullut lis\u00e4matkaa 40 kilometri\u00e4, joten j\u00e4tin Kutturassa k\u00e4ynnin seuraavaan kertaan. Polvi v\u00e4h\u00e4n kipuili edellisen p\u00e4iv\u00e4n \u00e4xidentin j\u00e4ljilt\u00e4. Py\u00f6r\u00e4lenkin j\u00e4lkeen viel\u00e4 savusaunaan ja purouinnille (kastautumiselle), niin se p\u00e4iv\u00e4 alkoi olla siin\u00e4.<\/p>\n\n\n\n<figure class=\"wp-block-image size-large\"><img loading=\"lazy\" decoding=\"async\" width=\"1024\" height=\"419\" src=\"http:\/\/www.tomirinne.fi\/wp-content\/uploads\/2025\/06\/20250626_094309-1024x419.jpg\" alt=\"\" class=\"wp-image-3045\" srcset=\"http:\/\/www.tomirinne.fi\/wp-content\/uploads\/2025\/06\/20250626_094309-1024x419.jpg 1024w, http:\/\/www.tomirinne.fi\/wp-content\/uploads\/2025\/06\/20250626_094309-300x123.jpg 300w, http:\/\/www.tomirinne.fi\/wp-content\/uploads\/2025\/06\/20250626_094309-768x314.jpg 768w, http:\/\/www.tomirinne.fi\/wp-content\/uploads\/2025\/06\/20250626_094309-1536x629.jpg 1536w, http:\/\/www.tomirinne.fi\/wp-content\/uploads\/2025\/06\/20250626_094309-2048x839.jpg 2048w, http:\/\/www.tomirinne.fi\/wp-content\/uploads\/2025\/06\/20250626_094309-500x205.jpg 500w\" sizes=\"auto, (max-width: 1024px) 100vw, 1024px\" \/><\/figure>\n\n\n\n<p>Torstaina l\u00e4hettiin heti aamusta, koiralenkin j\u00e4lkeen ajelemaan kohti Vuokattia, jossa pit\u00e4isi viett\u00e4\u00e4 seuraava y\u00f6. Matkan aikana sateli aina silloin t\u00e4ll\u00f6in, mutta hypp\u00e4sin kuitenkin kyydist\u00e4 Ristij\u00e4rven Pappilanrannassa ja puin py\u00f6r\u00e4ilykamppeet p\u00e4\u00e4lle ja l\u00e4hdin polkemaan 888-tiet\u00e4 kohti Sotkamoa ja sielt\u00e4 Vuokattiin. Reitti alkoi heti kunnon yl\u00e4m\u00e4ell\u00e4, kun piti kivuta pari kilometri\u00e4 Saukkovaaran p\u00e4\u00e4lle. Liikennemerkki n\u00e4ytti 9% nousua. Onneksi reitilt\u00e4 l\u00f6ytyi my\u00f6s alam\u00e4ke\u00e4. Maisemat olivat, mit\u00e4 nyt n\u00e4ilt\u00e4 seuduilta voi odottaa. Tyls\u00e4\u00e4 pusikkoa, hienoa m\u00e4ntykangasta, v\u00e4h\u00e4n vesist\u00f6j\u00e4 ja soita. Alusta oli hyv\u00e4ss\u00e4 kunnossa ja mukava ajella, etenkin kun my\u00f6t\u00e4tuulkin viel\u00e4 siivitti gravel-py\u00f6r\u00e4\u00e4. Vesisadettakaan ei en\u00e4\u00e4 tullut, vaan aurinko alkoi paistelemaan. Liikennett\u00e4k\u00e4\u00e4n ei ollut ihan mahdottomasti. Tasan kahden tunnin polkaisuun kertyi matkaa noin 59 kilometri\u00e4. Nousua ja laskua oli jotakuinkin saman verran.<\/p>\n\n\n\n<p>Perjantai oli Sisun &#8220;mieliksi&#8221; j\u00e4lleen autop\u00e4iv\u00e4. Alkumatkat menev\u00e4t aina mukavasti, mutta jossain vaiheessa mitta tulee t\u00e4yteen, eik\u00e4 k\u00e4velytauotkaan tunnu auttavan kitin\u00e4\u00e4n. Jyv\u00e4skyl\u00e4ss\u00e4 Pandan tehtaanmyym\u00e4l\u00e4ss\u00e4 poikkeaminen. Iltap\u00e4iv\u00e4ll\u00e4 jo kotona ruohoa leikkaamassa.<\/p>\n\n\n\n<p>Lauantain vastainen y\u00f6 oli sateinen ja p\u00e4iv\u00e4kin n\u00e4ytti pilviselt\u00e4. Aamup\u00e4iv\u00e4 kotihommissa. Muutamalla lekanheilautuksella yl\u00e4kerran parvekkeen kaide ropisi alas, joten sen kunnostuksen aika olikin n\u00e4emm\u00e4 jo k\u00e4sill\u00e4, tai olisi ollut jo jokunen vuosi sitten. Puutavaraliikkeest\u00e4 v\u00e4h\u00e4n uutta puutavaraa k\u00e4rryyn. T\u00e4m\u00e4n j\u00e4lkeen p\u00e4\u00e4sikin tekem\u00e4\u00e4n pienen tauon j\u00e4lkeen py\u00f6r\u00e4lenkki\u00e4 maantiepy\u00f6r\u00e4ll\u00e4. Harmillisesti oli j\u00e4\u00e4nyt gravelin SRAM:n vaihteen vaihto mekanismi selk\u00e4rankaan. Shimanossa kun logiikka on erilainen, niin alkumatkasta tuli virhevaihtoja harmitukseen asti. Reitti kulki Siuron, Salmin, Jumesniemen, H\u00e4meenkyr\u00f6n, Viljakkalan, Karhen, Kyr\u00f6nlahden, Ylisen ja Elovainion kautta. Aikaa kului noin 3:45 ja matkaa kertyi 114 kilometri\u00e4. Alkuun oli pilvist\u00e4, mutta loppua kohden alkoi aurinkokin paistelemaan. Vett\u00e4 en niskaani saanut, vaikka joko sadekuuro oli H\u00e4meenkyr\u00f6ss\u00e4 tiet kastellutkin. Illalla viel\u00e4 lis\u00e4\u00e4 parvekkeen purkamista.<\/p>\n\n\n\n<p>Kun sunnuntai ei ollutkaan niin paha kuin ennustettiin, niin pihalla p\u00e4\u00e4si olemaan enemm\u00e4n kuin olin suunnitellut. Aamup\u00e4iv\u00e4ll\u00e4 k\u00e4vin k\u00f6p\u00f6ttelem\u00e4ss\u00e4 11 kilometrin sauvalenkin Lamminp\u00e4\u00e4n harjun reiteill\u00e4. OP-vaiva kiusasi loppumatkasta. P\u00e4iv\u00e4ll\u00e4 jatkui taas parvekkeen purku. Sit\u00e4 pitikin purkaa enemm\u00e4n kuin alunperin oli tarkoitus, mutta kun pehmeet\u00e4 l\u00f6ytyi v\u00e4h\u00e4n joka paikasta, niin purkaahan sit\u00e4 piti. Illalla tein viel\u00e4 v\u00e4h\u00e4n py\u00f6r\u00e4huoltoa, ja tunnin kotisalitreenin.<\/p>\n","protected":false},"excerpt":{"rendered":"<p>Viikko 26\/2025 (23. &#8211; 29.6.2025) Oli synkk\u00e4 ja myrskyinen sunnuntai. Tai hetkinen, eih\u00e4n se synkk\u00e4 ollutkaan, vaikka niin oli ennustettu, vaan aamusateiden j\u00e4lkeen kovinkin aurinkoinen. Tuulinen p\u00e4iv\u00e4 kyll\u00e4kin oli. Muutenkin on p\u00e4\u00e4sty v\u00e4h\u00e4n l\u00e4mpeempiin keleihin, kun tulimme perjantaina pohjoisesta takaisin &hellip; <a href=\"http:\/\/www.tomirinne.fi\/?p=3039\">Continue reading <span class=\"meta-nav\">&rarr;<\/span><\/a><\/p>\n","protected":false},"author":1,"featured_media":0,"comment_status":"open","ping_status":"open","sticky":false,"template":"","format":"standard","meta":{"footnotes":""},"categories":[1],"tags":[],"class_list":["post-3039","post","type-post","status-publish","format-standard","hentry","category-uncategorized"],"_links":{"self":[{"href":"http:\/\/www.tomirinne.fi\/index.php?rest_route=\/wp\/v2\/posts\/3039","targetHints":{"allow":["GET"]}}],"collection":[{"href":"http:\/\/www.tomirinne.fi\/index.php?rest_route=\/wp\/v2\/posts"}],"about":[{"href":"http:\/\/www.tomirinne.fi\/index.php?rest_route=\/wp\/v2\/types\/post"}],"author":[{"embeddable":true,"href":"http:\/\/www.tomirinne.fi\/index.php?rest_route=\/wp\/v2\/users\/1"}],"replies":[{"embeddable":true,"href":"http:\/\/www.tomirinne.fi\/index.php?rest_route=%2Fwp%2Fv2%2Fcomments&post=3039"}],"version-history":[{"count":5,"href":"http:\/\/www.tomirinne.fi\/index.php?rest_route=\/wp\/v2\/posts\/3039\/revisions"}],"predecessor-version":[{"id":3046,"href":"http:\/\/www.tomirinne.fi\/index.php?rest_route=\/wp\/v2\/posts\/3039\/revisions\/3046"}],"wp:attachment":[{"href":"http:\/\/www.tomirinne.fi\/index.php?rest_route=%2Fwp%2Fv2%2Fmedia&parent=3039"}],"wp:term":[{"taxonomy":"category","embeddable":true,"href":"http:\/\/www.tomirinne.fi\/index.php?rest_route=%2Fwp%2Fv2%2Fcategories&post=3039"},{"taxonomy":"post_tag","embeddable":true,"href":"http:\/\/www.tomirinne.fi\/index.php?rest_route=%2Fwp%2Fv2%2Ftags&post=3039"}],"curies":[{"name":"wp","href":"https:\/\/api.w.org\/{rel}","templated":true}]}}