{"id":3029,"date":"2025-06-22T17:43:01","date_gmt":"2025-06-22T14:43:01","guid":{"rendered":"http:\/\/www.tomirinne.fi\/?p=3029"},"modified":"2025-06-22T17:43:01","modified_gmt":"2025-06-22T14:43:01","slug":"lampokerrastokelit","status":"publish","type":"post","link":"http:\/\/www.tomirinne.fi\/?p=3029","title":{"rendered":"L\u00e4mp\u00f6kerrastokelit"},"content":{"rendered":"\n<p>Viikko 25\/2025 (16.-22.6.2025)<\/p>\n\n\n\n<p>Lomareissussa. Perinteiseen tapaan l\u00e4hettiin taas Juhannukseksi pohjoiseen. T\u00e4ll\u00e4 kertaa ei tarvinnut l\u00e4hte\u00e4 etel\u00e4n l\u00e4mp\u00f6j\u00e4 pakoon, kun ei kotosallakaan ollut l\u00e4mmint\u00e4, mutta viilemp\u00e4\u00e4n ilmaan kuitenkin p\u00e4\u00e4stiin. Sisu tykk\u00e4\u00e4 t\u00e4llaisista noin kymmenen asteen keleist\u00e4. Itse on kyll\u00e4 joutunut laittamaan l\u00e4mp\u00f6kerrastoa niin yl\u00e4- kuin alap\u00e4\u00e4h\u00e4nkin. My\u00f6s kevyttoppatakille ja pipolle on ollut t\u00e4n\u00e4 Juhannuksena k\u00e4ytt\u00f6\u00e4.<\/p>\n\n\n\n<p>Jos kelit ovat kelvanneet Sisulle, niin karvakorva ei ole oikein autoilusta v\u00e4litt\u00e4nyt. Alkumatka meni ihan hyvin. Ensimm\u00e4inen pari tuntia oli hiljaista takaluukussa, mutta sitten alkoi kitin\u00e4 ja piti pys\u00e4hty\u00e4 k\u00f6p\u00f6ttelem\u00e4\u00e4n. Seuraava kitin\u00e4 alkoi tunnin j\u00e4lkeen, ja taas piti pys\u00e4hty\u00e4. Loppumatka Ouluun olikin sitten melkein jatkuvaa kitisemist\u00e4, mutta puolimatkan krouviin kuitenkin p\u00e4\u00e4stiin ilman hermoromahdusta. Hupisaarilla olikin sitten taas mukava lenkkeill\u00e4 ja k\u00e4yd\u00e4 juomassa Oulujoen vett\u00e4.<\/p>\n\n\n\n<figure class=\"wp-block-image size-large\"><img loading=\"lazy\" decoding=\"async\" width=\"1024\" height=\"419\" src=\"http:\/\/www.tomirinne.fi\/wp-content\/uploads\/2025\/06\/20250618_210152-1024x419.jpg\" alt=\"\" class=\"wp-image-3031\" srcset=\"http:\/\/www.tomirinne.fi\/wp-content\/uploads\/2025\/06\/20250618_210152-1024x419.jpg 1024w, http:\/\/www.tomirinne.fi\/wp-content\/uploads\/2025\/06\/20250618_210152-300x123.jpg 300w, http:\/\/www.tomirinne.fi\/wp-content\/uploads\/2025\/06\/20250618_210152-768x314.jpg 768w, http:\/\/www.tomirinne.fi\/wp-content\/uploads\/2025\/06\/20250618_210152-1536x629.jpg 1536w, http:\/\/www.tomirinne.fi\/wp-content\/uploads\/2025\/06\/20250618_210152-2048x839.jpg 2048w, http:\/\/www.tomirinne.fi\/wp-content\/uploads\/2025\/06\/20250618_210152-500x205.jpg 500w\" sizes=\"auto, (max-width: 1024px) 100vw, 1024px\" \/><\/figure>\n\n\n\n<p>Ensimm\u00e4ist\u00e4 kertaa oli py\u00f6r\u00e4harrastuksestakin hy\u00f6ty\u00e4, kun kyseltiin py\u00f6rien s\u00e4ilytt\u00e4misest\u00e4 hotellihuoneessa. Saatiin Lapland Hotellin sviitti perushuoneen hinnalla. Nyt oli py\u00f6rille tilaa ja Sisullekin oma huone ja sohva. Saunakin l\u00f6ytyi.<\/p>\n\n\n\n<figure class=\"wp-block-image size-large\"><img loading=\"lazy\" decoding=\"async\" width=\"419\" height=\"1024\" src=\"http:\/\/www.tomirinne.fi\/wp-content\/uploads\/2025\/06\/20250618_213507-419x1024.jpg\" alt=\"\" class=\"wp-image-3032\" srcset=\"http:\/\/www.tomirinne.fi\/wp-content\/uploads\/2025\/06\/20250618_213507-419x1024.jpg 419w, http:\/\/www.tomirinne.fi\/wp-content\/uploads\/2025\/06\/20250618_213507-123x300.jpg 123w, http:\/\/www.tomirinne.fi\/wp-content\/uploads\/2025\/06\/20250618_213507-768x1875.jpg 768w, http:\/\/www.tomirinne.fi\/wp-content\/uploads\/2025\/06\/20250618_213507-629x1536.jpg 629w, http:\/\/www.tomirinne.fi\/wp-content\/uploads\/2025\/06\/20250618_213507-839x2048.jpg 839w, http:\/\/www.tomirinne.fi\/wp-content\/uploads\/2025\/06\/20250618_213507-scaled.jpg 1048w\" sizes=\"auto, (max-width: 419px) 100vw, 419px\" \/><\/figure>\n\n\n\n<p>Alkuviikko oli viel\u00e4 t\u00f6it\u00e4. Maanantaina perinteiseen tapaan py\u00f6r\u00e4ll\u00e4 konttorilla. Viel\u00e4 oli mukavasti l\u00e4mp\u00f6\u00e4. Aamulla 15 ja illalla 20 astetta. Illalla viel\u00e4 tunnin kotisalitreeni.<\/p>\n\n\n\n<p>Tiistaina my\u00f6s py\u00f6r\u00e4ll\u00e4 konttorilla. Nyt maantiepy\u00f6r\u00e4ll\u00e4, kun t\u00f6id\u00e4n j\u00e4lkeen taas kierron kautta kotiin. Aamulla oli kostea keli, mutta illalla jo kuivaa ja ihan mukava 19 astetta l\u00e4mp\u00f6\u00e4kin. Kiersin Jasperintien kautta Sionkyl\u00e4\u00e4n ja sielt\u00e4 Nokian keskustan kautta Siuroon. Siurosta Sasin ja Mets\u00e4kyl\u00e4n kautta kotiin. Matkaa kertyi v\u00e4h\u00e4n vajaat 70 kilometri\u00e4 ja aikaa meni 2:20. Rauhassa menin, paitsi Siuron j\u00e4lkeen kun tarrauduin jonkun TT-py\u00f6r\u00e4n per\u00e4\u00e4n ja Sasiin asti sit\u00e4 peesailin. Tuolla p\u00e4tk\u00e4ll\u00e4 vauhti nousi ihan mukavasti.<\/p>\n\n\n\n<p>Keskiviikkona puolikas ty\u00f6p\u00e4iv\u00e4 kotikonttorilla, ja sitten gravelit auton katolle ja kassit autoon ja suunta kohti Oulua. Py\u00f6r\u00e4t tuli pesty\u00e4 matkan aikana, kun v\u00e4lill\u00e4 vett\u00e4 satoi ihan huolella.<\/p>\n\n\n\n<p>Torstaiaamusta, hotelliaamiaisen j\u00e4lkeen, l\u00e4hdin polkemaan kohti pohjoista. Tuuli l\u00e4hti autolla per\u00e4\u00e4n v\u00e4h\u00e4n ennen puolta p\u00e4iv\u00e4\u00e4. Ehdein ajamaan Lapin puolelle, v\u00e4h\u00e4n Simon yl\u00e4puolelle. P\u00e4\u00e4osin ajelin asfalttia, mutta Haukiputaan, Iin ja Ohtavan v\u00e4lill\u00e4 tuli ajeltua jonkin verran hiekkateit\u00e4kin. Pienempi\u00e4 teit\u00e4 yritin ajella, mutta Ohtavan j\u00e4lkeen jouduin ajelemaan jonkin verran 4-tien reunaa, joka oli ainakin n\u00e4in Juhannuksen alusp\u00e4iv\u00e4n\u00e4 melko vilkas. Ennen Kuivanieme\u00e4 p\u00e4\u00e4sin taas hiekkatien puolelle ja Simo j\u00e4lkeen pienemm\u00e4lle tielle. 105 kilometir\u00e4 ja 3:50 ehdein polkea, ennen kuin huoltoauto sai kiinni. L\u00e4mp\u00f6\u00e4 oli 14 astetta ja kun pohjoisesta tuuli, niin vastatuuleen sai puskea koko matkan. Illan suussa saavuimme sitten Kiilop\u00e4\u00e4n m\u00f6kiin, jossa pit\u00e4isi viikko lomailla.<\/p>\n\n\n\n<p>Juhannusaattona l\u00e4hdin p\u00e4iv\u00e4ll\u00e4 graveloimaan latupohjia pitkin. Puolilta p\u00e4ivin l\u00e4mp\u00f6\u00e4 oli 6 asteen verran ja vett\u00e4kin v\u00e4h\u00e4n tihuttelin, pohjoistuuli my\u00f6s viilensi entisest\u00e4\u00e4n l\u00e4mp\u00f6\u00e4. Vett\u00e4 ei kuitenkaan satanut niin paljon, ett\u00e4 se olisi kastellut kunnolla kamppeita tai sora-alustaa. Ensin poljin Laanilaan ja sielt\u00e4 Piispanojan kautta Luulammille. Luulammilta takaisin Saarisel\u00e4lle p\u00e4in ja Saarisel\u00e4n kautta Luttotuvalle. Luttotuvalta taas v\u00e4h\u00e4n takaisin p\u00e4in ja sitten nousu Kaunisp\u00e4\u00e4lle, josta sitten asfalttia pitkin Kakslauttasiin ja siell\u00e4 takaisin m\u00f6kille. Matkaa kertyi 69 kilometri\u00e4 ja aikaa t\u00e4rv\u00e4\u00e4ntyi 3:15. Lenkin aikana l\u00e4mp\u00f6tila nousi jokusella asteella ja sateetkin loppuivat puolessa v\u00e4liss\u00e4 lenkki\u00e4. Illalla kokkoa katsomassa Kiilop\u00e4\u00e4n keskuksessa.<\/p>\n\n\n\n<figure class=\"wp-block-image size-large\"><img loading=\"lazy\" decoding=\"async\" width=\"1024\" height=\"419\" src=\"http:\/\/www.tomirinne.fi\/wp-content\/uploads\/2025\/06\/20250620_135500-1024x419.jpg\" alt=\"\" class=\"wp-image-3034\" srcset=\"http:\/\/www.tomirinne.fi\/wp-content\/uploads\/2025\/06\/20250620_135500-1024x419.jpg 1024w, http:\/\/www.tomirinne.fi\/wp-content\/uploads\/2025\/06\/20250620_135500-300x123.jpg 300w, http:\/\/www.tomirinne.fi\/wp-content\/uploads\/2025\/06\/20250620_135500-768x314.jpg 768w, http:\/\/www.tomirinne.fi\/wp-content\/uploads\/2025\/06\/20250620_135500-1536x629.jpg 1536w, http:\/\/www.tomirinne.fi\/wp-content\/uploads\/2025\/06\/20250620_135500-2048x839.jpg 2048w, http:\/\/www.tomirinne.fi\/wp-content\/uploads\/2025\/06\/20250620_135500-500x205.jpg 500w\" sizes=\"auto, (max-width: 1024px) 100vw, 1024px\" \/><\/figure>\n\n\n\n<figure class=\"wp-block-image size-large\"><img loading=\"lazy\" decoding=\"async\" width=\"708\" height=\"1024\" src=\"http:\/\/www.tomirinne.fi\/wp-content\/uploads\/2025\/06\/20250620_200626-scaled-e1750603366742-708x1024.jpg\" alt=\"\" class=\"wp-image-3035\" srcset=\"http:\/\/www.tomirinne.fi\/wp-content\/uploads\/2025\/06\/20250620_200626-scaled-e1750603366742-708x1024.jpg 708w, http:\/\/www.tomirinne.fi\/wp-content\/uploads\/2025\/06\/20250620_200626-scaled-e1750603366742-208x300.jpg 208w, http:\/\/www.tomirinne.fi\/wp-content\/uploads\/2025\/06\/20250620_200626-scaled-e1750603366742-768x1110.jpg 768w, http:\/\/www.tomirinne.fi\/wp-content\/uploads\/2025\/06\/20250620_200626-scaled-e1750603366742.jpg 1048w\" sizes=\"auto, (max-width: 708px) 100vw, 708px\" \/><\/figure>\n\n\n\n<p>Juhannusp\u00e4iv\u00e4n\u00e4 oli vuorossa sauvalenkki. Kiilop\u00e4\u00e4lt\u00e4 Niilanp\u00e4\u00e4n poronerotuspaikalle, sielt\u00e4 Sivakkaojanlaavulle ja sielt\u00e4 Ruijanpolkua pitkin latupohjille ja takaisin m\u00f6kille. Matkaa tuli v\u00e4h\u00e4n p\u00e4\u00e4lle 12 kilometri\u00e4 ja aikaa meni reilu pari tuntia. S\u00e4\u00e4 oli komean aurinkoinen, eik\u00e4 pohjoistuulikaan oikein sopinut reitillemme. L\u00e4mp\u00f6\u00e4 oli v\u00e4h\u00e4n p\u00e4\u00e4lle kymmenen astetta. OP-vaivani ei oikein tyk\u00e4nnyt lenkist\u00e4. Alkumatka, joka oli nousuvoittoista meni viel\u00e4 ihan mukavasti, mutta alam\u00e4kip\u00e4tk\u00e4ll\u00e4 alkoi takareidess\u00e4 ja haarov\u00e4liss\u00e4 vihlomaan. Ei hyv\u00e4. Illalla viel\u00e4 v\u00e4h\u00e4n extempore Kiilop\u00e4\u00e4n huiputus rauhallisesti k\u00e4vellen. Ei isompia kipuja. Sisu oli onneksi v\u00e4synyt Juhannusaaton lenkeist\u00e4, eik\u00e4 vaatinut lauantaina kauheasti lenkityst\u00e4.<\/p>\n\n\n\n<p>Sunnuntai oli my\u00f6s poutap\u00e4iv\u00e4. Aamup\u00e4iv\u00e4ll\u00e4 l\u00e4hdin polkemaan asfalttia pitkin Ivaloon. L\u00e4mp\u00f6\u00e4 oli kymmenisen astetta ja pohjoisesta tuuli, eli alkumatka oli vastatuulta. Ivalosta suuntasin muutaman kilometrin verran Rajajooseppiin p\u00e4in. Tuo muutaman kilometrin p\u00e4tk\u00e4 taisi olla ainoa Kiilop\u00e4\u00e4n reissun uusi p\u00e4tk\u00e4, sill\u00e4 muuten taitaa tulla menty\u00e4 vanhoja tuttuja reittej\u00e4 pitkin. Paluumatkalla l\u00e4mp\u00f6\u00e4 oli muutaman asteen verran enemm\u00e4n ja kun oli p\u00e4\u00e4osin my\u00f6t\u00e4tuultakin, niin v\u00e4h\u00e4n nousuvoittoinenkin siivu meni menomatkaa jouhevammin. Paluumatkalla py\u00f6r\u00e4hdin viel\u00e4 Saarisel\u00e4n keskustassa. Matkaa kertyi 104 kilometri\u00e4 ja aikaa kului 3:50. <\/p>\n\n\n\n<p><\/p>\n","protected":false},"excerpt":{"rendered":"<p>Viikko 25\/2025 (16.-22.6.2025) Lomareissussa. Perinteiseen tapaan l\u00e4hettiin taas Juhannukseksi pohjoiseen. T\u00e4ll\u00e4 kertaa ei tarvinnut l\u00e4hte\u00e4 etel\u00e4n l\u00e4mp\u00f6j\u00e4 pakoon, kun ei kotosallakaan ollut l\u00e4mmint\u00e4, mutta viilemp\u00e4\u00e4n ilmaan kuitenkin p\u00e4\u00e4stiin. Sisu tykk\u00e4\u00e4 t\u00e4llaisista noin kymmenen asteen keleist\u00e4. Itse on kyll\u00e4 joutunut laittamaan &hellip; <a href=\"http:\/\/www.tomirinne.fi\/?p=3029\">Continue reading <span class=\"meta-nav\">&rarr;<\/span><\/a><\/p>\n","protected":false},"author":1,"featured_media":0,"comment_status":"open","ping_status":"open","sticky":false,"template":"","format":"standard","meta":{"footnotes":""},"categories":[1],"tags":[],"class_list":["post-3029","post","type-post","status-publish","format-standard","hentry","category-uncategorized"],"_links":{"self":[{"href":"http:\/\/www.tomirinne.fi\/index.php?rest_route=\/wp\/v2\/posts\/3029","targetHints":{"allow":["GET"]}}],"collection":[{"href":"http:\/\/www.tomirinne.fi\/index.php?rest_route=\/wp\/v2\/posts"}],"about":[{"href":"http:\/\/www.tomirinne.fi\/index.php?rest_route=\/wp\/v2\/types\/post"}],"author":[{"embeddable":true,"href":"http:\/\/www.tomirinne.fi\/index.php?rest_route=\/wp\/v2\/users\/1"}],"replies":[{"embeddable":true,"href":"http:\/\/www.tomirinne.fi\/index.php?rest_route=%2Fwp%2Fv2%2Fcomments&post=3029"}],"version-history":[{"count":3,"href":"http:\/\/www.tomirinne.fi\/index.php?rest_route=\/wp\/v2\/posts\/3029\/revisions"}],"predecessor-version":[{"id":3037,"href":"http:\/\/www.tomirinne.fi\/index.php?rest_route=\/wp\/v2\/posts\/3029\/revisions\/3037"}],"wp:attachment":[{"href":"http:\/\/www.tomirinne.fi\/index.php?rest_route=%2Fwp%2Fv2%2Fmedia&parent=3029"}],"wp:term":[{"taxonomy":"category","embeddable":true,"href":"http:\/\/www.tomirinne.fi\/index.php?rest_route=%2Fwp%2Fv2%2Fcategories&post=3029"},{"taxonomy":"post_tag","embeddable":true,"href":"http:\/\/www.tomirinne.fi\/index.php?rest_route=%2Fwp%2Fv2%2Ftags&post=3029"}],"curies":[{"name":"wp","href":"https:\/\/api.w.org\/{rel}","templated":true}]}}