{"id":3010,"date":"2025-05-11T19:50:12","date_gmt":"2025-05-11T16:50:12","guid":{"rendered":"http:\/\/www.tomirinne.fi\/?p=3010"},"modified":"2025-05-11T19:50:12","modified_gmt":"2025-05-11T16:50:12","slug":"neuvostoliiton-entisilla-alueella","status":"publish","type":"post","link":"http:\/\/www.tomirinne.fi\/?p=3010","title":{"rendered":"Neuvostoliiton entisill\u00e4 alueella"},"content":{"rendered":"\n<p>Viikko 19\/2025 (5.-11.5.2025)<\/p>\n\n\n\n<p>Eip\u00e4 tule heti mieleen yht\u00e4 kylm\u00e4\u00e4 toukokuun alkua. On totisesti ollut totuttelemista n\u00e4ihin l\u00e4mp\u00f6ihin etelen reissu j\u00e4lkeen. Pakkasella on k\u00e4yty ja r\u00e4nt\u00e4\u00e4kin satanut. P\u00e4iv\u00e4ll\u00e4k\u00e4\u00e4n ei olla p\u00e4\u00e4sty, viikonloppua lukuunottamatta, kymmeneen l\u00e4mp\u00f6asteeseen, ja viel\u00e4 pohjoistuuli on lis\u00e4nnyt kylmyyden tunnetta. Eik\u00e4 ennusteetkaan kauheasti parempaa lupaa. Ehk\u00e4 nyt ei en\u00e4\u00e4 pakkaselle menn\u00e4, mutta p\u00e4iv\u00e4l\u00e4mm\u00f6iss\u00e4 viisitoista astetta voi olla ensi viikollakin tiukassa.<\/p>\n\n\n\n<p>Arki alkoi taas maanantaina, kun py\u00f6r\u00e4ll\u00e4 polkaisin konttorille. Aamulla mittari nollassa, iltap\u00e4iv\u00e4ll\u00e4 sent\u00e4\u00e4n 8 astetta. Takkaa sai alkaa taas l\u00e4mmitt\u00e4\u00e4.<\/p>\n\n\n\n<p>Tiistaina oli viel\u00e4kin kurjempaa, kun sai laittaa asteen l\u00e4mp\u00f6tilaan sadekamppeetkin p\u00e4\u00e4lle, penkoissa v\u00e4h\u00e4n valkoista. Retkipy\u00f6r\u00e4kin tuli ensimm\u00e4ist\u00e4 kertaa kuraiseksi. Kotiin ajaessa viisi astetta. Illalla tunnin kotisalitreeni.<\/p>\n\n\n\n<p>Keskiviikkona oli kotikonttorip\u00e4iv\u00e4. Illalla k\u00e4vin tekem\u00e4ss\u00e4 11,5 kilometrin sauvak\u00e4velylenkin Kalkun suunnalla. Nyt en ottanut juoksuaskeleita, mutta siit\u00e4kin huolimatta oli tuntemuksia vaiva-alueellani. Ei hyv\u00e4. L\u00e4mp\u00f6\u00e4 oli 6 astetta ja kylm\u00e4 pohjoistuuli.<\/p>\n\n\n\n<p>Torstaina taas py\u00f6r\u00e4ll\u00e4 konttorilla. L\u00e4mm\u00f6t 1 ja 7 astetta. Illalla tistain tapaan tunnin kotisalitreeni.<\/p>\n\n\n\n<p>Perjantaina oli j\u00e4lleen kotikonttorip\u00e4iv\u00e4. Kolmen aikoihin l\u00e4hdimme ajelemaan kohti Espoota. Itse j\u00e4in Linnatuulessa kyydist\u00e4 ja l\u00e4hdin graveloimaan loppumatkaa. Reitti kulki Riihim\u00e4en, Kyt\u00e4j\u00e4n, Rajam\u00e4en, Nurmij\u00e4rven ja Klaukkalan kautta. Kohde oli Korpilammen hotelli, jossa y\u00f6vyimme seuraavan y\u00f6n. Matkaa kertyi 80 kilometri\u00e4 ja aikaa kului n.2:50. Keskitehot olivat 191W. L\u00e4mp\u00f6\u00e4 ei ollut kuin 8 astetta, mutta ihan hyvin tarkeni, kun oli hieman normaalia toukokuuvarustusta enemm\u00e4n vaatetta p\u00e4\u00e4ll\u00e4.<\/p>\n\n\n\n<p>Lauantaina aamulla Tuuli l\u00e4hti juoksemaan Bodom trailiin. Itse pidin v\u00e4h\u00e4n aikaa seuraa Sisulle, ja sitten j\u00e4tin vanhuksen hotellille nukkumaan ja l\u00e4hdin tekem\u00e4\u00e4n py\u00f6r\u00e4lenkki\u00e4. Ensin poljin Bodominj\u00e4rven ohi Oittaaseen ja sielt\u00e4  Bemb\u00f6len kautta kohti Masalaa ja Kirkkonummea. V\u00e4h\u00e4n ennen kirkkonummea k\u00e4\u00e4nnyin kohti Porkkalaa, jossa k\u00e4vin k\u00e4\u00e4ntym\u00e4ss\u00e4. Porkkalaan menev\u00e4 tie oli hyv\u00e4kuntoinen, kumpuileva ja mutkainen. Muutenkin t\u00e4m\u00e4 seutu tuntuu olevan tosi kumpuilevaa. Pirkanmaallakin on m\u00e4ki\u00e4, mutta ne ovat paremminkin pitki\u00e4 ja loivia, kun etel\u00e4rannikolla m\u00e4et ovat jyrkki\u00e4 ja lyhyit\u00e4 &#8211; t\u00f6p\u00e4reit\u00e4. Maisematkin olivat Porkkalan reitill\u00e4 hienot. Hirvenkin p\u00e4\u00e4sin n\u00e4kem\u00e4\u00e4n aika l\u00e4helt\u00e4, kun l\u00e4hti ylitt\u00e4m\u00e4\u00e4n tiet\u00e4. Porkkalasta paluumatkan alussa poikkesin ottamaan v\u00e4h\u00e4n munkkienergiaa, muuten p\u00e4rj\u00e4si hyvin taskuev\u00e4ill\u00e4. Paluureitti kulki ensin Kantvikin suuntaan ja sielt\u00e4 Kirkkonummelle, josta jatkoin Nummelan kautta Vihtiin. Vihdiss\u00e4 hypp\u00e4sin Tuulin kyytiin, ja loppumatka Alastarolle jatkui nelj\u00e4ll\u00e4 py\u00f6r\u00e4ll\u00e4. Jos alkumatkalle j\u00e4nnityst\u00e4 toi hiven kohtaaminen, niin loppumatkalle j\u00e4nn\u00e4n aihetta antoi vesisateen uhka ja mittariin tullut ilmoitus, ett\u00e4 takavaihtajan virta olisi v\u00e4hiss\u00e4. Vaihteet onneksi pelasi loppuun asti, eik\u00e4 vett\u00e4k\u00e4\u00e4n satanut kuin v\u00e4h\u00e4n Nummellassa ja sen j\u00e4lkeen. Matkaa kertyi 125 kilometri\u00e4 ja aikaa kului 4:30. Keskitehot 189W ja nousumetrit 1340. Porkkalaan asti aurinko paisteli mukavasti, sen j\u00e4lkeen tulikin p\u00e4\u00e4osin pilvist\u00e4. L\u00e4mp\u00f6\u00e4 oli 13 astetta ja tuulen suunta oli jostain id\u00e4st\u00e4 p\u00e4in.<\/p>\n\n\n\n<figure class=\"wp-block-image size-large\"><img loading=\"lazy\" decoding=\"async\" width=\"1024\" height=\"419\" src=\"http:\/\/www.tomirinne.fi\/wp-content\/uploads\/2025\/05\/20250510_120834-1024x419.jpg\" alt=\"\" class=\"wp-image-3011\" srcset=\"http:\/\/www.tomirinne.fi\/wp-content\/uploads\/2025\/05\/20250510_120834-1024x419.jpg 1024w, http:\/\/www.tomirinne.fi\/wp-content\/uploads\/2025\/05\/20250510_120834-300x123.jpg 300w, http:\/\/www.tomirinne.fi\/wp-content\/uploads\/2025\/05\/20250510_120834-768x314.jpg 768w, http:\/\/www.tomirinne.fi\/wp-content\/uploads\/2025\/05\/20250510_120834-1536x629.jpg 1536w, http:\/\/www.tomirinne.fi\/wp-content\/uploads\/2025\/05\/20250510_120834-2048x839.jpg 2048w, http:\/\/www.tomirinne.fi\/wp-content\/uploads\/2025\/05\/20250510_120834-500x205.jpg 500w\" sizes=\"auto, (max-width: 1024px) 100vw, 1024px\" \/><\/figure>\n\n\n\n<p>Sunnuntaina, \u00e4itienp\u00e4iv\u00e4n\u00e4, oli my\u00f6s h\u00e4\u00e4p\u00e4iv\u00e4mme. L\u00e4hdimme aamup\u00e4iv\u00e4ll\u00e4 melkeimp\u00e4 perinteiselle h\u00e4\u00e4p\u00e4iv\u00e4py\u00f6r\u00e4ilylle &#8211; siis yhdess\u00e4. Poljimme ensin Lamminp\u00e4\u00e4n latupohjia pitkin Pikku-Ahvenistolle. Sielt\u00e4 Elovainion ja Haaviston kautta Asuntilaan. Asuntilasta Siivikkalaan ja Pohtolaan, josta rantoja pitkin Hiedanrantaan ja N\u00e4sinsaarta pitkin Santalahteen. Viel\u00e4 py\u00f6r\u00e4hdys Pyynikill\u00e4 ja Tahmelassa ja sitten suunta Villil\u00e4n ja Kalkun kautta kotiin. Matkaa kertyi 50 kilometri\u00e4 ja aikaa kului 2:30. S\u00e4\u00e4 oli mukavan aurinkoinen ja l\u00e4mp\u00f6\u00e4kin oli yli kymmenen astetta. Tuulista oli edelleen.<\/p>\n","protected":false},"excerpt":{"rendered":"<p>Viikko 19\/2025 (5.-11.5.2025) Eip\u00e4 tule heti mieleen yht\u00e4 kylm\u00e4\u00e4 toukokuun alkua. On totisesti ollut totuttelemista n\u00e4ihin l\u00e4mp\u00f6ihin etelen reissu j\u00e4lkeen. Pakkasella on k\u00e4yty ja r\u00e4nt\u00e4\u00e4kin satanut. P\u00e4iv\u00e4ll\u00e4k\u00e4\u00e4n ei olla p\u00e4\u00e4sty, viikonloppua lukuunottamatta, kymmeneen l\u00e4mp\u00f6asteeseen, ja viel\u00e4 pohjoistuuli on lis\u00e4nnyt kylmyyden &hellip; <a href=\"http:\/\/www.tomirinne.fi\/?p=3010\">Continue reading <span class=\"meta-nav\">&rarr;<\/span><\/a><\/p>\n","protected":false},"author":1,"featured_media":0,"comment_status":"open","ping_status":"open","sticky":false,"template":"","format":"standard","meta":{"footnotes":""},"categories":[1],"tags":[],"class_list":["post-3010","post","type-post","status-publish","format-standard","hentry","category-uncategorized"],"_links":{"self":[{"href":"http:\/\/www.tomirinne.fi\/index.php?rest_route=\/wp\/v2\/posts\/3010","targetHints":{"allow":["GET"]}}],"collection":[{"href":"http:\/\/www.tomirinne.fi\/index.php?rest_route=\/wp\/v2\/posts"}],"about":[{"href":"http:\/\/www.tomirinne.fi\/index.php?rest_route=\/wp\/v2\/types\/post"}],"author":[{"embeddable":true,"href":"http:\/\/www.tomirinne.fi\/index.php?rest_route=\/wp\/v2\/users\/1"}],"replies":[{"embeddable":true,"href":"http:\/\/www.tomirinne.fi\/index.php?rest_route=%2Fwp%2Fv2%2Fcomments&post=3010"}],"version-history":[{"count":1,"href":"http:\/\/www.tomirinne.fi\/index.php?rest_route=\/wp\/v2\/posts\/3010\/revisions"}],"predecessor-version":[{"id":3012,"href":"http:\/\/www.tomirinne.fi\/index.php?rest_route=\/wp\/v2\/posts\/3010\/revisions\/3012"}],"wp:attachment":[{"href":"http:\/\/www.tomirinne.fi\/index.php?rest_route=%2Fwp%2Fv2%2Fmedia&parent=3010"}],"wp:term":[{"taxonomy":"category","embeddable":true,"href":"http:\/\/www.tomirinne.fi\/index.php?rest_route=%2Fwp%2Fv2%2Fcategories&post=3010"},{"taxonomy":"post_tag","embeddable":true,"href":"http:\/\/www.tomirinne.fi\/index.php?rest_route=%2Fwp%2Fv2%2Ftags&post=3010"}],"curies":[{"name":"wp","href":"https:\/\/api.w.org\/{rel}","templated":true}]}}