{"id":2989,"date":"2025-04-13T19:56:16","date_gmt":"2025-04-13T16:56:16","guid":{"rendered":"http:\/\/www.tomirinne.fi\/?p=2989"},"modified":"2025-04-13T19:56:16","modified_gmt":"2025-04-13T16:56:16","slug":"takatalvi-2","status":"publish","type":"post","link":"http:\/\/www.tomirinne.fi\/?p=2989","title":{"rendered":"Takatalvi"},"content":{"rendered":"\n<p>Viikko 15\/2025 (7.-13.4.2025)<\/p>\n\n\n\n<p>T\u00e4m\u00e4 oli nyt sitten varmaan se jokavuotinen kiinti\u00f6takatalviviikko. Lunta oli pari aamuna ja pakkasellekin p\u00e4\u00e4stiin muutamana y\u00f6n\u00e4. Ei sent\u00e4\u00e4n tarvinnut lumiauraa k\u00e4ytt\u00e4\u00e4 tai talvirenkaita vaihtaa takaisin, mutta liukkaita ajokelej\u00e4 oli kyll\u00e4 tarjolla, jos olisi tien p\u00e4\u00e4lle l\u00e4htenyt. Viikonloppuna onneksi p\u00e4\u00e4stiin takaisin kev\u00e4isiin keleihin.<\/p>\n\n\n\n<p>Maanantaina olin kotikonttorilla. Treenien osalta p\u00e4iv\u00e4 oli lepoa.<\/p>\n\n\n\n<p>Tiistaina ajoin neitsytmatkan talvella kasatulla uudella Fairlight-retkipy\u00f6r\u00e4ll\u00e4ni. Pakkasta oli viitisen astetta, joten neitsytmatka ei sujunut kovin l\u00e4mpimiss\u00e4 merkeiss\u00e4. Liukasta ei onneksi ollut. Py\u00f6r\u00e4 kyll\u00e4 toimi ihan hyvin, pient\u00e4 s\u00e4\u00e4t\u00f6\u00e4 ajoasento tosin vaati. Satulaa piti v\u00e4h\u00e4n laskea ja ohjaamoa v\u00e4h\u00e4n s\u00e4\u00e4t\u00e4\u00e4. Illalla poljin viel\u00e4 Rouvyss\u00e4 vajaan puolentoista tunnin ajan 198W keskiteholla.<\/p>\n\n\n\n<figure class=\"wp-block-image size-large\"><img loading=\"lazy\" decoding=\"async\" width=\"1024\" height=\"577\" src=\"http:\/\/www.tomirinne.fi\/wp-content\/uploads\/2025\/04\/20250407_085019-1024x577.jpg\" alt=\"\" class=\"wp-image-2990\" srcset=\"http:\/\/www.tomirinne.fi\/wp-content\/uploads\/2025\/04\/20250407_085019-1024x577.jpg 1024w, http:\/\/www.tomirinne.fi\/wp-content\/uploads\/2025\/04\/20250407_085019-300x169.jpg 300w, http:\/\/www.tomirinne.fi\/wp-content\/uploads\/2025\/04\/20250407_085019-768x432.jpg 768w, http:\/\/www.tomirinne.fi\/wp-content\/uploads\/2025\/04\/20250407_085019-1536x865.jpg 1536w, http:\/\/www.tomirinne.fi\/wp-content\/uploads\/2025\/04\/20250407_085019-500x282.jpg 500w, http:\/\/www.tomirinne.fi\/wp-content\/uploads\/2025\/04\/20250407_085019.jpg 2000w\" sizes=\"auto, (max-width: 1024px) 100vw, 1024px\" \/><\/figure>\n\n\n\n<p>My\u00f6s keskiviikkona olin retkipy\u00f6r\u00e4ll\u00e4 konttorilla. Aamulla oli jokunen aste plussaa, mutta p\u00e4iv\u00e4n aikana viileni ja illalla oli l\u00e4mp\u00f6 nollassa ja kotimatkalla tuli raekuuroja. Illalla ehdein tekem\u00e4\u00e4n puolen tunnin kotisalitreenin, ennen kuin l\u00e4hdimme Tampere-taloon katsomaan Diandraa ja kuuntelemaan Bond-kappaleita.<\/p>\n\n\n\n<p>Torstaina lusmuilin, enk\u00e4 tarjennut l\u00e4hte\u00e4 py\u00f6r\u00e4ll\u00e4 t\u00f6ihin, vaan j\u00e4in kotikonttorille. Pakkasta oli viitisen astetta, enk\u00e4 viitsinyt palella samalla tavalla kuin tiistaina, enk\u00e4 kaivaa talvikamppeita uudelleen kaapista. Illalla poljin Rouvyss\u00e4 70 minuuttia 207W keskiteholla.<\/p>\n\n\n\n<p>Perjantaina my\u00f6s kotikonttorilla. Maa oli valkoinen ja pakkasta pari astetta. Illalla tunnin kotisalitreeni.<\/p>\n\n\n\n<p>My\u00f6s lauantaiaamuna oli maa valkoinen. K\u00e4vin kuitenkin aamup\u00e4iv\u00e4ll\u00e4 py\u00f6r\u00e4ll\u00e4 Yl\u00f6j\u00e4rven uimahallissa uimassa vaparia 2,5 kilometrin verran. P\u00e4iv\u00e4ll\u00e4 alkoi sitten l\u00e4mpe\u00e4m\u00e4\u00e4n ja p\u00e4iv\u00e4 olikin komean aurinkoinen, ja mukava s\u00e4\u00e4 pihahommille. Illalla poljin Rouvyss\u00e4 reilun tunnin verran 208W keskiteholla.<\/p>\n\n\n\n<p>Sunnuntaina aamup\u00e4iv\u00e4n tein pihahommia. Puolen p\u00e4iv\u00e4n j\u00e4lkeen l\u00e4hdin tekem\u00e4\u00e4n gravelilla ulkolenkki\u00e4. L\u00e4mp\u00f6\u00e4 oli 15 astetta ja aurinko paistoin. L\u00e4nsituuli oli melko napakka. Ensin poljin Siuron kautta Jumesniemeen, ja sielt\u00e4 edelleen H\u00e4meenkyr\u00f6\u00f6n. Sitten matka suuntasi Viljakkalaan ja sielt\u00e4 takaisin Yl\u00f6j\u00e4rvelle. K\u00e4vin viel\u00e4 tekem\u00e4ss\u00e4 kiemurat Teivon ja Tohlopin kautta, jotta satanen menisi rikki. Matkaa kertyi 104 kilometri\u00e4 ja aikaa kului 3:40. Keli oli kyll\u00e4 komea, vaikka, etenkin alkumatkasta, vastatuuli hyydytti vauhtia.<\/p>\n\n\n\n<p>OP-vaivani suhteen viikko on ollut v\u00e4h\u00e4n parempi. Muutamana p\u00e4iv\u00e4n\u00e4 olen pystynyt jopa k\u00e4velem\u00e4\u00e4n ilman kipuja ja kiristely\u00e4. Mutta ei nyt sent\u00e4\u00e4n joka p\u00e4iv\u00e4.<\/p>\n","protected":false},"excerpt":{"rendered":"<p>Viikko 15\/2025 (7.-13.4.2025) T\u00e4m\u00e4 oli nyt sitten varmaan se jokavuotinen kiinti\u00f6takatalviviikko. Lunta oli pari aamuna ja pakkasellekin p\u00e4\u00e4stiin muutamana y\u00f6n\u00e4. Ei sent\u00e4\u00e4n tarvinnut lumiauraa k\u00e4ytt\u00e4\u00e4 tai talvirenkaita vaihtaa takaisin, mutta liukkaita ajokelej\u00e4 oli kyll\u00e4 tarjolla, jos olisi tien p\u00e4\u00e4lle l\u00e4htenyt. &hellip; <a href=\"http:\/\/www.tomirinne.fi\/?p=2989\">Continue reading <span class=\"meta-nav\">&rarr;<\/span><\/a><\/p>\n","protected":false},"author":1,"featured_media":0,"comment_status":"open","ping_status":"open","sticky":false,"template":"","format":"standard","meta":{"footnotes":""},"categories":[1],"tags":[],"class_list":["post-2989","post","type-post","status-publish","format-standard","hentry","category-uncategorized"],"_links":{"self":[{"href":"http:\/\/www.tomirinne.fi\/index.php?rest_route=\/wp\/v2\/posts\/2989","targetHints":{"allow":["GET"]}}],"collection":[{"href":"http:\/\/www.tomirinne.fi\/index.php?rest_route=\/wp\/v2\/posts"}],"about":[{"href":"http:\/\/www.tomirinne.fi\/index.php?rest_route=\/wp\/v2\/types\/post"}],"author":[{"embeddable":true,"href":"http:\/\/www.tomirinne.fi\/index.php?rest_route=\/wp\/v2\/users\/1"}],"replies":[{"embeddable":true,"href":"http:\/\/www.tomirinne.fi\/index.php?rest_route=%2Fwp%2Fv2%2Fcomments&post=2989"}],"version-history":[{"count":1,"href":"http:\/\/www.tomirinne.fi\/index.php?rest_route=\/wp\/v2\/posts\/2989\/revisions"}],"predecessor-version":[{"id":2991,"href":"http:\/\/www.tomirinne.fi\/index.php?rest_route=\/wp\/v2\/posts\/2989\/revisions\/2991"}],"wp:attachment":[{"href":"http:\/\/www.tomirinne.fi\/index.php?rest_route=%2Fwp%2Fv2%2Fmedia&parent=2989"}],"wp:term":[{"taxonomy":"category","embeddable":true,"href":"http:\/\/www.tomirinne.fi\/index.php?rest_route=%2Fwp%2Fv2%2Fcategories&post=2989"},{"taxonomy":"post_tag","embeddable":true,"href":"http:\/\/www.tomirinne.fi\/index.php?rest_route=%2Fwp%2Fv2%2Ftags&post=2989"}],"curies":[{"name":"wp","href":"https:\/\/api.w.org\/{rel}","templated":true}]}}