{"id":2982,"date":"2025-03-23T16:40:20","date_gmt":"2025-03-23T14:40:20","guid":{"rendered":"http:\/\/www.tomirinne.fi\/?p=2982"},"modified":"2025-03-23T16:40:20","modified_gmt":"2025-03-23T14:40:20","slug":"gevat-gravelointia","status":"publish","type":"post","link":"http:\/\/www.tomirinne.fi\/?p=2982","title":{"rendered":"Gev\u00e4t Gravelointia"},"content":{"rendered":"\n<p>Viikko 12\/2025 (17.-23.3.2025)<\/p>\n\n\n\n<p>Kyll\u00e4 se kev\u00e4t vaan sielt\u00e4 pikku hiljaa tulee. Komeita aurinkoisia p\u00e4ivi\u00e4 on viikolla ollut. \u00d6isin tosin on ollut pakkasta, ja jonain p\u00e4iv\u00e4n\u00e4 tuli viel\u00e4 v\u00e4h\u00e4n luntakin. Sen verran kova luotto hyviin keleihin kuitenkin on, ett\u00e4 vaihdoin jo talven ty\u00f6matkapy\u00f6r\u00e4\u00e4n eteenkin kes\u00e4renkaan, ja nyt t\u00e4ytyy vaan toivoa, ett\u00e4 se kest\u00e4\u00e4 sepelit, joita viel\u00e4 ei ole harjattu pois. My\u00f6s Avantista otin j\u00e4\u00e4ketjut pois ja ty\u00f6laitteeksi vaihdoin kauhan ja puskulevy meni odottamaan ensi talven lumia.<\/p>\n\n\n\n<p>Maanantaina olin py\u00f6r\u00e4ll\u00e4 toimistolla. Aamulla oli yhdeks\u00e4n astetta pakkasta ja paikoin oli taas lumista ja j\u00e4ist\u00e4. Illalla kotiin polkiessa oltiin jo plussan puolella eik\u00e4 liukastakaan en\u00e4\u00e4 ollut, mutta jokunen lumikuuro kotimatkan aikana tuli.<\/p>\n\n\n\n<p>Tiistaina olin kotikonttorilla, ja illalla tein tunnin kotisalitreenin.<\/p>\n\n\n\n<p>My\u00f6s keskiviikkona t\u00f6it\u00e4 kotoa p\u00e4in. Illalla poljin Rouvyss\u00e4 77 minuuttia 211W keskiteholla. Kilometrej\u00e4 ei paljon kertynyt, mutta nousumetrej\u00e4 sit\u00e4kin enemm\u00e4n.<\/p>\n\n\n\n<p>Torstaina taas py\u00f6r\u00e4ll\u00e4 konttorilla. Aamulla pikku pakkasta ja illalla kuutisen astetta plussan puolella. Iltareenin\u00e4 oli 70 minuutin py\u00f6r\u00e4ily 200W keskiteholla. T\u00e4ll\u00e4 kertaa reitti oli aika tasainen &#8211; ainakin edellisiin py\u00f6r\u00e4ilyihin verrattuna.<\/p>\n\n\n\n<p>Perjantain keli ty\u00f6matkapy\u00f6rilyyn oli torstain kaltainen. Komeeta keli\u00e4 on. Ainoa haitta on kauhea tiep\u00f6ly. Illalla viel\u00e4 tunti kotisalia.<\/p>\n\n\n\n<p>Lauantaina aamup\u00e4iv\u00e4ll\u00e4 k\u00e4vin Yl\u00f6j\u00e4rven uimahallissa uimassa 2,4 kilometri\u00e4 vaparia pullarin kanssa. 600m:n p\u00e4tkiss\u00e4 menin. Iltap\u00e4iv\u00e4ll\u00e4 aloitin ulkomaantiepy\u00f6r\u00e4kauden. Alla tosin oli gravel-py\u00f6r\u00e4, kun maantiepy\u00f6r\u00e4\u00e4 ei viel\u00e4 uskaltanut ottaa kehiin. Gravel-py\u00f6r\u00e4 sai talven aikana osasarjap\u00e4ivityksen. My\u00f6s kiekot ja renkaat meniv\u00e4t uusiksi. Py\u00f6r\u00e4 pysyi hyvin kasassa ja toimi moitteetta. Sram:n s\u00e4hk\u00f6vaihtaja napsutteli t\u00e4sm\u00e4llisesti vaihteet paikalleen, Huntin kuitukiekot kohisivat vakuuttavasti ja Tufon renkaat ujelsivat mukavasti asfaltin pinnassa. Kausi tuli avattua Siuron viiskymppisell\u00e4. Keli oli kohdillaan, sill\u00e4 l\u00e4mp\u00f6\u00e4 oli kuutisen astetta ja aurinko l\u00e4mmitti viel\u00e4 mukavasti lis\u00e4\u00e4. Jonkin verran oli kyll\u00e4 tuulista. Aikaa kului 1:52 ja keskitehot 200W.<\/p>\n\n\n\n<p>Sen verran mukava lauantain lenkki oli, ett\u00e4 p\u00e4\u00e4tin tehd\u00e4 sunnuntaina pidemm\u00e4n. Reitti kulki Tottij\u00e4rven, Vesilahden, Lemp\u00e4\u00e4l\u00e4n, S\u00e4ij\u00e4n ja Nokian kautta. Matkaa kertyi tasan 100 kilometri\u00e4 ja aikaa kului 3:43. Keskitehot olivat 192W. Keli oli jo lauantaita parempi, sill\u00e4 l\u00e4mp\u00f6\u00e4 oli jokunen aste enemm\u00e4n ja tuulta v\u00e4hemm\u00e4n. Tiep\u00f6ly oli vaan aika ik\u00e4v\u00e4, etenkin Turuntiell\u00e4, jossa jouduin jokusen kilometrin ajamaan. Jalat olivat v\u00e4h\u00e4n v\u00e4syneet, ja muutenkin loppumatka oli raskaan oloinen. Mutta hyv\u00e4 ett\u00e4 ulkokausi on saatu n\u00e4inkin ajoissa k\u00e4yntiin.<\/p>\n\n\n\n<p><\/p>\n","protected":false},"excerpt":{"rendered":"<p>Viikko 12\/2025 (17.-23.3.2025) Kyll\u00e4 se kev\u00e4t vaan sielt\u00e4 pikku hiljaa tulee. Komeita aurinkoisia p\u00e4ivi\u00e4 on viikolla ollut. \u00d6isin tosin on ollut pakkasta, ja jonain p\u00e4iv\u00e4n\u00e4 tuli viel\u00e4 v\u00e4h\u00e4n luntakin. Sen verran kova luotto hyviin keleihin kuitenkin on, ett\u00e4 vaihdoin jo &hellip; <a href=\"http:\/\/www.tomirinne.fi\/?p=2982\">Continue reading <span class=\"meta-nav\">&rarr;<\/span><\/a><\/p>\n","protected":false},"author":1,"featured_media":0,"comment_status":"open","ping_status":"open","sticky":false,"template":"","format":"standard","meta":{"footnotes":""},"categories":[1],"tags":[],"class_list":["post-2982","post","type-post","status-publish","format-standard","hentry","category-uncategorized"],"_links":{"self":[{"href":"http:\/\/www.tomirinne.fi\/index.php?rest_route=\/wp\/v2\/posts\/2982","targetHints":{"allow":["GET"]}}],"collection":[{"href":"http:\/\/www.tomirinne.fi\/index.php?rest_route=\/wp\/v2\/posts"}],"about":[{"href":"http:\/\/www.tomirinne.fi\/index.php?rest_route=\/wp\/v2\/types\/post"}],"author":[{"embeddable":true,"href":"http:\/\/www.tomirinne.fi\/index.php?rest_route=\/wp\/v2\/users\/1"}],"replies":[{"embeddable":true,"href":"http:\/\/www.tomirinne.fi\/index.php?rest_route=%2Fwp%2Fv2%2Fcomments&post=2982"}],"version-history":[{"count":1,"href":"http:\/\/www.tomirinne.fi\/index.php?rest_route=\/wp\/v2\/posts\/2982\/revisions"}],"predecessor-version":[{"id":2983,"href":"http:\/\/www.tomirinne.fi\/index.php?rest_route=\/wp\/v2\/posts\/2982\/revisions\/2983"}],"wp:attachment":[{"href":"http:\/\/www.tomirinne.fi\/index.php?rest_route=%2Fwp%2Fv2%2Fmedia&parent=2982"}],"wp:term":[{"taxonomy":"category","embeddable":true,"href":"http:\/\/www.tomirinne.fi\/index.php?rest_route=%2Fwp%2Fv2%2Fcategories&post=2982"},{"taxonomy":"post_tag","embeddable":true,"href":"http:\/\/www.tomirinne.fi\/index.php?rest_route=%2Fwp%2Fv2%2Ftags&post=2982"}],"curies":[{"name":"wp","href":"https:\/\/api.w.org\/{rel}","templated":true}]}}