{"id":2867,"date":"2024-08-25T19:29:56","date_gmt":"2024-08-25T16:29:56","guid":{"rendered":"http:\/\/www.tomirinne.fi\/?p=2867"},"modified":"2024-08-25T19:29:56","modified_gmt":"2024-08-25T16:29:56","slug":"katolla-kiikkumista","status":"publish","type":"post","link":"http:\/\/www.tomirinne.fi\/?p=2867","title":{"rendered":"Katolla kiikkumista"},"content":{"rendered":"\n<p>Viikko 34\/2024 (19.-25.8.2024)<\/p>\n\n\n\n<p>Kevennetty reeniviikko takana. Tuntim\u00e4\u00e4r\u00e4lt\u00e4\u00e4 koko kes\u00e4n matalin, mutta t\u00e4ytyy sit\u00e4 v\u00e4lill\u00e4 ottaa v\u00e4h\u00e4n kevyemmin, kun melkein kaikki kes\u00e4n viikot ovat olleet yli 15 tunnin viikkoja ja v\u00e4lill\u00e4 aika paljon p\u00e4\u00e4llekin. Edellisen lauantain pitk\u00e4 py\u00f6r\u00e4ily tuntui viel\u00e4 alkuviikon treeneiss\u00e4, sill\u00e4 jalat olivat viel\u00e4 todella v\u00e4syneet. Ei en\u00e4\u00e4 palaudu vanhaan malliin.<\/p>\n\n\n\n<p>Kotihommina on ollut edellen kattoremppa. Lumiesteiden rikkomat kattotiilet tuli vaihdettu ja samalla my\u00f6s laitoin takaisin paikoilleen yhden v\u00e4\u00e4ntyneen ruoteen ja irtil\u00e4hteneen lumiesteiden kiinnitysparrun. My\u00f6s autotallin kattoa tuli raaputeltua sammaleista puhtaaksi. Sunnuntain sade kuitenkin lopetti hommat ja toinen lape j\u00e4i viel\u00e4 v\u00e4h\u00e4n kesken.<\/p>\n\n\n\n<figure class=\"wp-block-image size-large is-resized\"><img loading=\"lazy\" decoding=\"async\" width=\"768\" height=\"1024\" src=\"http:\/\/www.tomirinne.fi\/wp-content\/uploads\/2024\/08\/20240821_113443-768x1024.jpg\" alt=\"\" class=\"wp-image-2869\" style=\"width:551px;height:auto\" srcset=\"http:\/\/www.tomirinne.fi\/wp-content\/uploads\/2024\/08\/20240821_113443-768x1024.jpg 768w, http:\/\/www.tomirinne.fi\/wp-content\/uploads\/2024\/08\/20240821_113443-225x300.jpg 225w, http:\/\/www.tomirinne.fi\/wp-content\/uploads\/2024\/08\/20240821_113443-1152x1536.jpg 1152w, http:\/\/www.tomirinne.fi\/wp-content\/uploads\/2024\/08\/20240821_113443-1536x2048.jpg 1536w, http:\/\/www.tomirinne.fi\/wp-content\/uploads\/2024\/08\/20240821_113443-scaled.jpg 1920w\" sizes=\"auto, (max-width: 768px) 100vw, 768px\" \/><figcaption class=\"wp-element-caption\">Kattotiilen alta l\u00f6ytynytt\u00e4<\/figcaption><\/figure>\n\n\n\n<p>Maanantaina ei ollut ohjelmassa mit\u00e4\u00e4n ihmeellist\u00e4. T\u00f6iss\u00e4 k\u00e4vin py\u00f6r\u00e4ll\u00e4 ja illalla tein 40 minuutin kotisalitreenin. V\u00e4synytt\u00e4 oli, joten sali j\u00e4i v\u00e4h\u00e4n tyng\u00e4ksi.<\/p>\n\n\n\n<p>My\u00f6s tiistaina py\u00f6r\u00e4ll\u00e4 t\u00f6iss\u00e4. Aamup\u00e4iv\u00e4ll\u00e4 k\u00e4vin juoksemassa Pere &#8211; Loukonlahti -lenkin. Matkaa kertyi v\u00e4h\u00e4n vajaat 12 kilometri\u00e4 ja aikaa kului pari minuuttia alle tunnin. En muista koska olisi jalat olleet n\u00e4in v\u00e4syneet ja voimattomat kuin tuolla lenkill\u00e4. Heti alusta asti tuntui, ettei jaksaisi yht\u00e4\u00e4n. Siihen n\u00e4hden 4:51 min\/km vauhti 124 bpm:n sykkeell\u00e4 oli ihan hyv\u00e4.<\/p>\n\n\n\n<p>Keskiviikkona olin kotikonttorilla, ja treeneist\u00e4 oli t\u00e4ysin vapaa p\u00e4iv\u00e4. Ainoa treeniin viittava asia p\u00e4iv\u00e4\u00e4n oli, ett\u00e4 DHL toi uuden polkupy\u00f6r\u00e4n rungon. Siit\u00e4 pit\u00e4isi talven aikana kasaille ensi kes\u00e4ksi retkipy\u00f6r\u00e4.<\/p>\n\n\n\n<figure class=\"wp-block-image size-large\"><img loading=\"lazy\" decoding=\"async\" width=\"1024\" height=\"419\" src=\"http:\/\/www.tomirinne.fi\/wp-content\/uploads\/2024\/08\/20240821_140432-1024x419.jpg\" alt=\"\" class=\"wp-image-2868\" srcset=\"http:\/\/www.tomirinne.fi\/wp-content\/uploads\/2024\/08\/20240821_140432-1024x419.jpg 1024w, http:\/\/www.tomirinne.fi\/wp-content\/uploads\/2024\/08\/20240821_140432-300x123.jpg 300w, http:\/\/www.tomirinne.fi\/wp-content\/uploads\/2024\/08\/20240821_140432-768x314.jpg 768w, http:\/\/www.tomirinne.fi\/wp-content\/uploads\/2024\/08\/20240821_140432-1536x629.jpg 1536w, http:\/\/www.tomirinne.fi\/wp-content\/uploads\/2024\/08\/20240821_140432-2048x839.jpg 2048w, http:\/\/www.tomirinne.fi\/wp-content\/uploads\/2024\/08\/20240821_140432-500x205.jpg 500w\" sizes=\"auto, (max-width: 1024px) 100vw, 1024px\" \/><\/figure>\n\n\n\n<p>Torstaina sitten taas t\u00f6iss\u00e4 py\u00f6r\u00e4ll\u00e4. Taas k\u00e4vin aamup\u00e4iv\u00e4ll\u00e4 juoksemassa. T\u00e4ll\u00e4 kertaa arboretumin ja etel\u00e4puiston kautta reilun 12 kilometrin lenkki 57 minuuttiin. Nyt jalka oli jo tuoreempi ja juoksu tuntui ihan hyv\u00e4lt\u00e4. Alussa vain suhjutti vett\u00e4, mutta puolen v\u00e4lin j\u00e4lkeen alkoi tulemaan isompaa tippaa ja lenkin aikana tulikin kastuttua ihan kunnolla, mutta kun l\u00e4mp\u00f6\u00e4 oli 18 astetta, niin kylm\u00e4 ei tullut. Lopussa otin vajaan kilsan reippaamman vedon. T\u00f6ist\u00e4 p\u00e4\u00e4sin polkemaan kuivassa s\u00e4\u00e4ss\u00e4.<\/p>\n\n\n\n<p>Perjantaina ty\u00f6matkapy\u00f6r\u00e4ilyt ja tunnin kotisalitreeni.<\/p>\n\n\n\n<p>Lauantaina olin koko p\u00e4iv\u00e4n pihahommissa. Aamup\u00e4iv\u00e4ll\u00e4 k\u00e4vin kuitenkin juoksemassa vajaan 16 kilometrin lenkin aikaan 1:17. P\u00e4\u00e4osin juoksin latupohjia pitkin. Ensin Lamminp\u00e4\u00e4n majalle ja sielt\u00e4 vedenottamon kautta kotiin, mutta Pikku-Ahveniston kirt\u00e4en. Ihan mukavasti juoksu kulki, vaikka lopussa alkoikin vasen takareisi jumittelemaan. S\u00e4\u00e4 oli muuten ihan hyv\u00e4, mutta kova etel\u00e4tuuli puski vastaan loppulenkist\u00e4.<\/p>\n\n\n\n<p>My\u00f6s sunnuntai oli kattop\u00e4iv\u00e4. Puolilta p\u00e4ivin k\u00e4vin kuitenkin polkemassa 55 kilometrin graveli-lenkin. Ensin poljin Teivon kautta Hietasm\u00e4keen josta suuntasin hiekkateit\u00e4 pitkin Takamaan taakse ja sielt\u00e4 Pentinmaan kautta Pinsi\u00f6\u00f6n. Pinsi\u00f6st\u00e4 suuntasin Mettisiin ja sielt\u00e4 Koukkuj\u00e4rvelle ja takaisin kotiin. P\u00e4\u00e4osin menin hiekkateit\u00e4 pitkin, mutta kyll\u00e4 asfalttiosuuksiakin oli. Aikaa kului 2:12, joten keskariksi tuli 25.2 km\/h. L\u00e4mp\u00f6\u00e4 oli viel\u00e4 23 astetta ja aurinko paisteli. Etel\u00e4tuuli puhalteli tosi kovin ja avoimilla paikoilla vastatuuliosuudet olivatkin melkoista v\u00e4\u00e4nt\u00e4mist\u00e4. <\/p>\n","protected":false},"excerpt":{"rendered":"<p>Viikko 34\/2024 (19.-25.8.2024) Kevennetty reeniviikko takana. Tuntim\u00e4\u00e4r\u00e4lt\u00e4\u00e4 koko kes\u00e4n matalin, mutta t\u00e4ytyy sit\u00e4 v\u00e4lill\u00e4 ottaa v\u00e4h\u00e4n kevyemmin, kun melkein kaikki kes\u00e4n viikot ovat olleet yli 15 tunnin viikkoja ja v\u00e4lill\u00e4 aika paljon p\u00e4\u00e4llekin. Edellisen lauantain pitk\u00e4 py\u00f6r\u00e4ily tuntui viel\u00e4 alkuviikon &hellip; <a href=\"http:\/\/www.tomirinne.fi\/?p=2867\">Continue reading <span class=\"meta-nav\">&rarr;<\/span><\/a><\/p>\n","protected":false},"author":1,"featured_media":0,"comment_status":"open","ping_status":"open","sticky":false,"template":"","format":"standard","meta":{"footnotes":""},"categories":[1],"tags":[],"class_list":["post-2867","post","type-post","status-publish","format-standard","hentry","category-uncategorized"],"_links":{"self":[{"href":"http:\/\/www.tomirinne.fi\/index.php?rest_route=\/wp\/v2\/posts\/2867","targetHints":{"allow":["GET"]}}],"collection":[{"href":"http:\/\/www.tomirinne.fi\/index.php?rest_route=\/wp\/v2\/posts"}],"about":[{"href":"http:\/\/www.tomirinne.fi\/index.php?rest_route=\/wp\/v2\/types\/post"}],"author":[{"embeddable":true,"href":"http:\/\/www.tomirinne.fi\/index.php?rest_route=\/wp\/v2\/users\/1"}],"replies":[{"embeddable":true,"href":"http:\/\/www.tomirinne.fi\/index.php?rest_route=%2Fwp%2Fv2%2Fcomments&post=2867"}],"version-history":[{"count":1,"href":"http:\/\/www.tomirinne.fi\/index.php?rest_route=\/wp\/v2\/posts\/2867\/revisions"}],"predecessor-version":[{"id":2870,"href":"http:\/\/www.tomirinne.fi\/index.php?rest_route=\/wp\/v2\/posts\/2867\/revisions\/2870"}],"wp:attachment":[{"href":"http:\/\/www.tomirinne.fi\/index.php?rest_route=%2Fwp%2Fv2%2Fmedia&parent=2867"}],"wp:term":[{"taxonomy":"category","embeddable":true,"href":"http:\/\/www.tomirinne.fi\/index.php?rest_route=%2Fwp%2Fv2%2Fcategories&post=2867"},{"taxonomy":"post_tag","embeddable":true,"href":"http:\/\/www.tomirinne.fi\/index.php?rest_route=%2Fwp%2Fv2%2Ftags&post=2867"}],"curies":[{"name":"wp","href":"https:\/\/api.w.org\/{rel}","templated":true}]}}