{"id":271,"date":"2009-08-12T21:44:19","date_gmt":"2009-08-12T18:44:19","guid":{"rendered":"http:\/\/www.tomirinne.net\/blogi\/?p=271"},"modified":"2009-08-12T21:44:19","modified_gmt":"2009-08-12T18:44:19","slug":"crocksittelua","status":"publish","type":"post","link":"http:\/\/www.tomirinne.fi\/?p=271","title":{"rendered":"Crocksittelua"},"content":{"rendered":"<p>Tunturisuunnistuksen j\u00e4lkeinen alkuviikko on kulunut oikean jalan akillesj\u00e4nnett\u00e4 potiessa. Mink\u00e4\u00e4n n\u00e4k\u00f6ist\u00e4 liikunnallista aktiivisuutta ei ole voinut suorittaa sill\u00e4 kenk\u00e4\u00e4 j\u00e4nne ei sied\u00e4 yht\u00e4\u00e4n. Liikkumaan ulkona on sent\u00e4\u00e4n v\u00e4h\u00e4n p\u00e4\u00e4ssyt kun Crockseilla pystyy suht kivuitta kuitenkin k\u00e4velem\u00e4\u00e4n. Eilen tosin kun k\u00e4ytiin Kevon kansallispuistossa tekem\u00e4ss\u00e4 muutaman kilsan k\u00e4velylenkki ja sonnustauduin sinne krokoihin ja neopreenisukiin, niin yl\u00e4m\u00e4kiosuuksilla j\u00e4nnett\u00e4 alkoi kolottamaan.<\/p>\n<p>T\u00e4n\u00e4\u00e4n kun rantauduimme Utsjoelta Yll\u00e4ksen m\u00f6kille k\u00e4vin kokeilemassa mit\u00e4 AJ sanoo jos k\u00e4velen m\u00f6kilt\u00e4 alarinteest\u00e4 yl\u00f6s Yll\u00e4s-hotelleile. Krokoilla ei tuntunut mink\u00e4\u00e4nlaista kipua, mutta vaelluskeng\u00e4ll\u00e4 tuntui pahalta tasaisellakin. Ei siis tied\u00e4 kovin hyv\u00e4\u00e4 kolmen p\u00e4iv\u00e4n p\u00e4\u00e4st\u00e4 olevaan Rogaining-kisaan. Jos perjantaina j\u00e4nne viel\u00e4 kipeytyy keng\u00e4n kanssa, niin sitten pit\u00e4\u00e4 alkaa tekem\u00e4\u00e4n jotain modifikaatioita vanhoihin suunnistuskenkiin kantap\u00e4\u00e4n kohdalle.<\/p>\n<p>Toisaalta t\u00e4ss\u00e4 on viimeaikoina kaveri- ja tuttavapiiriss\u00e4 tapahtunut sellaisia asioita, ett\u00e4 ei oikein kehtaisi yhdest\u00e4 akillesj\u00e4nnevaivasta valittaa. N\u00e4m\u00e4 minun murheeni ovat pieni\u00e4 niiden rinnalla.<\/p>\n","protected":false},"excerpt":{"rendered":"<p>Tunturisuunnistuksen j\u00e4lkeinen alkuviikko on kulunut oikean jalan akillesj\u00e4nnett\u00e4 potiessa. Mink\u00e4\u00e4n n\u00e4k\u00f6ist\u00e4 liikunnallista aktiivisuutta ei ole voinut suorittaa sill\u00e4 kenk\u00e4\u00e4 j\u00e4nne ei sied\u00e4 yht\u00e4\u00e4n. Liikkumaan ulkona on sent\u00e4\u00e4n v\u00e4h\u00e4n p\u00e4\u00e4ssyt kun Crockseilla pystyy suht kivuitta kuitenkin k\u00e4velem\u00e4\u00e4n. Eilen tosin kun k\u00e4ytiin &hellip; <a href=\"http:\/\/www.tomirinne.fi\/?p=271\">Continue reading <span class=\"meta-nav\">&rarr;<\/span><\/a><\/p>\n","protected":false},"author":1,"featured_media":0,"comment_status":"open","ping_status":"open","sticky":false,"template":"","format":"standard","meta":{"footnotes":""},"categories":[4],"tags":[],"class_list":["post-271","post","type-post","status-publish","format-standard","hentry","category-muuta"],"_links":{"self":[{"href":"http:\/\/www.tomirinne.fi\/index.php?rest_route=\/wp\/v2\/posts\/271","targetHints":{"allow":["GET"]}}],"collection":[{"href":"http:\/\/www.tomirinne.fi\/index.php?rest_route=\/wp\/v2\/posts"}],"about":[{"href":"http:\/\/www.tomirinne.fi\/index.php?rest_route=\/wp\/v2\/types\/post"}],"author":[{"embeddable":true,"href":"http:\/\/www.tomirinne.fi\/index.php?rest_route=\/wp\/v2\/users\/1"}],"replies":[{"embeddable":true,"href":"http:\/\/www.tomirinne.fi\/index.php?rest_route=%2Fwp%2Fv2%2Fcomments&post=271"}],"version-history":[{"count":0,"href":"http:\/\/www.tomirinne.fi\/index.php?rest_route=\/wp\/v2\/posts\/271\/revisions"}],"wp:attachment":[{"href":"http:\/\/www.tomirinne.fi\/index.php?rest_route=%2Fwp%2Fv2%2Fmedia&parent=271"}],"wp:term":[{"taxonomy":"category","embeddable":true,"href":"http:\/\/www.tomirinne.fi\/index.php?rest_route=%2Fwp%2Fv2%2Fcategories&post=271"},{"taxonomy":"post_tag","embeddable":true,"href":"http:\/\/www.tomirinne.fi\/index.php?rest_route=%2Fwp%2Fv2%2Ftags&post=271"}],"curies":[{"name":"wp","href":"https:\/\/api.w.org\/{rel}","templated":true}]}}