{"id":249,"date":"2009-07-05T23:13:47","date_gmt":"2009-07-05T20:13:47","guid":{"rendered":"http:\/\/www.tomirinne.net\/blogi\/?p=249"},"modified":"2009-07-05T23:13:47","modified_gmt":"2009-07-05T20:13:47","slug":"bodossa","status":"publish","type":"post","link":"http:\/\/www.tomirinne.fi\/?p=249","title":{"rendered":"Bodossa"},"content":{"rendered":"<p>Kolme p\u00e4iv\u00e4\u00e4 Norjaa olisi nyt takana. T\u00e4ytyy my\u00f6nt\u00e4\u00e4, ett\u00e4 melkoisen hulppeat maisemat paikallisilla asukkailla on ymp\u00e4rill\u00e4\u00e4n. Ensimm\u00e4isen ja toisen p\u00e4ivien suunnistusmaastotkin oli sellaisessa paikassa, ett\u00e4 lumihuippuja n\u00e4kyi joka puolella. Onneksi niille ei tarvinnut kavuta. Kartan luku oli suositeltavaa tehd\u00e4 vauhdissa, sill\u00e4 pys\u00e4htyminen aiheutti sen, ett\u00e4 kimpussa oli kaksi tai jopa kolme (tuhatta) paarmaa iskem\u00e4ss\u00e4 hampaitaan suomalaiseen lihaan.<\/p>\n<p><img loading=\"lazy\" decoding=\"async\" class=\"alignnone size-medium wp-image-250\" title=\"kisakeskus1\" src=\"http:\/\/www.tomirinne.net\/blogi\/wp-content\/uploads\/2009\/07\/kisakeskus1-300x225.jpg\" alt=\"kisakeskus1\" width=\"300\" height=\"225\" srcset=\"http:\/\/www.tomirinne.fi\/wp-content\/uploads\/2009\/07\/kisakeskus1-300x225.jpg 300w, http:\/\/www.tomirinne.fi\/wp-content\/uploads\/2009\/07\/kisakeskus1-1024x768.jpg 1024w, http:\/\/www.tomirinne.fi\/wp-content\/uploads\/2009\/07\/kisakeskus1-768x576.jpg 768w, http:\/\/www.tomirinne.fi\/wp-content\/uploads\/2009\/07\/kisakeskus1-1536x1152.jpg 1536w, http:\/\/www.tomirinne.fi\/wp-content\/uploads\/2009\/07\/kisakeskus1-2048x1536.jpg 2048w, http:\/\/www.tomirinne.fi\/wp-content\/uploads\/2009\/07\/kisakeskus1-1568x1176.jpg 1568w\" sizes=\"auto, (max-width: 300px) 100vw, 300px\" \/><br \/>\n1. ja 2. pv:n kisakeskuksesta<\/p>\n<p>Lauantain kisa oli alkuun v\u00e4h\u00e4n maaston opiskelua, sill\u00e4 korkeusk\u00e4yr\u00e4\u00e4, suota ja aluskasvillisuutta riitti. Parhaita etenemisreittej\u00e4 olivat avosuot, sill\u00e4 ne olivat kuivia ja suht tasaisia juosta. Aluskasvillisuutta oli paikoin leukaan asti ja kun nousu- tai laskukulma oli paikoin ihan riitt\u00e4v\u00e4, niin tarkkana sai olla. Ensimm\u00e4isen p\u00e4iv\u00e4n matka oli 7 km ja aikaa siihen vier\u00e4hti 1:17. Sill\u00e4 ei ihan k\u00e4rkip\u00e4\u00e4h\u00e4n p\u00e4\u00e4sty, mutta kyll\u00e4 taaksekin muutama viel\u00e4 j\u00e4i.<\/p>\n<p>Sunnuntain kisassa aurinko ei porottanut niin kuin lauantaina ja paarmatkin olivat n\u00e4in v\u00e4hemm\u00e4ss\u00e4. Matka tosin oli pari km pidempi joten kyll\u00e4 hiki virtasi t\u00e4n\u00e4\u00e4nkin. Mit\u00e4\u00e4n isoja pummeja ei tullut vaikka rinnerasteja olikin j\u00e4lleen ihan riitt\u00e4miin. Aikaa 8.9 km reissuun meni 1:27 ja sijoitus samaa luokkaa kuin lauantainakin.<\/p>\n<p>Sunnuntaina k\u00e4ytiin viel\u00e4 tekem\u00e4ss\u00e4 kolmen tunnin ja 12 km:n vaellus Steigtind:n 793 m korkealle huipulle. Eip\u00e4 ole ennen tullut koettua sellaisia n\u00e4kymi\u00e4 mit\u00e4 sielt\u00e4 n\u00e4ki. Luntakin viel\u00e4 oli ja jokunen porokin viiletti editse.<\/p>\n<p><img loading=\"lazy\" decoding=\"async\" class=\"alignnone size-medium wp-image-251\" title=\"huipulla2\" src=\"http:\/\/www.tomirinne.net\/blogi\/wp-content\/uploads\/2009\/07\/huipulla2-300x225.jpg\" alt=\"huipulla2\" width=\"300\" height=\"225\" srcset=\"http:\/\/www.tomirinne.fi\/wp-content\/uploads\/2009\/07\/huipulla2-300x225.jpg 300w, http:\/\/www.tomirinne.fi\/wp-content\/uploads\/2009\/07\/huipulla2-1024x768.jpg 1024w, http:\/\/www.tomirinne.fi\/wp-content\/uploads\/2009\/07\/huipulla2-768x576.jpg 768w, http:\/\/www.tomirinne.fi\/wp-content\/uploads\/2009\/07\/huipulla2.jpg 1280w\" sizes=\"auto, (max-width: 300px) 100vw, 300px\" \/><br \/>\nSteigtind:n huipulta<\/p>\n<p>Huomenna maanantaina on vuorossa iltakisa. Pimeyden yll\u00e4tt\u00e4misest\u00e4 ei ole pelkoa, sill\u00e4 viel\u00e4 ainakin kello yhdelt\u00e4toista aurinko paistaa viel\u00e4 niin korkealta, kuin p\u00e4iv\u00e4 olisi viel\u00e4 parhaimmillaan. Kisakeskuskin vaihtuu kahdelle viimeiselle p\u00e4iv\u00e4lle siten, ett\u00e4 ajomatka majapaikalta on vain n. 15 km, kun kahtena ensimm\u00e4isen\u00e4 p\u00e4iv\u00e4n\u00e4 ajoa tuli n.70 km suuntaansa.<\/p>\n<p>Muutamaan norjalaiseen erikoisuuteen on tullut t\u00f6rm\u00e4tty\u00e4, mit\u00e4 Suomessa en ole n\u00e4hnyt. Yksi oli kaupoissa oleva leiv\u00e4n leikkuukone. Koneeseen heitettiin p\u00f6tk\u00f6 br\u00f6di\u00e4 ja pienen suristelun j\u00e4lkeen se sylk\u00e4isi ulos siivutetun leiv\u00e4n. N\u00e4pp\u00e4r\u00e4 vekotin &#8211; en tosin ole viel\u00e4 kehdannut kokeilla mit\u00e4 se sylkee ulos jos sinne heitt\u00e4\u00e4 kurkun tai banaanin. Toinen j\u00e4nn\u00e4 k\u00e4yt\u00e4nt\u00f6 on kolmikaistaiset tiet, joista keskimm\u00e4inen kaista on valo-ohjatusti k\u00e4yt\u00f6ss\u00e4 jompaan kumpaan suuntaan &#8211; varmaankin ruuhka-aika helpotus.<\/p>\n<p>Majapaikka on my\u00f6s ihan mainio. Parvekkeelta merin\u00e4k\u00f6alat, muutama komea saari l\u00e4hiet\u00e4isyydell\u00e4 ja horisontissa siint\u00e4\u00e4 Lofootit. Yksi mysteeri kyll\u00e4 t\u00e4st\u00e4kin paikasta l\u00f6ytyy, sill\u00e4 vessan toisen valon kytkint\u00e4 emme ole l\u00f6yt\u00e4neet, joten se on p\u00e4\u00e4ll\u00e4 24&#215;7. Televisioon omistaja toi uuden kaukos\u00e4\u00e4timen samalla kertaa kun saimme avaimetkin, mutta patterit siit\u00e4 edellen puuttui. Patterit tuotiin muutaman p\u00e4iv\u00e4n p\u00e4\u00e4st\u00e4, mutta silloinkin yhden liian v\u00e4h\u00e4n. Tosin eip\u00e4 t\u00e4ss\u00e4 kaukos\u00e4\u00e4dint\u00e4 juuri ole tarvittu, kun TV:st\u00e4 n\u00e4kyy vain kaksi kanavaa ja nekin huonosti. N\u00e4htiin sent\u00e4\u00e4n perjantaina kun suomalaiset pesiv\u00e4t norskin keih\u00e4\u00e4nheitossa Bisletill\u00e4. Sauna olisi kyll\u00e4 kiva, vaikka huoneiston yl\u00e4kerta onkin l\u00e4mm\u00f6ilt\u00e4\u00e4n samaa luokkaa, ainakin iltaisin, kun aurinko paistaa yhden sein\u00e4n t\u00e4ydelt\u00e4 sis\u00e4\u00e4n plus parista kattoikkunasta. Onneksi nukkumapaikat on alakerrassa ja siell\u00e4 on ihan inhimillinen l\u00e4mp\u00f6.<\/p>\n<p>Ty\u00f6asiatkin meinasi pullahtaa esiin, sill\u00e4 k\u00e4vi ilmi, ett\u00e4 naapurissa asustaa joku Valmarinen-heppu&#8230; kyll\u00e4 maailma on niiiin pieni.<\/p>\n<p>Lis\u00e4\u00e4 kuvia on tulossa jakoon kunhan vaan p\u00e4\u00e4st\u00e4\u00e4n parempiin kuin k\u00e4nnykk\u00e4-datanyhteyksiin kiinni.<\/p>\n","protected":false},"excerpt":{"rendered":"<p>Kolme p\u00e4iv\u00e4\u00e4 Norjaa olisi nyt takana. T\u00e4ytyy my\u00f6nt\u00e4\u00e4, ett\u00e4 melkoisen hulppeat maisemat paikallisilla asukkailla on ymp\u00e4rill\u00e4\u00e4n. Ensimm\u00e4isen ja toisen p\u00e4ivien suunnistusmaastotkin oli sellaisessa paikassa, ett\u00e4 lumihuippuja n\u00e4kyi joka puolella. Onneksi niille ei tarvinnut kavuta. Kartan luku oli suositeltavaa tehd\u00e4 vauhdissa, &hellip; <a href=\"http:\/\/www.tomirinne.fi\/?p=249\">Continue reading <span class=\"meta-nav\">&rarr;<\/span><\/a><\/p>\n","protected":false},"author":1,"featured_media":0,"comment_status":"open","ping_status":"open","sticky":false,"template":"","format":"standard","meta":{"footnotes":""},"categories":[6],"tags":[],"class_list":["post-249","post","type-post","status-publish","format-standard","hentry","category-treeniraportti"],"_links":{"self":[{"href":"http:\/\/www.tomirinne.fi\/index.php?rest_route=\/wp\/v2\/posts\/249","targetHints":{"allow":["GET"]}}],"collection":[{"href":"http:\/\/www.tomirinne.fi\/index.php?rest_route=\/wp\/v2\/posts"}],"about":[{"href":"http:\/\/www.tomirinne.fi\/index.php?rest_route=\/wp\/v2\/types\/post"}],"author":[{"embeddable":true,"href":"http:\/\/www.tomirinne.fi\/index.php?rest_route=\/wp\/v2\/users\/1"}],"replies":[{"embeddable":true,"href":"http:\/\/www.tomirinne.fi\/index.php?rest_route=%2Fwp%2Fv2%2Fcomments&post=249"}],"version-history":[{"count":0,"href":"http:\/\/www.tomirinne.fi\/index.php?rest_route=\/wp\/v2\/posts\/249\/revisions"}],"wp:attachment":[{"href":"http:\/\/www.tomirinne.fi\/index.php?rest_route=%2Fwp%2Fv2%2Fmedia&parent=249"}],"wp:term":[{"taxonomy":"category","embeddable":true,"href":"http:\/\/www.tomirinne.fi\/index.php?rest_route=%2Fwp%2Fv2%2Fcategories&post=249"},{"taxonomy":"post_tag","embeddable":true,"href":"http:\/\/www.tomirinne.fi\/index.php?rest_route=%2Fwp%2Fv2%2Ftags&post=249"}],"curies":[{"name":"wp","href":"https:\/\/api.w.org\/{rel}","templated":true}]}}