{"id":2341,"date":"2022-11-13T18:38:42","date_gmt":"2022-11-13T16:38:42","guid":{"rendered":"http:\/\/www.tomirinne.fi\/?p=2341"},"modified":"2022-11-13T18:38:42","modified_gmt":"2022-11-13T16:38:42","slug":"pystya-ja-vaakaa","status":"publish","type":"post","link":"http:\/\/www.tomirinne.fi\/?p=2341","title":{"rendered":"Pysty\u00e4 ja vaakaa"},"content":{"rendered":"\n<p>Viikko 45\/2022 (7.-13.11.2022)<\/p>\n\n\n\n<p>T\u00e4m\u00e4kin viikko ollaan k\u00e4rvistelty selk\u00e4vaivojen kynsiss\u00e4. Harjoitusp\u00e4iv\u00e4kirjaan ei tullut kuin maanantaille ty\u00f6matkapy\u00f6r\u00e4ilyt ja my\u00f6s jalkahieronta. Se olikin ainoa p\u00e4iv\u00e4 kun olin koko p\u00e4iv\u00e4n konttorilla. Parina muuna iltap\u00e4iv\u00e4n\u00e4 k\u00e4vin pikaisesti autolla konttorilla, mutta ne olivat vain pikavisiittej\u00e4. Johtuukohan aktiviteetien v\u00e4nemenisest\u00e4, ett\u00e4 selk\u00e4 on mennyt viikon mittaan vain huonompaan suuntaan. Istuminen on ihan myrkky\u00e4 ja pidempi staattinen seisominenkin ei ole hyv\u00e4ksi, vaan alaselk\u00e4\u00e4 \/ kankkua alkaa polttamaan ihan viet\u00e4v\u00e4sti. P\u00e4\u00e4osin olen tehnyt t\u00f6it\u00e4 pystyasennossa koko kotikonttoriajan. Puolisen tuntia on pystynyt kerralla pystyasennossa ty\u00f6skentelem\u00e4\u00e4n sitten on pit\u00e4nyt menn\u00e4 joko lattialle tai s\u00e4ngylle makaamaan mahalleen muutamaksi minuutiksi, sitten helpottaa. Viikonloppuna tein paljon ulkohommia &#8211; klapeja ja muuta sellaista ja heti oli tuntemukset paljon paremmat kuin p\u00e4\u00e4si koko ajan v\u00e4h\u00e4n teputtamaan.<\/p>\n\n\n\n<p>Tiistaina ja perjantaina k\u00e4vin selk\u00e4fixaajalla. H\u00e4nen mielest\u00e4\u00e4n ongelma ei ole rangassa vaan nelikulmaisessa lannelihaksessa joka on varmaankin tulehtunut \u00e4rh\u00e4kk\u00e4\u00e4sti. Syy siihen ett\u00e4 se on nyt niin kivulias, on varmaankin pitk\u00e4aikaiset kireydet, maraton ja viimeinen niitti oli sulkapallo. Perimm\u00e4inen syy ongemiin on kuulemma keskivartalon lihasten ep\u00e4tasapaino. Toinen puoli on tosi vahva ja jumissa, toiselta puolelta puuttuvat lihakset. T\u00e4m\u00e4 vet\u00e4\u00e4 lantion v\u00e4\u00e4r\u00e4\u00e4n asentoo ja aiheutta kipuja. Nyt pit\u00e4isi saada paikat ensin kivuttomiksi ja sitten aloittaa lihastasapainoa parantava voimaharjoittelu.<\/p>\n","protected":false},"excerpt":{"rendered":"<p>Viikko 45\/2022 (7.-13.11.2022) T\u00e4m\u00e4kin viikko ollaan k\u00e4rvistelty selk\u00e4vaivojen kynsiss\u00e4. Harjoitusp\u00e4iv\u00e4kirjaan ei tullut kuin maanantaille ty\u00f6matkapy\u00f6r\u00e4ilyt ja my\u00f6s jalkahieronta. Se olikin ainoa p\u00e4iv\u00e4 kun olin koko p\u00e4iv\u00e4n konttorilla. Parina muuna iltap\u00e4iv\u00e4n\u00e4 k\u00e4vin pikaisesti autolla konttorilla, mutta ne olivat vain pikavisiittej\u00e4. Johtuukohan &hellip; <a href=\"http:\/\/www.tomirinne.fi\/?p=2341\">Continue reading <span class=\"meta-nav\">&rarr;<\/span><\/a><\/p>\n","protected":false},"author":1,"featured_media":0,"comment_status":"open","ping_status":"open","sticky":false,"template":"","format":"standard","meta":{"footnotes":""},"categories":[6],"tags":[],"class_list":["post-2341","post","type-post","status-publish","format-standard","hentry","category-treeniraportti"],"_links":{"self":[{"href":"http:\/\/www.tomirinne.fi\/index.php?rest_route=\/wp\/v2\/posts\/2341","targetHints":{"allow":["GET"]}}],"collection":[{"href":"http:\/\/www.tomirinne.fi\/index.php?rest_route=\/wp\/v2\/posts"}],"about":[{"href":"http:\/\/www.tomirinne.fi\/index.php?rest_route=\/wp\/v2\/types\/post"}],"author":[{"embeddable":true,"href":"http:\/\/www.tomirinne.fi\/index.php?rest_route=\/wp\/v2\/users\/1"}],"replies":[{"embeddable":true,"href":"http:\/\/www.tomirinne.fi\/index.php?rest_route=%2Fwp%2Fv2%2Fcomments&post=2341"}],"version-history":[{"count":1,"href":"http:\/\/www.tomirinne.fi\/index.php?rest_route=\/wp\/v2\/posts\/2341\/revisions"}],"predecessor-version":[{"id":2342,"href":"http:\/\/www.tomirinne.fi\/index.php?rest_route=\/wp\/v2\/posts\/2341\/revisions\/2342"}],"wp:attachment":[{"href":"http:\/\/www.tomirinne.fi\/index.php?rest_route=%2Fwp%2Fv2%2Fmedia&parent=2341"}],"wp:term":[{"taxonomy":"category","embeddable":true,"href":"http:\/\/www.tomirinne.fi\/index.php?rest_route=%2Fwp%2Fv2%2Fcategories&post=2341"},{"taxonomy":"post_tag","embeddable":true,"href":"http:\/\/www.tomirinne.fi\/index.php?rest_route=%2Fwp%2Fv2%2Ftags&post=2341"}],"curies":[{"name":"wp","href":"https:\/\/api.w.org\/{rel}","templated":true}]}}