{"id":2271,"date":"2022-07-31T18:30:43","date_gmt":"2022-07-31T15:30:43","guid":{"rendered":"http:\/\/www.tomirinne.fi\/?p=2271"},"modified":"2022-07-31T18:30:43","modified_gmt":"2022-07-31T15:30:43","slug":"voihan-raka","status":"publish","type":"post","link":"http:\/\/www.tomirinne.fi\/?p=2271","title":{"rendered":"Voihan r\u00e4k\u00e4!"},"content":{"rendered":"\n<p>Viikko 30\/2022 (25.-31.7.2022)<\/p>\n\n\n\n<p>Viides ja viimeinen kes\u00e4lomaviikko ei mennytk\u00e4\u00e4n sitten suunnitelmien mukaisesti. Viikon piti olla kevy treenien osalta sill\u00e4 sunnuntaina oli kes\u00e4n p\u00e4\u00e4kisa Challenge Turun puolimatka. Viikosta tuli kuitenkin totaalilepo, sill\u00e4 jo sunnuntaiehtoon karhiva kurkku pohjusti t\u00e4m\u00e4n viikon sairastelut.<\/p>\n\n\n\n<p>Maanantai oli viel\u00e4 ihan ok-p\u00e4iv\u00e4. Pari kertaa tuli k\u00e4yty\u00e4 jopa mustikoilla ja muutenkaan p\u00e4iv\u00e4ll\u00e4 ei ollut viel\u00e4 mit\u00e4\u00e4n muuta kuin p\u00e4\u00e4ns\u00e4rky\u00e4, ja t\u00e4ll\u00e4 verukkeella j\u00e4tin uintitreenin v\u00e4liin. Iltaa my\u00f6den veto alkoi kuitenkin hiipumaan ja y\u00f6ll\u00e4 oli jo melko heikko olo ja varmaan kuumettakin &#8211; olin varma, ett\u00e4 nyt oli iskenyt korona, vaikka en oikein tied\u00e4 mist\u00e4 se olisi tullut, kun ket\u00e4\u00e4 ihmisi\u00e4 ei ollut tullut oikein tavattuakaan useampaan p\u00e4iv\u00e4\u00e4n.<\/p>\n\n\n\n<p>Tiistaiaamuna olo oli v\u00e4h\u00e4n kohentunut, mutta p\u00e4\u00e4timme silti \u00e4nke\u00e4 m\u00f6kkikamppeet autoon ja suunnata kohti kotia. Illalla oli v\u00e4h\u00e4n kuumetta, mutta koronatesti n\u00e4ytti negatiivista. Nokka alkoi t\u00e4ss\u00e4 vaiheessa vet\u00e4m\u00e4\u00e4n my\u00f6s tukkoon.<\/p>\n\n\n\n<p>Keskiviikko pelkk\u00e4\u00e4 lep\u00e4ily\u00e4 ja elokuvien katselua. Illalla viel\u00e4 v\u00e4h\u00e4n kuumetta. Luotto oli viel\u00e4 kova (tai ainakin jonkinmoinen), ett\u00e4 sunnuntaina voisi p\u00e4\u00e4st\u00e4 viivalle.<\/p>\n\n\n\n<p>Oli ajatellut, ett\u00e4 perjantaina terveydentilan pit\u00e4isi olla sen verran hyv\u00e4ss\u00e4 kunnossa, ett\u00e4 pit\u00e4isi p\u00e4\u00e4st\u00e4 tekem\u00e4\u00e4n pienet juoksu- sek\u00e4 py\u00f6r\u00e4ilylenkit, jotta sunnuntaina voisi kisailla. Torstai meni kuitenkin viel\u00e4 lep\u00e4iless\u00e4 television \u00e4\u00e4ress\u00e4. Torstain korona-testikin n\u00e4ytti negatiivist\u00e4, eik\u00e4 illallakaan ollut en\u00e4\u00e4 kuumetta. R\u00e4k\u00e4 kuitenkin lensi viel\u00e4 melkoisesti.<\/p>\n\n\n\n<p>Perjantaina olotila olikin sitten jo v\u00e4h\u00e4n parempi, vaikka nokka olikin edellen tukossa ja nen\u00e4liinaa kului. Siksi en uskaltanut l\u00e4hte\u00e4 kokeilemaan juoksua tai py\u00f6r\u00e4ily\u00e4. Suunnitelmana kuitenkin oli, ett\u00e4 lauantaina l\u00e4hdet\u00e4\u00e4n Turkuun ja otetaan kamppeet mukaan, ja sunnuntaina katsotaan uskaltaako kisailla. Sen verran parempi olo oli, ett\u00e4 pihalla tuli v\u00e4h\u00e4n puuhasteltua, nurmikkoa ajettua yms. Kisakamppeitakin tuli jo ker\u00e4ilty\u00e4 kasaan. Illalla olo oli ihan ok, mutta kuumemittari n\u00e4ytti v\u00e4h\u00e4n kohonnutta l\u00e4mp\u00f6\u00e4.<\/p>\n\n\n\n<p>Lauantain vastainen y\u00f6 olikin sitten huono. Kuono oli niin tukossa, ett\u00e4 ei oikein tuntunut nukkumisestakaan tulevan mit\u00e4\u00e4n &#8211; ei edes Tuulilla, joka siirtyikin jossain vaiheessa yl\u00e4kertaan nukkumaan. Aamulla oli sen verran tukkoista, ett\u00e4 oli selv\u00e4\u00e4, ettei sunnuntaina pysty mitenk\u00e4\u00e4n kisaamaan. K\u00e4vin hakemassa terveyskeskuksesta sairaustodistuksen ja peruin kisan. Samalla peruttiin koko Turun reissu, kun ei ollut mit\u00e4\u00e4n j\u00e4rke\u00e4 l\u00e4hte\u00e4 hotelliin r\u00e4kim\u00e4\u00e4n.<\/p>\n\n\n\n<p>Sunnuntain vastainen y\u00f6 oli jo sen puolesta v\u00e4h\u00e4n parempi, ettei nokka ollut ihan niin tukossa kuin edellisen\u00e4 y\u00f6n\u00e4, mutta ysk\u00e4 ja kr\u00f6h\u00e4 olivat nyt pahimmillaan, ja siit\u00e4 seurasi taas se, ett\u00e4 yksin sain y\u00f6ni s\u00e4ngyss\u00e4 nukkua. &#8220;Kisap\u00e4iv\u00e4n\u00e4kin&#8221; oli kuitenkin sellainen olo, ett\u00e4 oli ihan oikea ratkaisu j\u00e4\u00e4d\u00e4 kisasta pois. P\u00e4iv\u00e4 tuli kuitenkin oltua ulkona ja tehty\u00e4 pihahommia. Huomenna sitten n\u00e4kee, ett\u00e4 ottiko toipuminen takapakkia pihalla olosta. <\/p>\n","protected":false},"excerpt":{"rendered":"<p>Viikko 30\/2022 (25.-31.7.2022) Viides ja viimeinen kes\u00e4lomaviikko ei mennytk\u00e4\u00e4n sitten suunnitelmien mukaisesti. Viikon piti olla kevy treenien osalta sill\u00e4 sunnuntaina oli kes\u00e4n p\u00e4\u00e4kisa Challenge Turun puolimatka. Viikosta tuli kuitenkin totaalilepo, sill\u00e4 jo sunnuntaiehtoon karhiva kurkku pohjusti t\u00e4m\u00e4n viikon sairastelut. Maanantai &hellip; <a href=\"http:\/\/www.tomirinne.fi\/?p=2271\">Continue reading <span class=\"meta-nav\">&rarr;<\/span><\/a><\/p>\n","protected":false},"author":1,"featured_media":0,"comment_status":"open","ping_status":"open","sticky":false,"template":"","format":"standard","meta":{"footnotes":""},"categories":[6],"tags":[],"class_list":["post-2271","post","type-post","status-publish","format-standard","hentry","category-treeniraportti"],"_links":{"self":[{"href":"http:\/\/www.tomirinne.fi\/index.php?rest_route=\/wp\/v2\/posts\/2271","targetHints":{"allow":["GET"]}}],"collection":[{"href":"http:\/\/www.tomirinne.fi\/index.php?rest_route=\/wp\/v2\/posts"}],"about":[{"href":"http:\/\/www.tomirinne.fi\/index.php?rest_route=\/wp\/v2\/types\/post"}],"author":[{"embeddable":true,"href":"http:\/\/www.tomirinne.fi\/index.php?rest_route=\/wp\/v2\/users\/1"}],"replies":[{"embeddable":true,"href":"http:\/\/www.tomirinne.fi\/index.php?rest_route=%2Fwp%2Fv2%2Fcomments&post=2271"}],"version-history":[{"count":2,"href":"http:\/\/www.tomirinne.fi\/index.php?rest_route=\/wp\/v2\/posts\/2271\/revisions"}],"predecessor-version":[{"id":2273,"href":"http:\/\/www.tomirinne.fi\/index.php?rest_route=\/wp\/v2\/posts\/2271\/revisions\/2273"}],"wp:attachment":[{"href":"http:\/\/www.tomirinne.fi\/index.php?rest_route=%2Fwp%2Fv2%2Fmedia&parent=2271"}],"wp:term":[{"taxonomy":"category","embeddable":true,"href":"http:\/\/www.tomirinne.fi\/index.php?rest_route=%2Fwp%2Fv2%2Fcategories&post=2271"},{"taxonomy":"post_tag","embeddable":true,"href":"http:\/\/www.tomirinne.fi\/index.php?rest_route=%2Fwp%2Fv2%2Ftags&post=2271"}],"curies":[{"name":"wp","href":"https:\/\/api.w.org\/{rel}","templated":true}]}}