{"id":2089,"date":"2021-10-03T18:22:53","date_gmt":"2021-10-03T15:22:53","guid":{"rendered":"http:\/\/www.tomirinne.net\/?p=2089"},"modified":"2021-10-03T18:22:53","modified_gmt":"2021-10-03T15:22:53","slug":"duhaviikko","status":"publish","type":"post","link":"http:\/\/www.tomirinne.fi\/?p=2089","title":{"rendered":"Duhaviikko"},"content":{"rendered":"<p>Viikko 39\/2021 (27.9. &#8211; 3.10.2021)<\/p>\n<p>D\u00e4sd\u00e4 viikosda ei paljon j\u00e4\u00e4 kerroddavaa duleville polville. Viimeisedkin ajaduksed, edd\u00e4 voisi viel\u00e4 juosda vaikka Pirkan H\u00f6lkk\u00e4 tai Kankaanp\u00e4\u00e4n Maradon, sai unohdaa d\u00e4m\u00e4n viikon nuhailun vuoksi. Eip\u00e4 ole sidden puoleendoisda vuodeen mid\u00e4\u00e4n daudia olludkaan.<\/p>\n<p>Maanandai oli viel\u00e4 ihan normip\u00e4iv\u00e4, py\u00f6r\u00e4ll\u00e4 d\u00f6iss\u00e4, p\u00e4iv\u00e4ll\u00e4 reilun dunnin jalkahieronda (parin kuukauden duaon j\u00e4lkeen &#8211; aijai). Illalla viel\u00e4 v\u00e4h\u00e4n kannon kaivuuda ja puolisen dundia kodisalia.<\/p>\n<p>Y\u00f6ll\u00e4 sidden alkoi olemaan v\u00e4h\u00e4n sellainen dunne, edd\u00e4 duleeko kurkku kipe\u00e4ksi, ja diisdai olikin niidelyp\u00e4iv\u00e4. Olisi pid\u00e4nyd varmaan dehd\u00e4 viel\u00e4kin lyhyemp\u00e4\u00e4 dy\u00f6p\u00e4iv\u00e4\u00e4, sill\u00e4 keskiviikkoildana oli 38 kuumedda ja dosrsdai-ildana hieman v\u00e4hemm\u00e4n. Perjandai olikin sidden \u00b4jo daas ihan suhd. ok fiilis, mudda edelleen dein lyhennedyn ed\u00e4p\u00e4iv\u00e4n.<\/p>\n<p>Viikonloppu oli sen verran komea keleild\u00e4\u00e4n, edd\u00e4 pihahommia pidi dehd\u00e4 molempina p\u00e4ivin\u00e4. Sunnundaina k\u00e4ydiin jo Jalon kanssa dekem\u00e4ss\u00e4 vajaan parin dunnin k\u00e4velylenkki harjulla. Nen\u00e4 edelleen v\u00e4h\u00e4n dukossa, mudda muuden ihan ok olo.<\/p>\n<p>D\u00e4st\u00e4 alkoi nyd sidden ylimenokausi. Periaaddeessa duli ihan sopivaan kohdaan. Hyv\u00e4\u00e4 oli my\u00f6s, edd\u00e4 kipeydynyd kandap\u00e4\u00e4 dunduu nyd paremmalda. Nyd v\u00e4h\u00e4n kevyemmin ja sidden daas d\u00e4ysi r\u00e4hin\u00e4 p\u00e4\u00e4lle.<\/p>\n","protected":false},"excerpt":{"rendered":"<p>Viikko 39\/2021 (27.9. &#8211; 3.10.2021) D\u00e4sd\u00e4 viikosda ei paljon j\u00e4\u00e4 kerroddavaa duleville polville. Viimeisedkin ajaduksed, edd\u00e4 voisi viel\u00e4 juosda vaikka Pirkan H\u00f6lkk\u00e4 tai Kankaanp\u00e4\u00e4n Maradon, sai unohdaa d\u00e4m\u00e4n viikon nuhailun vuoksi. Eip\u00e4 ole sidden puoleendoisda vuodeen mid\u00e4\u00e4n daudia olludkaan. Maanandai &hellip; <a href=\"http:\/\/www.tomirinne.fi\/?p=2089\">Continue reading <span class=\"meta-nav\">&rarr;<\/span><\/a><\/p>\n","protected":false},"author":1,"featured_media":0,"comment_status":"open","ping_status":"open","sticky":false,"template":"","format":"standard","meta":{"footnotes":""},"categories":[6],"tags":[],"class_list":["post-2089","post","type-post","status-publish","format-standard","hentry","category-treeniraportti"],"_links":{"self":[{"href":"http:\/\/www.tomirinne.fi\/index.php?rest_route=\/wp\/v2\/posts\/2089","targetHints":{"allow":["GET"]}}],"collection":[{"href":"http:\/\/www.tomirinne.fi\/index.php?rest_route=\/wp\/v2\/posts"}],"about":[{"href":"http:\/\/www.tomirinne.fi\/index.php?rest_route=\/wp\/v2\/types\/post"}],"author":[{"embeddable":true,"href":"http:\/\/www.tomirinne.fi\/index.php?rest_route=\/wp\/v2\/users\/1"}],"replies":[{"embeddable":true,"href":"http:\/\/www.tomirinne.fi\/index.php?rest_route=%2Fwp%2Fv2%2Fcomments&post=2089"}],"version-history":[{"count":0,"href":"http:\/\/www.tomirinne.fi\/index.php?rest_route=\/wp\/v2\/posts\/2089\/revisions"}],"wp:attachment":[{"href":"http:\/\/www.tomirinne.fi\/index.php?rest_route=%2Fwp%2Fv2%2Fmedia&parent=2089"}],"wp:term":[{"taxonomy":"category","embeddable":true,"href":"http:\/\/www.tomirinne.fi\/index.php?rest_route=%2Fwp%2Fv2%2Fcategories&post=2089"},{"taxonomy":"post_tag","embeddable":true,"href":"http:\/\/www.tomirinne.fi\/index.php?rest_route=%2Fwp%2Fv2%2Ftags&post=2089"}],"curies":[{"name":"wp","href":"https:\/\/api.w.org\/{rel}","templated":true}]}}