{"id":2072,"date":"2021-09-13T13:58:23","date_gmt":"2021-09-13T10:58:23","guid":{"rendered":"http:\/\/www.tomirinne.net\/?p=2072"},"modified":"2021-09-13T13:58:23","modified_gmt":"2021-09-13T10:58:23","slug":"kiilopaata-ristiin-rastiin","status":"publish","type":"post","link":"http:\/\/www.tomirinne.fi\/?p=2072","title":{"rendered":"Kiilop\u00e4\u00e4t\u00e4 ristiin rastiin"},"content":{"rendered":"<p>Viikko 36\/2021 (6.-12.9.2021)<\/p>\n<p>Ensimm\u00e4inen ruskalomaviikko Kiilop\u00e4\u00e4ll\u00e4 meni mukavasti, reilusti ulkoillessa. Eip\u00e4 oltu ainoita, jotka olivat keksineet t\u00e4m\u00e4n paikan, sill\u00e4 Kiilop\u00e4\u00e4n tunturikeskuksen parkkipaikka oli joka p\u00e4iv\u00e4 \u00e4\u00e4ri\u00e4\u00e4n my\u00f6den t\u00e4ynn\u00e4, ja lis\u00e4ksi viel\u00e4 tienposket ja muut mahdolliset parkkeerauspaikat olivat t\u00e4ynn\u00e4 kaiken kokoista autoa. Keskuksien l\u00e4hipolut olivat mummojen ja pappojen kansoittamat ja v\u00e4h\u00e4n kauempana oli s\u00e4hk\u00f6py\u00f6r\u00e4ilij\u00f6it\u00e4 ihan vaivaksi asti. Nyt kun lapin ruska on kerran n\u00e4hty, niin tarvii seuraavaksi tulla v\u00e4h\u00e4n rauhallisempaan aikaan.<\/p>\n<p>Majoituimme j\u00e4lleen Kiilop\u00e4\u00e4n keskuksen, Suomen ladun vanhoihin m\u00f6kkeihin. Tuttuja t\u00f6n\u00f6j\u00e4 useammalta edelliselt\u00e4 kerralta. Toinen harmin aihe oli ty\u00f6maa, joka oli k\u00e4ynniss\u00e4 kylm\u00e4kylpyl\u00e4n \/ savusaunan ymp\u00e4rill\u00e4. Viikolla joka &#8220;aamu&#8221; klo 8 p\u00e4r\u00e4hti moottirisaha k\u00e4yntiin, kun ty\u00f6miehet veistiv\u00e4t hirsikehikkoa. P\u00e4rin\u00e4 kesti ilta-viiteen asti &#8211; no ei nyt ehk\u00e4 ihan koko aikaa.<\/p>\n<p>S\u00e4\u00e4t olivat ihan sopivat. P\u00e4iv\u00e4l\u00e4mm\u00f6t py\u00f6ri melkein joka p\u00e4iv\u00e4 kymmenen asteen molemmin puolin. \u00d6isin kylmemp\u00e4\u00e4 ja muutama pakkasy\u00f6kin n\u00e4ytti olleen, sill\u00e4 joissain lammikoissa n\u00e4kyi pieni riite. Keskiviikko oli t\u00e4ysi sadep\u00e4iv\u00e4 ja muutamana p\u00e4iv\u00e4n\u00e4 v\u00e4h\u00e4n tihutti, mutta etenkin viikoloppu oli komean aurinkoinen ja v\u00e4h\u00e4tuulinen, jolloin ilma tuntui jopa l\u00e4mpim\u00e4lt\u00e4.<\/p>\n<p>Koirat ovat olleet j\u00e4lleen ihan innoissaan. Joka p\u00e4iv\u00e4 on tehty v\u00e4hint\u00e4\u00e4n pari lenkki\u00e4 Kiilop\u00e4\u00e4n ymp\u00e4rist\u00f6ss\u00e4. Riekkoja ja poroja on p\u00e4\u00e4sty haukkumaan, ja piuha on ollut kier\u00e4n\u00e4 joka lenkill\u00e4 ja koko ajan. Lenkit ovat olleet mitaltaan kolmesta vartista kahteen ja puoleen tuntiin, eli viikon aikana koiralenkkitunteja on tullut varmaankin parikymment\u00e4 ja kilometrej\u00e4 ehk\u00e4 80-90 km &#8211; pojilla tosin viel\u00e4 enemm\u00e4n, sill\u00e4 pitk\u00e4n piuhan p\u00e4\u00e4ss\u00e4 p\u00e4\u00e4see seilaamaan edes takaisin. Poikien painokin on varmaan pudonnut, sill\u00e4 lenkkim\u00e4\u00e4r\u00e4 on nelinkertaistunut, mutta nappulam\u00e4\u00e4r\u00e4 on pysynyt samana. Koiralenkkien lis\u00e4ksi itselle on tullut viel\u00e4 n.8.5 tuntia py\u00f6r\u00e4ily\u00e4 ja 6.5 tuntia juoksua.<\/p>\n<p><a href=\"http:\/\/www.tomirinne.net\/wp-content\/uploads\/2021\/09\/DSC_1301.jpg\"><img loading=\"lazy\" decoding=\"async\" class=\"alignnone size-medium wp-image-2076\" src=\"http:\/\/www.tomirinne.net\/wp-content\/uploads\/2021\/09\/DSC_1301-300x169.jpg\" alt=\"\" width=\"300\" height=\"169\" srcset=\"http:\/\/www.tomirinne.fi\/wp-content\/uploads\/2021\/09\/DSC_1301-300x169.jpg 300w, http:\/\/www.tomirinne.fi\/wp-content\/uploads\/2021\/09\/DSC_1301-1024x576.jpg 1024w, http:\/\/www.tomirinne.fi\/wp-content\/uploads\/2021\/09\/DSC_1301-768x432.jpg 768w, http:\/\/www.tomirinne.fi\/wp-content\/uploads\/2021\/09\/DSC_1301-1536x864.jpg 1536w, http:\/\/www.tomirinne.fi\/wp-content\/uploads\/2021\/09\/DSC_1301-2048x1152.jpg 2048w, http:\/\/www.tomirinne.fi\/wp-content\/uploads\/2021\/09\/DSC_1301-500x281.jpg 500w\" sizes=\"auto, (max-width: 300px) 100vw, 300px\" \/><\/a><\/p>\n<p>Maanantaina vein py\u00f6r\u00e4n Kiilop\u00e4\u00e4n py\u00f6r\u00e4vuokraamon huoltoon vaihteiden s\u00e4\u00e4t\u00f6\u00f6n. Itse l\u00e4hdin tekem\u00e4\u00e4n Jalon kanssa juoksulenkki\u00e4 Kakslauttasen suuntaan. Remmi oli kire\u00e4ll\u00e4 koko 13 kilometrin \/ tunnin ajan, vaikka vauhti oli 4:50 min\/km luokkaa. Vett\u00e4 tihutti koko matkan ajan, eli m\u00e4rk\u00e4\u00e4 oli meno. Ojentajat saivat my\u00f6s treeni\u00e4, kun Jaloa piti pit\u00e4\u00e4 kurissa.<\/p>\n<p>Tiistai olikin sitten hienompi p\u00e4iv\u00e4. Puolipilvist\u00e4, v\u00e4h\u00e4tuulinen ja l\u00e4mp\u00f6\u00e4kin melkein 10 astetta. L\u00e4hdin toteuttamaan yht\u00e4 reissun &#8220;must&#8221;-lenkki\u00e4, eli Rautulampi-Luulampi -juoksulenkki\u00e4. Ensimm\u00e4inen nelj\u00e4 kilometri\u00e4 on loivaa nousua, melko hyv\u00e4kuntoista hiekkauraa Niilanp\u00e4\u00e4n p\u00e4iv\u00e4tuvalle. T\u00e4m\u00e4n j\u00e4lkeen siirryt\u00e4\u00e4n kapealle ja kivikkoisella avotunturip\u00e4tk\u00e4lle jota on 7 kilometrin verran. T\u00e4m\u00e4n p\u00e4tk\u00e4n aikana noustaan ja lasketaan Niilanp\u00e4\u00e4n ja Rautup\u00e4\u00e4n rinteit\u00e4 pitkin, ennen kuin lasketaan uudistetulle ja uutisistakin tutulle Rautulammen tuvalle. Rautulammen ja Luulammen v\u00e4linen retkeilyura on 7 kilometrin mittainen. Se kulkee tunturien v\u00e4liss\u00e4, mutta sis\u00e4lt\u00e4\u00e4 silti jonkin verran nousuja ja laskuja &#8211; tosin ei mit\u00e4\u00e4n pitki\u00e4. V\u00e4yl\u00e4 on kapeaa ja paikoin tosi kivinenkin. Kev\u00e4\u00e4ll\u00e4 siin\u00e4 on varmaankin my\u00f6s paljon m\u00e4rki\u00e4 paikkoja, mutta t\u00e4h\u00e4n aikaan vuodesta ei ollut kuin yksi tunturipuron ylitys, jonka onnistuin ylitt\u00e4m\u00e4\u00e4n melko kuivin jaloin. Luulammilta onkin sitten vajaan kahden kilometrin jyrkk\u00e4 nousu Kiilop\u00e4\u00e4lle p\u00e4in ja sitten reilu kaksi kilometri\u00e4 laskua Kiilop\u00e4\u00e4n keskukselle. Reitti oli hieno ja kun viel\u00e4 kelikin suosi, niin mik\u00e4 siin\u00e4 oli h\u00f6lk\u00e4tess\u00e4. Takareidet ja pakarat olivat kyll\u00e4 loppumatkasta melko finaalissa, mutta en antanut sen haitata. Matkaa kertyi 22.3 kilometri\u00e4 ja aikaa kului 2:11, eli hieman alle kutosen vauhtia tuli menty\u00e4. Nousumetrej\u00e4 oli noin 500. Juoksulenkin p\u00e4\u00e4lle oli hieno k\u00e4yd\u00e4 seisomassa m\u00f6kin vieress\u00e4 olevan &#8220;kylm\u00e4kylpyl\u00e4n&#8221; tunturilammikossa. Veden l\u00e4mp\u00f6 oli 5-6 astetta, joten ei siell\u00e4 kovin kauaa tullut vietetty\u00e4 aikaa. P\u00e4\u00e4lle tuli tehty\u00e4 viel\u00e4 koirien kanssa kahden tunnin \/ 9 kilometrin &#8220;pissalenkki&#8221;. Eli kun aamulla tuli tehty\u00e4 ensimm\u00e4inen puolentoista tunnin koiralenkki, niin p\u00e4iv\u00e4lle tuli ihan mukavasti ulkoilua.<\/p>\n<p><a href=\"http:\/\/www.tomirinne.net\/wp-content\/uploads\/2021\/09\/20210907_121129.jpg\"><img loading=\"lazy\" decoding=\"async\" class=\"alignnone size-medium wp-image-2077\" src=\"http:\/\/www.tomirinne.net\/wp-content\/uploads\/2021\/09\/20210907_121129-300x169.jpg\" alt=\"\" width=\"300\" height=\"169\" srcset=\"http:\/\/www.tomirinne.fi\/wp-content\/uploads\/2021\/09\/20210907_121129-300x169.jpg 300w, http:\/\/www.tomirinne.fi\/wp-content\/uploads\/2021\/09\/20210907_121129-1024x577.jpg 1024w, http:\/\/www.tomirinne.fi\/wp-content\/uploads\/2021\/09\/20210907_121129-768x432.jpg 768w, http:\/\/www.tomirinne.fi\/wp-content\/uploads\/2021\/09\/20210907_121129-1536x865.jpg 1536w, http:\/\/www.tomirinne.fi\/wp-content\/uploads\/2021\/09\/20210907_121129-2048x1153.jpg 2048w, http:\/\/www.tomirinne.fi\/wp-content\/uploads\/2021\/09\/20210907_121129-500x282.jpg 500w\" sizes=\"auto, (max-width: 300px) 100vw, 300px\" \/><\/a><a href=\"http:\/\/www.tomirinne.net\/wp-content\/uploads\/2021\/09\/20210907_123013.jpg\"><img loading=\"lazy\" decoding=\"async\" class=\"alignnone size-medium wp-image-2078\" src=\"http:\/\/www.tomirinne.net\/wp-content\/uploads\/2021\/09\/20210907_123013-300x169.jpg\" alt=\"\" width=\"300\" height=\"169\" srcset=\"http:\/\/www.tomirinne.fi\/wp-content\/uploads\/2021\/09\/20210907_123013-300x169.jpg 300w, http:\/\/www.tomirinne.fi\/wp-content\/uploads\/2021\/09\/20210907_123013-1024x577.jpg 1024w, http:\/\/www.tomirinne.fi\/wp-content\/uploads\/2021\/09\/20210907_123013-768x432.jpg 768w, http:\/\/www.tomirinne.fi\/wp-content\/uploads\/2021\/09\/20210907_123013-1536x865.jpg 1536w, http:\/\/www.tomirinne.fi\/wp-content\/uploads\/2021\/09\/20210907_123013-2048x1153.jpg 2048w, http:\/\/www.tomirinne.fi\/wp-content\/uploads\/2021\/09\/20210907_123013-500x282.jpg 500w\" sizes=\"auto, (max-width: 300px) 100vw, 300px\" \/><\/a><\/p>\n<p><a href=\"http:\/\/www.tomirinne.net\/wp-content\/uploads\/2021\/09\/20210907_123903.jpg\"><img loading=\"lazy\" decoding=\"async\" class=\"alignnone size-medium wp-image-2079\" src=\"http:\/\/www.tomirinne.net\/wp-content\/uploads\/2021\/09\/20210907_123903-300x169.jpg\" alt=\"\" width=\"300\" height=\"169\" srcset=\"http:\/\/www.tomirinne.fi\/wp-content\/uploads\/2021\/09\/20210907_123903-300x169.jpg 300w, http:\/\/www.tomirinne.fi\/wp-content\/uploads\/2021\/09\/20210907_123903-1024x577.jpg 1024w, http:\/\/www.tomirinne.fi\/wp-content\/uploads\/2021\/09\/20210907_123903-768x432.jpg 768w, http:\/\/www.tomirinne.fi\/wp-content\/uploads\/2021\/09\/20210907_123903-1536x865.jpg 1536w, http:\/\/www.tomirinne.fi\/wp-content\/uploads\/2021\/09\/20210907_123903-2048x1153.jpg 2048w, http:\/\/www.tomirinne.fi\/wp-content\/uploads\/2021\/09\/20210907_123903-500x282.jpg 500w\" sizes=\"auto, (max-width: 300px) 100vw, 300px\" \/><\/a><\/p>\n<p>Keskiviikko oli vuorostaan sadep\u00e4iv\u00e4. Koko p\u00e4iv\u00e4n sateli vett\u00e4, eik\u00e4 ulkona tullut k\u00e4yty\u00e4 kuin muutaman kerran koirien kanssa. Tosin kertyi niist\u00e4kin kolmisen tuntia k\u00e4vely\u00e4. K\u00e4ytiin my\u00f6s py\u00f6r\u00e4nt\u00e4m\u00e4ss\u00e4 autolla Ivalossa. Muuten vain s\u00e4hkyss\u00e4 p\u00f6tk\u00f6ttely\u00e4.<\/p>\n<p>Torstaina p\u00e4\u00e4sin ensimm\u00e4ist\u00e4 kertaa py\u00f6r\u00e4lenkille. Pient\u00e4 sateen uhkaa oli ilmassa ja lenkin puoliv\u00e4liss\u00e4 v\u00e4h\u00e4n aikaa tihuttelinkin, mutta takki oli m\u00e4rempi sis\u00e4puolelta kuin ulkopuolelta. Poljin Kiilop\u00e4\u00e4lt\u00e4 ensin Laanilan kautta Kaunisp\u00e4\u00e4n huipulle, josta sitten laskin kohti Moitakurua. Tosin ensin piti nousta Palop\u00e4\u00e4n huipulle. Moitakurusta poljin Luttotuvan kautta takaisin Saarisel\u00e4n keskustaan, josta suuntasin kohti Rumakurua ja Luulampia. Luulammin nousu oli polkien rankempi kuin edellisen\u00e4 p\u00e4iv\u00e4n\u00e4 juosten, pieni p\u00e4tk\u00e4 piti jopa taluttaa, kun nousukulma oli sen verran kova, ettei kantti riitt\u00e4nyt polkea. Matkaa kertyi 53 kilometri\u00e4 ja aikaa kului 3:20. Juomapullokin unohtui ottaa mukaan, mutta onneksi ei ollut hellep\u00e4iv\u00e4. Reitti oli p\u00e4\u00e4sin helppokulkuista vaikka siin\u00e4 olikin reilu 800 nousumetri\u00e4.<\/p>\n<p>Perjantaina tein toisen ennakkoon suunnitellun lenkin, kun k\u00e4vin polkemassa &#8220;toispuollen&#8221; 4-tiet\u00e4 olevan kultareitin. Pohjiksi otin ensin Niilanp\u00e4\u00e4n p\u00e4iv\u00e4tuvan lenkin, ennen kuin siirryin kultareitille. Matkan varrella n\u00e4kyi sek\u00e4 poroja, ett\u00e4 kultavaltauksia, jotka n\u00e4yttiv\u00e4t olevan edelleen ihan toiminnassa. Suurimmaksi osaksi reitti oli j\u00e4lleen hyv\u00e4kulkuista, mutta jokunen tunkkausp\u00e4tk\u00e4kin l\u00f6ytyi. 4-tien uudelleen ylityksen j\u00e4lkeen poljin mett\u00e4polkuja pitkin Ahop\u00e4ille, jonka sitten my\u00f6s ylitin. Ahop\u00e4iden kivinen nousukin onnistui l\u00e4hes kokonaan ilman taluttamista. Matkaa kertyi 32 kilometri\u00e4 ja aikaa kului 2:23. P\u00e4\u00e4lle k\u00e4vin viel\u00e4 juoksemassa vajaan 11 kilometri\u00e4. P\u00e4\u00e4osa oli hyv\u00e4kuntoista latupohjaa, mutta jokunen kilometri oli pienemp\u00e4\u00e4 mets\u00e4polkua. Lenkkien p\u00e4\u00e4lle oli j\u00e4lleen mukava k\u00e4yd\u00e4 seisomassa kylm\u00e4kylpyl\u00e4n lammikossa. P\u00e4iv\u00e4 oli j\u00e4lleen komean aurinkoinen.<\/p>\n<p><a href=\"http:\/\/www.tomirinne.net\/wp-content\/uploads\/2021\/09\/20210910_133316.jpg\"><img loading=\"lazy\" decoding=\"async\" class=\"alignnone size-medium wp-image-2080\" src=\"http:\/\/www.tomirinne.net\/wp-content\/uploads\/2021\/09\/20210910_133316-300x169.jpg\" alt=\"\" width=\"300\" height=\"169\" srcset=\"http:\/\/www.tomirinne.fi\/wp-content\/uploads\/2021\/09\/20210910_133316-300x169.jpg 300w, http:\/\/www.tomirinne.fi\/wp-content\/uploads\/2021\/09\/20210910_133316-1024x577.jpg 1024w, http:\/\/www.tomirinne.fi\/wp-content\/uploads\/2021\/09\/20210910_133316-768x432.jpg 768w, http:\/\/www.tomirinne.fi\/wp-content\/uploads\/2021\/09\/20210910_133316-1536x865.jpg 1536w, http:\/\/www.tomirinne.fi\/wp-content\/uploads\/2021\/09\/20210910_133316-2048x1153.jpg 2048w, http:\/\/www.tomirinne.fi\/wp-content\/uploads\/2021\/09\/20210910_133316-500x282.jpg 500w\" sizes=\"auto, (max-width: 300px) 100vw, 300px\" \/><\/a><\/p>\n<p>Lauantaikin oli j\u00e4lleen aurinkoinen. Kylm\u00e4n y\u00f6n j\u00e4lkeen jokunen varjoinen lammikko oli riitteess\u00e4. Aamulla k\u00e4vimme tekem\u00e4ss\u00e4 koirien kanssa 2,5 tunnin k\u00e4velylenkin Rumakurulla ja avotuntureilla. T\u00e4m\u00e4n p\u00e4\u00e4lle l\u00e4hdimme Tuulin kanssa yhteiselle py\u00f6r\u00e4lenkille. Ensin poljimme Laanilan kautta Saarisel\u00e4lle. Sitten jokun kilometri 4-tiet\u00e4 pitkin museotielle. Museotien j\u00e4lkeen nousimme esin Urup\u00e4ille, sitten lasku alas ja kapuaminen Kaunisp\u00e4\u00e4n huipulle. Kaunisp\u00e4\u00e4ll\u00e4 s\u00f6imme lohisopat ja munkit, jonka j\u00e4lkeen jaksoi taas polkea takaisin Kiilop\u00e4\u00e4lle. Ajoaika oli v\u00e4h\u00e4n vajaat kolme tuntia ja matkaa kertyi 46 kilometri\u00e4. Nousumetrej\u00e4 oli 720.<\/p>\n<p><a href=\"http:\/\/www.tomirinne.net\/wp-content\/uploads\/2021\/09\/20210911_104433.jpg\"><img loading=\"lazy\" decoding=\"async\" class=\"alignnone size-medium wp-image-2081\" src=\"http:\/\/www.tomirinne.net\/wp-content\/uploads\/2021\/09\/20210911_104433-300x169.jpg\" alt=\"\" width=\"300\" height=\"169\" srcset=\"http:\/\/www.tomirinne.fi\/wp-content\/uploads\/2021\/09\/20210911_104433-300x169.jpg 300w, http:\/\/www.tomirinne.fi\/wp-content\/uploads\/2021\/09\/20210911_104433-1024x577.jpg 1024w, http:\/\/www.tomirinne.fi\/wp-content\/uploads\/2021\/09\/20210911_104433-768x432.jpg 768w, http:\/\/www.tomirinne.fi\/wp-content\/uploads\/2021\/09\/20210911_104433-1536x865.jpg 1536w, http:\/\/www.tomirinne.fi\/wp-content\/uploads\/2021\/09\/20210911_104433-2048x1153.jpg 2048w, http:\/\/www.tomirinne.fi\/wp-content\/uploads\/2021\/09\/20210911_104433-500x282.jpg 500w\" sizes=\"auto, (max-width: 300px) 100vw, 300px\" \/><\/a><\/p>\n<p>Sunnuntaikaan ei ollut s\u00e4\u00e4n puolesta yht\u00e4\u00e4n edellisi\u00e4 heikompi. Aurinko paistoi ja muutenkin sopiva keli pitk\u00e4lle juoksulenkille. Reitti kulki Kiilop\u00e4\u00e4lt\u00e4 ensin Laanilaan, sielt\u00e4 Piispanojan kodan kautta Iisakkip\u00e4\u00e4n juurelle, josta Rumakurun kautta j\u00e4lleen Luulammille ja nousu ja lasku takaisin Kiilop\u00e4\u00e4lle. Matkaa kertyi 25.4 kilometri\u00e4 ja aikaa kului 2:10. Reitti oli p\u00e4\u00e4osin hyv\u00e4kulkuista latupohjaa, mutta muutaman kilometrin p\u00e4tk\u00e4 oli melko kivikkoista. Ja sitten tietenkin Luulammin nousu, joka on ponnistus sin\u00e4ns\u00e4. Yhteens\u00e4 nousumetrej\u00e4 oli vajaat 400, joista Luulammin noususta kertyi l\u00e4hes puolet. Kylm\u00e4kylpyl\u00e4ss\u00e4 seikoskelu teki lenkin p\u00e4\u00e4lle j\u00e4lleen kutaa.<\/p>\n","protected":false},"excerpt":{"rendered":"<p>Viikko 36\/2021 (6.-12.9.2021) Ensimm\u00e4inen ruskalomaviikko Kiilop\u00e4\u00e4ll\u00e4 meni mukavasti, reilusti ulkoillessa. Eip\u00e4 oltu ainoita, jotka olivat keksineet t\u00e4m\u00e4n paikan, sill\u00e4 Kiilop\u00e4\u00e4n tunturikeskuksen parkkipaikka oli joka p\u00e4iv\u00e4 \u00e4\u00e4ri\u00e4\u00e4n my\u00f6den t\u00e4ynn\u00e4, ja lis\u00e4ksi viel\u00e4 tienposket ja muut mahdolliset parkkeerauspaikat olivat t\u00e4ynn\u00e4 kaiken kokoista &hellip; <a href=\"http:\/\/www.tomirinne.fi\/?p=2072\">Continue reading <span class=\"meta-nav\">&rarr;<\/span><\/a><\/p>\n","protected":false},"author":1,"featured_media":0,"comment_status":"open","ping_status":"open","sticky":false,"template":"","format":"standard","meta":{"footnotes":""},"categories":[6],"tags":[],"class_list":["post-2072","post","type-post","status-publish","format-standard","hentry","category-treeniraportti"],"_links":{"self":[{"href":"http:\/\/www.tomirinne.fi\/index.php?rest_route=\/wp\/v2\/posts\/2072","targetHints":{"allow":["GET"]}}],"collection":[{"href":"http:\/\/www.tomirinne.fi\/index.php?rest_route=\/wp\/v2\/posts"}],"about":[{"href":"http:\/\/www.tomirinne.fi\/index.php?rest_route=\/wp\/v2\/types\/post"}],"author":[{"embeddable":true,"href":"http:\/\/www.tomirinne.fi\/index.php?rest_route=\/wp\/v2\/users\/1"}],"replies":[{"embeddable":true,"href":"http:\/\/www.tomirinne.fi\/index.php?rest_route=%2Fwp%2Fv2%2Fcomments&post=2072"}],"version-history":[{"count":0,"href":"http:\/\/www.tomirinne.fi\/index.php?rest_route=\/wp\/v2\/posts\/2072\/revisions"}],"wp:attachment":[{"href":"http:\/\/www.tomirinne.fi\/index.php?rest_route=%2Fwp%2Fv2%2Fmedia&parent=2072"}],"wp:term":[{"taxonomy":"category","embeddable":true,"href":"http:\/\/www.tomirinne.fi\/index.php?rest_route=%2Fwp%2Fv2%2Fcategories&post=2072"},{"taxonomy":"post_tag","embeddable":true,"href":"http:\/\/www.tomirinne.fi\/index.php?rest_route=%2Fwp%2Fv2%2Ftags&post=2072"}],"curies":[{"name":"wp","href":"https:\/\/api.w.org\/{rel}","templated":true}]}}