{"id":1814,"date":"2007-10-14T16:38:32","date_gmt":"2007-10-14T13:38:32","guid":{"rendered":"http:\/\/localhost\/wordpress\/?p=137"},"modified":"2007-10-14T16:38:32","modified_gmt":"2007-10-14T13:38:32","slug":"ensilumi-tuli-ja-meni","status":"publish","type":"post","link":"http:\/\/www.tomirinne.fi\/?p=1814","title":{"rendered":"Ensilumi tuli ja meni"},"content":{"rendered":"<p>Perjantaiaamuna ulkona odotti mukava yll\u00e4tys, kun maa oli ensikertaa t\u00e4n\u00e4syksyn\u00e4 valkoisena. Y\u00f6ll\u00e4 oli tosiaan satanut muutama sentti lunta. Ei sill\u00e4 m\u00e4\u00e4r\u00e4ll\u00e4 tosin viel\u00e4 hiiht\u00e4mist\u00e4 kannattanut ajatella, mutta oikeaan suuntaa ollaan taas menossa. T\u00e4n\u00e4\u00e4n sunnuntaina tuleekin taas taivaan t\u00e4ydelt\u00e4 vett\u00e4 ja viimeisetkin lumet alkavat h\u00e4vit\u00e4 nurmikolta.<\/p>\n<p><a href=\"http:\/\/blufiles.storage.live.com\/y1ptyG2iX3gcOOC9rZzEGB7OpWPC9aNNZDzUQBfkNK8izy4P2OexPpgxZnT2vVWmD0IaKSxy5aBlcs\" target=\"_blank\" rel=\"noopener\"><img loading=\"lazy\" decoding=\"async\" src=\"http:\/\/blufiles.storage.live.com\/y1ptyG2iX3gcOOC9rZzEGB7OpWPC9aNNZDzUQBfkNK8izy4P2OexPpgxZnT2vVWmD0IaKSxy5aBlcs\" alt=\"2007_10120096\" width=\"267\" height=\"200\" \/><\/a><\/p>\n<p>Harjoitusviikko oli samanlainen kuin edellinenkin, eli pari kertaa py\u00f6r\u00e4ll\u00e4 t\u00f6iss\u00e4 ja pari salituntia. Lauantainan tuli tehty\u00e4 7,5 km k\u00e4velylenkki ja samalla v\u00e4h\u00e4n kokeiltua jalan kest\u00e4vyytt\u00e4&#8230; polvi ei tyk\u00e4nnyt. Ei siis mit\u00e4\u00e4n uutta sill\u00e4 rintamalla.<\/p>\n<p>Maanantaina k\u00e4vin tapaamassa yht\u00e4 fysioterapeuttia toivoen, ett\u00e4 h\u00e4n l\u00f6yt\u00e4isi jotain mik\u00e4 aiheuttaa i\u00e4nikuiset jalkavaivani. Mit\u00e4\u00e4n mullistavaa ei ainakaan heti l\u00f6ytynyt, mutta ilmeisesti k\u00e4ytt\u00e4m\u00e4ni tukipohjalliset ovat voineet heikent\u00e4\u00e4n jalkapohjan lihaksiani, ja siten vaikuttaa my\u00f6s juoksuaskeleeseen. Tasapainolautailua ja jalkojen koordinaatioharjoituksia minulle m\u00e4\u00e4r\u00e4ttiin ensih\u00e4t\u00e4\u00e4n. Ensiviikolla pit\u00e4isi menn\u00e4 uudestaan, joten tutkimukset jatkuvat<\/p>\n<p>Maananaina my\u00f6s vietiin Tuulin kanssa kummipoika Emil ensimm\u00e4ist\u00e4 kertaa suunnistamaan. Se oli ihan mukava reissu, sill\u00e4 Lammimp\u00e4\u00e4ss\u00e4 on sen verran helppoa maastoa, ett\u00e4 suunnistuksen aloittaminen k\u00e4y helposti. Kahden kilometrin matka meni yll\u00e4tt\u00e4v\u00e4nkin mukavasti ja Emil tuntui tykk\u00e4\u00e4v\u00e4n. Kartta opittiin k\u00e4\u00e4nt\u00e4m\u00e4\u00e4n oikein p\u00e4in ja oikeat polut l\u00f6ytyiv\u00e4t. Ja rastin l\u00f6ytyminenh\u00e4n oli se tosi mahtava asia. Harmi vaan kun kausi on lopuillaan, sill\u00e4 Emil olisi halunnut l\u00e4hte\u00e4 toistekin. Toivottavasti into s\u00e4ilyy kev\u00e4\u00e4seen asti.<\/p>\n<p>Koska jonnekin t\u00e4t\u00e4 kertynytt\u00e4 energiaa pit\u00e4\u00e4 kuluttaa, niin lauantaina p\u00e4r\u00e4ytin taas moottorisahan k\u00e4yntiin ja aloin &#8220;mett\u00e4hommat&#8221;. Puuta nurin, p\u00e4tkiksi ja pinoon. Siin\u00e4 sit\u00e4 hiki virtaa ja mieli lep\u00e4\u00e4. Harmi vaan kun p\u00e4iv\u00e4t ovat jo sen verran lyhyit\u00e4, ett\u00e4 viikolla ei oikein puuhommia ehdi tekem\u00e4\u00e4n.<\/p>\n<p>\u00a0<a href=\"http:\/\/blufiles.storage.live.com\/y1ptyG2iX3gcOPbxkvO2UxaAWovbeoILayAAzGsyp9XZ2vJHByzmqWMgjtHwC4-0XQTMhRCAXc19EI\" target=\"_blank\" rel=\"noopener\"><img loading=\"lazy\" decoding=\"async\" src=\"http:\/\/blufiles.storage.live.com\/y1ptyG2iX3gcOPbxkvO2UxaAWovbeoILayAAzGsyp9XZ2vJHByzmqWMgjtHwC4-0XQTMhRCAXc19EI\" alt=\"2007_10120002\" width=\"267\" height=\"200\" \/><\/a><\/p>\n","protected":false},"excerpt":{"rendered":"<p>Perjantaiaamuna ulkona odotti mukava yll\u00e4tys, kun maa oli ensikertaa t\u00e4n\u00e4syksyn\u00e4 valkoisena. Y\u00f6ll\u00e4 oli tosiaan satanut muutama sentti lunta. Ei sill\u00e4 m\u00e4\u00e4r\u00e4ll\u00e4 tosin viel\u00e4 hiiht\u00e4mist\u00e4 kannattanut ajatella, mutta oikeaan suuntaa ollaan taas menossa. T\u00e4n\u00e4\u00e4n sunnuntaina tuleekin taas taivaan t\u00e4ydelt\u00e4 vett\u00e4 ja &hellip; <a href=\"http:\/\/www.tomirinne.fi\/?p=1814\">Continue reading <span class=\"meta-nav\">&rarr;<\/span><\/a><\/p>\n","protected":false},"author":1,"featured_media":0,"comment_status":"open","ping_status":"open","sticky":false,"template":"","format":"standard","meta":{"footnotes":""},"categories":[6],"tags":[],"class_list":["post-1814","post","type-post","status-publish","format-standard","hentry","category-treeniraportti"],"_links":{"self":[{"href":"http:\/\/www.tomirinne.fi\/index.php?rest_route=\/wp\/v2\/posts\/1814","targetHints":{"allow":["GET"]}}],"collection":[{"href":"http:\/\/www.tomirinne.fi\/index.php?rest_route=\/wp\/v2\/posts"}],"about":[{"href":"http:\/\/www.tomirinne.fi\/index.php?rest_route=\/wp\/v2\/types\/post"}],"author":[{"embeddable":true,"href":"http:\/\/www.tomirinne.fi\/index.php?rest_route=\/wp\/v2\/users\/1"}],"replies":[{"embeddable":true,"href":"http:\/\/www.tomirinne.fi\/index.php?rest_route=%2Fwp%2Fv2%2Fcomments&post=1814"}],"version-history":[{"count":0,"href":"http:\/\/www.tomirinne.fi\/index.php?rest_route=\/wp\/v2\/posts\/1814\/revisions"}],"wp:attachment":[{"href":"http:\/\/www.tomirinne.fi\/index.php?rest_route=%2Fwp%2Fv2%2Fmedia&parent=1814"}],"wp:term":[{"taxonomy":"category","embeddable":true,"href":"http:\/\/www.tomirinne.fi\/index.php?rest_route=%2Fwp%2Fv2%2Fcategories&post=1814"},{"taxonomy":"post_tag","embeddable":true,"href":"http:\/\/www.tomirinne.fi\/index.php?rest_route=%2Fwp%2Fv2%2Ftags&post=1814"}],"curies":[{"name":"wp","href":"https:\/\/api.w.org\/{rel}","templated":true}]}}