{"id":151,"date":"2009-01-12T17:54:46","date_gmt":"2009-01-12T14:54:46","guid":{"rendered":"http:\/\/www.tomirinne.net\/blogi\/?p=151"},"modified":"2009-01-12T17:54:46","modified_gmt":"2009-01-12T14:54:46","slug":"sairauskertomus-jatkuu","status":"publish","type":"post","link":"http:\/\/www.tomirinne.fi\/?p=151","title":{"rendered":"Sairauskertomus jatkuu&#8230;"},"content":{"rendered":"<p>Sen verran usein vaivoistani t\u00e4\u00e4ll\u00e4 valitan, ett\u00e4 harrastus-blogi nimi pit\u00e4isi muuttaa sairauskertomus-blogiksi. Eik\u00e4 tuo muutosta t\u00e4m\u00e4k\u00e4\u00e4n kerta. M\u00e4nn\u00e4 viikon vaivalista on sen verran monipuolinen, ett\u00e4 ei tied\u00e4 itke\u00e4k\u00f6 vai nauraakko.<\/p>\n<p>Viikko alkoi viel\u00e4 loman merkeiss\u00e4 &#8211; maanantai saldovapaata ja tiistaina oli Loppiainen. Maanantaina puoliltap\u00e4ivin alkoi ranteita pistelem\u00e4\u00e4n siihen malliin, ett\u00e4 tiesin kuumeen olevan nousemassa (Tuuli oli ollut aamusta asti kuumeessa). Iltaa kohden olo vain heikkeni, ja ainoa joka jaksoi minut kammeta makuulta yl\u00f6s oli, ett\u00e4 vatsa pakotti p\u00f6nt\u00f6lle. Illalla oli ty\u00f6 ja tuska p\u00e4\u00e4st\u00e4 alakerrasta yl\u00f6s nukkumaan.<\/p>\n<p>Tiistaina kuumetta ei sitten en\u00e4\u00e4 ollut, mutta veto oli poissa ja vatsa oli aikas kuralla. Keskiviikkona raahauduin ensimm\u00e4ist\u00e4 kertaa pariin viikkoon t\u00f6ihin. Muuten oli ihan ok olo, mutta vessan kutsuun piti vastata viipym\u00e4tt\u00e4.<\/p>\n<p>Torstaina alkoi jo vessanp\u00f6ntt\u00f6 kolisemaan normaaliin tapaan, joten ajattelin l\u00e4hte\u00e4 t\u00f6iden j\u00e4lkeen juoksulenkille. Heti lenkin alusta asti pallean\/vatsan seudulla oli kipua tai kramppaava tunne joten lenkki j\u00e4i 6 km mittaiseksi. Loppuilta olikin sitten outo olo, v\u00e4h\u00e4n niinkuin ahdisti ja syv\u00e4\u00e4n hengitys tuotti kipua.<\/p>\n<p>Perjantaina sama ahdistava olo ja kivut pallean\/vatsan seudulla jatkuivat. Ty\u00f6matkapy\u00f6r\u00e4ily ja salilla k\u00e4ynti eiv\u00e4t tuntuneet erityisen pahalta.<\/p>\n<p>Lauantaina avasin kunnolla hiihtokauden ja tein 25 km lenkin. Alkumatkasta oli viel\u00e4 outoja tuntemuksia, mutta loppumatkasta ne olivat h\u00e4vinneet.<\/p>\n<p>Sunnuntaille olin suunnitellut paria lenkki\u00e4 joten tein 25 km:n hiihtolenkin heti aamusta. Jo her\u00e4tess\u00e4 p\u00e4\u00e4t\u00e4 v\u00e4h\u00e4n s\u00e4rki, mutta hiihtolenkki tuli kuitenkin tehty\u00e4. P\u00e4iv\u00e4n mittaan jyske p\u00e4\u00e4ss\u00e4 vain paheni ja alkuillasta p\u00e4\u00e4 oli halkeamispisteess\u00e4. Toinen lenkki sai j\u00e4\u00e4d\u00e4 v\u00e4liin sill\u00e4 silmien liikuttelukin teki kipe\u00e4\u00e4.<\/p>\n<p>Niin ja kaiken t\u00e4m\u00e4n lis\u00e4ksi jalkapohjakin on edelleen kipe\u00e4.<\/p>\n<p>Ett\u00e4 t\u00e4llainen viikko t\u00e4ll\u00e4 kertaa&#8230;<\/p>\n<p><strong>Palapeliuutisia<\/strong>:<br \/>\nKuumailmapallojen ja purjeveneiden kasaus jatkui koko viikon ajan. K\u00e4ytetty tuntim\u00e4\u00e4r\u00e4 pieneni reilusti edellisest\u00e4 viikosta, sill\u00e4 pahimpina sairastelup\u00e4ivin\u00e4 ei oikein intoa kasaukseen riitt\u00e4nyt. Ja t\u00f6iss\u00e4kin piti k\u00e4yd\u00e4.<\/p>\n<p><a href=\"http:\/\/www.tomirinne.net\/blogi\/wp-content\/uploads\/2009\/01\/dsc00519.jpg\"><img loading=\"lazy\" decoding=\"async\" class=\"alignnone size-medium wp-image-152\" title=\"dsc00519\" src=\"http:\/\/www.tomirinne.net\/blogi\/wp-content\/uploads\/2009\/01\/dsc00519-225x300.jpg\" alt=\"\" width=\"225\" height=\"300\" srcset=\"http:\/\/www.tomirinne.fi\/wp-content\/uploads\/2009\/01\/dsc00519-225x300.jpg 225w, http:\/\/www.tomirinne.fi\/wp-content\/uploads\/2009\/01\/dsc00519-768x1024.jpg 768w, http:\/\/www.tomirinne.fi\/wp-content\/uploads\/2009\/01\/dsc00519-1152x1536.jpg 1152w, http:\/\/www.tomirinne.fi\/wp-content\/uploads\/2009\/01\/dsc00519-1536x2048.jpg 1536w, http:\/\/www.tomirinne.fi\/wp-content\/uploads\/2009\/01\/dsc00519-1568x2091.jpg 1568w, http:\/\/www.tomirinne.fi\/wp-content\/uploads\/2009\/01\/dsc00519-scaled.jpg 1920w\" sizes=\"auto, (max-width: 225px) 100vw, 225px\" \/><\/a><\/p>\n","protected":false},"excerpt":{"rendered":"<p>Sen verran usein vaivoistani t\u00e4\u00e4ll\u00e4 valitan, ett\u00e4 harrastus-blogi nimi pit\u00e4isi muuttaa sairauskertomus-blogiksi. Eik\u00e4 tuo muutosta t\u00e4m\u00e4k\u00e4\u00e4n kerta. M\u00e4nn\u00e4 viikon vaivalista on sen verran monipuolinen, ett\u00e4 ei tied\u00e4 itke\u00e4k\u00f6 vai nauraakko. Viikko alkoi viel\u00e4 loman merkeiss\u00e4 &#8211; maanantai saldovapaata ja tiistaina &hellip; <a href=\"http:\/\/www.tomirinne.fi\/?p=151\">Continue reading <span class=\"meta-nav\">&rarr;<\/span><\/a><\/p>\n","protected":false},"author":1,"featured_media":0,"comment_status":"open","ping_status":"open","sticky":false,"template":"","format":"standard","meta":{"footnotes":""},"categories":[6],"tags":[],"class_list":["post-151","post","type-post","status-publish","format-standard","hentry","category-treeniraportti"],"_links":{"self":[{"href":"http:\/\/www.tomirinne.fi\/index.php?rest_route=\/wp\/v2\/posts\/151","targetHints":{"allow":["GET"]}}],"collection":[{"href":"http:\/\/www.tomirinne.fi\/index.php?rest_route=\/wp\/v2\/posts"}],"about":[{"href":"http:\/\/www.tomirinne.fi\/index.php?rest_route=\/wp\/v2\/types\/post"}],"author":[{"embeddable":true,"href":"http:\/\/www.tomirinne.fi\/index.php?rest_route=\/wp\/v2\/users\/1"}],"replies":[{"embeddable":true,"href":"http:\/\/www.tomirinne.fi\/index.php?rest_route=%2Fwp%2Fv2%2Fcomments&post=151"}],"version-history":[{"count":0,"href":"http:\/\/www.tomirinne.fi\/index.php?rest_route=\/wp\/v2\/posts\/151\/revisions"}],"wp:attachment":[{"href":"http:\/\/www.tomirinne.fi\/index.php?rest_route=%2Fwp%2Fv2%2Fmedia&parent=151"}],"wp:term":[{"taxonomy":"category","embeddable":true,"href":"http:\/\/www.tomirinne.fi\/index.php?rest_route=%2Fwp%2Fv2%2Fcategories&post=151"},{"taxonomy":"post_tag","embeddable":true,"href":"http:\/\/www.tomirinne.fi\/index.php?rest_route=%2Fwp%2Fv2%2Ftags&post=151"}],"curies":[{"name":"wp","href":"https:\/\/api.w.org\/{rel}","templated":true}]}}